{"id":326652,"date":"2024-10-27T16:40:02","date_gmt":"2024-10-27T15:40:02","guid":{"rendered":"https:\/\/zakrasnejsivimperk.cz\/?p=326652"},"modified":"2024-10-27T16:40:02","modified_gmt":"2024-10-27T15:40:02","slug":"z-prvni-ruky-sprava-np-sumava-je-pripravena-na-reseni-konfliktnich-situaci-s-problemovymi-vlky","status":"publish","type":"post","link":"https:\/\/zakrasnejsivimperk.cz\/?p=326652","title":{"rendered":"Z PRVN\u00cd RUKY: Spr\u00e1va NP \u0160umava je p\u0159ipravena na \u0159e\u0161en\u00ed konfliktn\u00edch situac\u00ed s \u201eprobl\u00e9mov\u00fdmi\u201c vlky"},"content":{"rendered":"<h6 data-wp-editing=\"1\"><img loading=\"lazy\" decoding=\"async\" class=\"alignleft wp-image-97958 size-thumbnail\" src=\"https:\/\/zakrasnejsivimperk.cz\/wp-content\/uploads\/2017\/05\/15\/logo-nps-150x150.jpg\" alt=\"\" width=\"150\" height=\"150\" srcset=\"https:\/\/zakrasnejsivimperk.cz\/wp-content\/uploads\/2017\/05\/15\/logo-nps-150x150.jpg 150w, https:\/\/zakrasnejsivimperk.cz\/wp-content\/uploads\/2017\/05\/15\/logo-nps-300x300.jpg 300w, https:\/\/zakrasnejsivimperk.cz\/wp-content\/uploads\/2017\/05\/15\/logo-nps-768x768.jpg 768w, https:\/\/zakrasnejsivimperk.cz\/wp-content\/uploads\/2017\/05\/15\/logo-nps-357x357.jpg 357w, https:\/\/zakrasnejsivimperk.cz\/wp-content\/uploads\/2017\/05\/15\/logo-nps-483x483.jpg 483w, https:\/\/zakrasnejsivimperk.cz\/wp-content\/uploads\/2017\/05\/15\/logo-nps-210x210.jpg 210w, https:\/\/zakrasnejsivimperk.cz\/wp-content\/uploads\/2017\/05\/15\/logo-nps.jpg 960w\" sizes=\"(max-width: 150px) 100vw, 150px\" \/>Spr\u00e1va N\u00e1rodn\u00edho parku \u0160umava u\u017e m\u00e1 k dispozici n\u00e1stroje, kter\u00e9 lze uplatnit v p\u0159\u00edpad\u011b, \u017ee by se na \u00fazem\u00ed N\u00e1rodn\u00edho parku \u0160umava objevili vlci s problematick\u00fdm chov\u00e1n\u00edm. M\u016f\u017ee je nap\u0159\u00edklad pla\u0161it r\u016fzn\u00fdmi prost\u0159edky, jako jsou nap\u0159\u00edklad gumov\u00e9 projektily, odchyt\u00e1vat a v nejz\u00e1va\u017en\u011bj\u0161\u00edch situac\u00edch tak\u00e9 utratit.<\/h6>\n<p><em>\u201eKa\u017ed\u00fd, kdo se setk\u00e1 s problematick\u00fdm chov\u00e1n\u00ed vlka na \u00fazem\u00ed N\u00e1rodn\u00edho parku \u0160umava by m\u011bl takov\u00e9 pozorov\u00e1n\u00ed neprodlen\u011b hl\u00e1sit na p\u0159\u00edslu\u0161n\u00e9 adrese. Zoologov\u00e9 budou pak vyhodnocovat chov\u00e1n\u00ed vlk\u016f, kter\u00e9 bu\u010f nahl\u00e1s\u00ed ve\u0159ejnost, nebo kter\u00e9 zjist\u00ed v pr\u016fb\u011bhu sv\u00e9 pracovn\u00ed \u010dinnosti. Cel\u00fd proces vyhodnocov\u00e1n\u00ed je p\u0159esn\u011b pops\u00e1n v platn\u00e9m pohotovostn\u00edm pl\u00e1nu pro \u0159e\u0161en\u00ed situac\u00ed p\u0159i v\u00fdskytu problematick\u00fdch jedinc\u016f vlka obecn\u00e9ho, kter\u00fd vydalo Ministerstvo \u017eivotn\u00edho prost\u0159ed\u00ed,\u201c<\/em> vysv\u011btluje mluv\u010d\u00ed Spr\u00e1vy NP \u0160umava Jan Dvo\u0159\u00e1k.<\/p>\n<p><em>\u201eSou\u010dasn\u011b Spr\u00e1va NP \u0160umava vydala opat\u0159en\u00ed obecn\u00e9 povahy, na z\u00e1klad\u011b kter\u00e9ho bude mo\u017en\u00e9 na \u00fazem\u00ed n\u00e1rodn\u00edho parku a chr\u00e1n\u011bn\u00e9 krajinn\u00e9 oblasti \u0160umava problematick\u00e9 vlky c\u00edlen\u011b pla\u0161it, odchyt\u00e1vat, nebo dokonce v krajn\u00ed situaci odstranit z populace. K odchytu a odstran\u011bn\u00ed jedince z populace na \u00fazem\u00ed n\u00e1rodn\u00edho parku bude p\u0159itom opr\u00e1vn\u011bn pouze dr\u017eitel zvl\u00e1\u0161tn\u00edho rozhodnut\u00ed,\u201c<\/em> dopl\u0148uje mluv\u010d\u00ed.<\/p>\n<p>Aby mohli b\u00fdt problemati\u010dt\u00ed jedinci pla\u0161eni, odchyt\u00e1v\u00e1ni nebo dokonce uloveni, mus\u00ed vykazovat jasn\u011b vyjmenovan\u00e9 a popsan\u00e9 znaky, kter\u00e9 vybo\u010duj\u00ed ze sv\u00fdch p\u0159irozen\u00fdch vzorc\u016f chov\u00e1n\u00ed \u010di instinkt\u016f. Nap\u0159\u00edklad ztrat\u00ed plachost a stanou se pro lidi nebezpe\u010dn\u00fdmi. T\u00edmto opat\u0159en\u00edm bude z\u00e1rove\u0148 mo\u017en\u00e9 eliminovat v\u00fdskyt p\u0159\u00edpadn\u00fdch k\u0159\u00ed\u017eenc\u016f vlka se psem, kte\u0159\u00ed jsou na \u00fazem\u00ed \u010cR ne\u017e\u00e1douc\u00ed.<\/p>\n<p>Postup p\u0159i prov\u011b\u0159ov\u00e1n\u00ed problematick\u00fdch vlk\u016f je jasn\u011b specifikov\u00e1n v pohotovostn\u00edm pl\u00e1nu pro \u0159e\u0161en\u00ed situac\u00ed p\u0159i v\u00fdskytu problematick\u00fdch jedinc\u016f vlka obecn\u00e9ho. Chov\u00e1n\u00ed vlka se tak posuzuje podle t\u0159\u00edstup\u0148ov\u00e9 \u0161k\u00e1ly z\u00e1va\u017enosti situace p\u0159i bl\u00edzk\u00e9m setk\u00e1n\u00ed s n\u00edm.<\/p>\n<p><em>\u201ePohotovostn\u00ed pl\u00e1n je velmi komplexn\u00edm a podrobn\u00fdm dokumentem, v r\u00e1mci kter\u00e9ho se jeho zpracovatel\u00e9 sna\u017eili domyslet snad v\u0161echny mo\u017en\u00e9 varianty chov\u00e1n\u00ed vlka, kter\u00fd se n\u011bjak\u00fdm zp\u016fsobem setk\u00e1 s \u010dlov\u011bkem. Jsou v n\u011bm pops\u00e1ny situace a postupy od b\u011b\u017en\u00e9ho pozorov\u00e1n\u00ed zv\u00ed\u0159ete z d\u00e1lky a\u017e po to nejkriti\u010dt\u011bj\u0161\u00ed, kter\u00fdm je napadnut\u00ed \u010dlov\u011bka vlkem bez zjevn\u00e9 p\u0159\u00ed\u010diny a bez vyprovokov\u00e1n\u00ed. Jedn\u00e1 se o z\u00e1sadn\u00ed podklad pro rozhodov\u00e1n\u00ed st\u00e1tn\u00ed spr\u00e1vy,\u201c<\/em> vysv\u011btluje n\u00e1m\u011bstek \u0159editele Spr\u00e1vy NP \u0160umava Martin Pazourek.<\/p>\n<p>Informace o chov\u00e1n\u00ed pozorovan\u00fdch vlk\u016f by m\u011bla p\u0159ed\u00e1vat Spr\u00e1v\u011b NP \u0160umava i \u0161irok\u00e1 ve\u0159ejnost.<\/p>\n<p><em>\u201ePokud se kdokoli potk\u00e1 s problematicky se chovaj\u00edc\u00edm vlkem, je \u017e\u00e1douc\u00ed, aby n\u00e1m tuto informaci sd\u011blil bu\u010f prost\u0159ednictv\u00edm telefonu (731 530 223, 731 530 472) nebo e-mailu: <a href=\"mailto:sumava.vlk@npsumava.cz\" target=\"_blank\" rel=\"noopener\"><strong>sumava.vlk@npsumava.cz<\/strong><\/a> Je v\u0161ak zapot\u0159eb\u00ed p\u0159edat co nejkomplexn\u011bj\u0161\u00ed informace, minim\u00e1ln\u011b datum, hodinu a m\u00edsto pozorov\u00e1n\u00ed, popis chov\u00e1n\u00ed vlka, a kdy\u017e to jen trochu p\u016fjde, tak n\u00e1m poslat fotografii, v ide\u00e1ln\u00edm p\u0159\u00edpad\u011b video,\u201c<\/em> vysv\u011btluje vedouc\u00ed odd\u011blen\u00ed zoologie Spr\u00e1vy Jan Mokr\u00fd.<\/p>\n<p>Na \u0160umav\u011b se prvn\u00ed rozmno\u017eov\u00e1n\u00ed vlk\u016f v novodob\u00e9 historii potvrdilo v l\u00e9t\u011b roku 2017. Od t\u00e9 doby prob\u00edh\u00e1 na \u00fazem\u00ed n\u00e1rodn\u00edch park\u016f \u0160umava a Bavorsk\u00fd les a tak\u00e9 na \u00fazem\u00ed CHKO \u0160umava intenzivn\u00ed monitoring.<\/p>\n<p><em>\u201eVyu\u017e\u00edv\u00e1me jak fotopasti, tak i mo\u017enosti genetick\u00e9 anal\u00fdzy sebran\u00fdch vzork\u016f mo\u010di, trusu nebo srsti. V des\u00edti p\u0159\u00edpadech pozorujeme tak\u00e9 jedince, kter\u00e9 se n\u00e1m ve spolupr\u00e1ci s t\u00fdmem Ale\u0161e Vorla z \u010cesk\u00e9 zem\u011bd\u011blsk\u00e9 univerzity v Praze poda\u0159ilo odchytnout a vybavit obojky s GPS lok\u00e1torem. I d\u00edky spole\u010dn\u00e9mu projektu (<a href=\"https:\/\/wolf.czu.cz\/cs\/r-19976-projekt-wobofe\/ekologicke-dopady-navratu-vlku-do-ekosystemu-sumavy-bavorske.html\" target=\"_blank\" rel=\"noopener\"><strong>https:\/\/wolf.czu.cz\/cs\/r-19976-projekt-wobofe\/ekologicke-dopady-navratu-vlku-do-ekosystemu-sumavy-bavorske.html<\/strong><\/a>) m\u016f\u017eeme dlouhodob\u011b sledovat a vyhodnocovat v\u00fdvoj vl\u010d\u00ed populace na \u0160umav\u011b,\u201c<\/em> dod\u00e1v\u00e1 Jan Mokr\u00fd.<\/p>\n<p>Spr\u00e1va NP \u0160umava na z\u00e1klad\u011b dat z monitoringu, kter\u00e1 se shroma\u017e\u010fuj\u00ed v\u017edy od kv\u011btna do konce dubna roku n\u00e1sleduj\u00edc\u00edho, vyhodnocuje v\u00fdvoj vl\u010d\u00edch teritori\u00ed. V r\u00e1mci tzv. \u201eVl\u010d\u00edho roku\u201c 2023\/24 m\u00e1me dolo\u017eeno 8 vl\u010d\u00edch teritori\u00ed. Je mo\u017en\u00e9, \u017ee dev\u00e1t\u00e9 teritorium vzniklo v \u00fazem\u00ed vojensk\u00e9ho prostoru Boletice, ale z t\u00e9to oblasti chyb\u00ed dostatek dat pro potvrzen\u00ed t\u00e9to domn\u011bnky. Minim\u00e1ln\u00ed odhad po\u010dtu vlk\u016f je 38 v\u010detn\u011b ml\u00e1\u010fat. \u201e<em>V r\u00e1mci aktu\u00e1ln\u011b prob\u00edhaj\u00edc\u00edho vl\u010d\u00edho roku m\u00e1me, stejn\u011b jako loni, dolo\u017eeno 8 vl\u010d\u00edch teritori\u00ed. Pro potvrzen\u00ed dev\u00e1t\u00e9 sme\u010dky v Boletic\u00edch nem\u00e1me st\u00e1le dostatek ov\u011b\u0159iteln\u00fdch dat. Naproti tomu m\u016f\u017eeme potvrdit reprodukci u \u010dty\u0159 sme\u010dek. Minim\u00e1ln\u00ed odhad po\u010dtu vlk\u016f je 30 v\u010detn\u011b ml\u00e1\u010fat. Mus\u00edm v\u0161ak upozornit, \u017ee toto jsou pr\u016fb\u011b\u017en\u00e1 data za zhruba \u0161est m\u011bs\u00edc\u016f trvaj\u00edc\u00edho Vl\u010d\u00edho roku 2024\/25, kter\u00e1 se mohou je\u0161t\u011b zm\u011bnit,\u201c<\/em> informuje Jan Mokr\u00fd.<\/p>\n<p>Pracovn\u00edci Spr\u00e1vy NP \u0160umava tak\u00e9 vyhodnocuj\u00ed \u0161kody vznikl\u00e9 na hospod\u00e1\u0159sk\u00fdch zv\u00ed\u0159atech chr\u00e1n\u011bn\u00fdmi \u017eivo\u010dichy, jako je pr\u00e1v\u011b vlk nebo rys. V pr\u016fb\u011bhu leto\u0161n\u00edho roku, od 1.1. 2024 do 20.10. 2024 \u0159e\u0161ili 35 \u0161kodn\u00edch ud\u00e1lost\u00ed zp\u016fsoben\u00fdch vlkem, co\u017e je stejn\u00fd po\u010det ud\u00e1lost\u00ed jako za cel\u00fd rok 2024. Z\u00e1rove\u0148 vyhodnotili \u0161est \u0161kodn\u00edch ud\u00e1lost\u00ed zp\u016fsoben\u00fdch rysem ostrovidem. Nej\u010dast\u011bji se objevuj\u00ed \u0161kody na \u00fazem\u00ed CHKO \u0160umava a t\u011bsn\u011b za hranicemi chr\u00e1n\u011bn\u00e9 krajinn\u00e9 oblasti.<\/p>\n<p>Pot\u0159ebn\u00e9 informace lze naj\u00edt i na webov\u00fdch str\u00e1nk\u00e1ch Spr\u00e1vy npsumava.cz zde: <a href=\"https:\/\/www.npsumava.cz\/priroda\/navrat-vlku\/\" target=\"_blank\" rel=\"noopener\"><strong>https:\/\/www.npsumava.cz\/priroda\/navrat-vlku\/<\/strong><\/a><\/p>\n<p><strong>(tz-np\u0161)<\/strong><\/p>\n<hr \/>\n<p>&nbsp;<\/p>\n<h6>Informujeme:<\/h6>\n<h4 class=\"entry-title\"><a href=\"https:\/\/zakrasnejsivimperk.cz\/?p=326682\" target=\"_blank\" rel=\"noopener\">\u010ctvrtina kontrolovan\u00fdch dopl\u0148k\u016f stravy ur\u010den\u00fdch pro kloubn\u00ed v\u00fd\u017eivu klamala spot\u0159ebitele ohledn\u011b skute\u010dn\u00e9ho slo\u017een\u00ed<\/a><\/h4>\n<h4 class=\"entry-title\"><a href=\"https:\/\/zakrasnejsivimperk.cz\/?p=326649\" target=\"_blank\" rel=\"noopener\">Finan\u010dn\u00ed spr\u00e1va p\u0159ech\u00e1z\u00ed na novou dom\u00e9nu gov.cz. Co to znamen\u00e1 pro ve\u0159ejnost?<\/a><\/h4>\n<h4 class=\"entry-title\"><a href=\"https:\/\/zakrasnejsivimperk.cz\/?p=326610\" target=\"_blank\" rel=\"noopener\">Ministerstvo zdravotnictv\u00ed, ambulantn\u00ed specialist\u00e9 a zdravotn\u00ed poji\u0161\u0165ovny dos\u00e1hli dohody, pl\u00e1novan\u00fd protest se ru\u0161\u00ed<\/a><\/h4>\n<h4 class=\"entry-title\"><a href=\"https:\/\/zakrasnejsivimperk.cz\/?p=326574\" target=\"_blank\" rel=\"noopener\">V Jiho\u010desk\u00e9m kraji je 508 potvrzen\u00fdch p\u0159\u00edpad\u016f lymesk\u00e9 boreli\u00f3zy, v t\u00fddnu p\u0159ibylo 9 nov\u011b nahl\u00e1\u0161en\u00fdch p\u0159\u00edpad\u016f<\/a><\/h4>\n<h4 class=\"entry-title\"><a href=\"https:\/\/zakrasnejsivimperk.cz\/?p=326581\" target=\"_blank\" rel=\"noopener\">Leto\u0161n\u00ed \u00faroda \u0159epy cukrov\u00e9 je nadpr\u016fm\u011brn\u00e1, brambor pr\u016fm\u011brn\u00e1<\/a><\/h4>\n<h4 class=\"entry-title\"><a href=\"https:\/\/zakrasnejsivimperk.cz\/?p=326544\" target=\"_blank\" rel=\"noopener\">D\u016fv\u011bra podnikatel\u016f se mezim\u011bs\u00ed\u010dn\u011b m\u00edrn\u011b sn\u00ed\u017eila, d\u016fv\u011bra spot\u0159ebitel\u016f vzrostla<\/a><\/h4>\n<h4 class=\"entry-title\"><a href=\"https:\/\/zakrasnejsivimperk.cz\/?p=326542\" target=\"_blank\" rel=\"noopener\">P\u0158E\u010cT\u011aTE SI U N\u00c1S: Den\u00edk Metro \u2013 25. \u0159\u00edjna 2024<\/a><\/h4>\n<h4 class=\"entry-title\"><a href=\"https:\/\/zakrasnejsivimperk.cz\/?p=326524\" target=\"_blank\" rel=\"noopener\">Mimo\u0159\u00e1dn\u00e9 kontroly kraj\u016f a obc\u00ed na stanic\u00edch technick\u00e9 kontroly a m\u011b\u0159en\u00ed emis\u00ed odhalily nedostatky v osmi p\u0159\u00edpadech<\/a><\/h4>\n<h4 class=\"entry-title\"><a href=\"https:\/\/zakrasnejsivimperk.cz\/?p=326494\" target=\"_blank\" rel=\"noopener\">V p\u00e1tek 25. \u0159\u00edjna dojde k pln\u00e9mu obnoven\u00ed provozu na rekonstruovan\u00e9 komunikaci Voly\u0148sk\u00e1 ve Strakonic\u00edch<\/a><\/h4>\n<h4 class=\"entry-title\"><a href=\"https:\/\/zakrasnejsivimperk.cz\/?p=326485\" target=\"_blank\" rel=\"noopener\">Kraj m\u00e1 nov\u00e9 veden\u00ed. Hejtmanem je Martin Kuba<\/a><\/h4>\n<h4 class=\"entry-title\"><a href=\"https:\/\/zakrasnejsivimperk.cz\/?p=326477\" target=\"_blank\" rel=\"noopener\">Nemocnou matku zkusila udusit s\u00e1\u010dkem, za pokus o vra\u017edu dostala \u017eena \u010dty\u0159i roky<\/a><\/h4>\n<h4 class=\"entry-title\"><a href=\"https:\/\/zakrasnejsivimperk.cz\/?p=326438\" target=\"_blank\" rel=\"noopener\">\u017d\u00e1dn\u00e9 doplatky nad ochrann\u00fd limit v l\u00e9k\u00e1rn\u00e1ch. Sn\u011bmovna schv\u00e1lila novelu z\u00e1kona o ve\u0159ejn\u00e9m zdravotn\u00edm poji\u0161t\u011bn\u00ed upravuj\u00edc\u00ed evidenci zapo\u010ditateln\u00fdch doplatk\u016f v l\u00e9k\u00e1rn\u00e1ch<\/a><\/h4>\n<h4 class=\"entry-title\"><a href=\"https:\/\/zakrasnejsivimperk.cz\/?p=326427\" target=\"_blank\" rel=\"noopener\">P\u0158E\u010cT\u011aTE SI U N\u00c1S: Den\u00edk Metro \u2013 24. \u0159\u00edjna 2024<\/a><\/h4>\n<h4 class=\"entry-title\"><a href=\"https:\/\/zakrasnejsivimperk.cz\/?p=326404\" target=\"_blank\" rel=\"noopener\">Prodej vstupenek na mistrovstv\u00ed sv\u011bta \u017een v hokeji za\u010dne v listopadu. Fanou\u0161ci vyberou i jm\u00e9no hrdinky<\/a><\/h4>\n<h4 class=\"entry-title\"><a href=\"https:\/\/zakrasnejsivimperk.cz\/?p=326328\" target=\"_blank\" rel=\"noopener\">V pond\u011bl\u00ed 28. \u0159\u00edjna plat\u00ed z\u00e1kaz prodeje v provozovn\u00e1ch nad 200 metr\u016f \u010dtvere\u010dn\u00edch. V\u00fdjimku tvo\u0159\u00ed oblasti, kde byl prodlou\u017een stav nebezpe\u010d\u00ed<\/a><\/h4>\n<h4 class=\"entry-title\"><a href=\"https:\/\/zakrasnejsivimperk.cz\/?p=326306\" target=\"_blank\" rel=\"noopener\">V\u00edce ne\u017e t\u0159etina hygieniky kontrolovan\u00fdch j\u00eddel p\u0159es\u00e1hla limity karcinogenn\u00edho akrylamidu<\/a><\/h4>\n<h4 class=\"entry-title\"><a href=\"https:\/\/zakrasnejsivimperk.cz\/?p=326309\" target=\"_blank\" rel=\"noopener\">P\u0158E\u010cT\u011aTE SI U N\u00c1S: Den\u00edk Metro \u2013 23. \u0159\u00edjna 2024<\/a><\/h4>\n<h4 class=\"entry-title\"><a href=\"https:\/\/zakrasnejsivimperk.cz\/?p=326274\" target=\"_blank\" rel=\"noopener\">E.ON od ledna v\u00fdrazn\u011b sn\u00ed\u017e\u00ed ceny energi\u00ed. Za dodanou elekt\u0159inu klienti zaplat\u00ed t\u00e9m\u011b\u0159 o p\u011btinu m\u00e9n\u011b<\/a><\/h4>\n<hr \/>\n<p>&nbsp;<\/p>\n","protected":false},"excerpt":{"rendered":"<p>Spr\u00e1va N\u00e1rodn\u00edho <\/p>\n","protected":false},"author":2,"featured_media":326691,"comment_status":"open","ping_status":"open","sticky":false,"template":"","format":"gallery","meta":{"footnotes":""},"categories":[70],"tags":[],"jetpack_featured_media_url":"https:\/\/zakrasnejsivimperk.cz\/wp-content\/uploads\/2024\/10\/27\/z-ruky-nps.jpg","_links":{"self":[{"href":"https:\/\/zakrasnejsivimperk.cz\/index.php?rest_route=\/wp\/v2\/posts\/326652"}],"collection":[{"href":"https:\/\/zakrasnejsivimperk.cz\/index.php?rest_route=\/wp\/v2\/posts"}],"about":[{"href":"https:\/\/zakrasnejsivimperk.cz\/index.php?rest_route=\/wp\/v2\/types\/post"}],"author":[{"embeddable":true,"href":"https:\/\/zakrasnejsivimperk.cz\/index.php?rest_route=\/wp\/v2\/users\/2"}],"replies":[{"embeddable":true,"href":"https:\/\/zakrasnejsivimperk.cz\/index.php?rest_route=%2Fwp%2Fv2%2Fcomments&post=326652"}],"version-history":[{"count":2,"href":"https:\/\/zakrasnejsivimperk.cz\/index.php?rest_route=\/wp\/v2\/posts\/326652\/revisions"}],"predecessor-version":[{"id":326692,"href":"https:\/\/zakrasnejsivimperk.cz\/index.php?rest_route=\/wp\/v2\/posts\/326652\/revisions\/326692"}],"wp:featuredmedia":[{"embeddable":true,"href":"https:\/\/zakrasnejsivimperk.cz\/index.php?rest_route=\/wp\/v2\/media\/326691"}],"wp:attachment":[{"href":"https:\/\/zakrasnejsivimperk.cz\/index.php?rest_route=%2Fwp%2Fv2%2Fmedia&parent=326652"}],"wp:term":[{"taxonomy":"category","embeddable":true,"href":"https:\/\/zakrasnejsivimperk.cz\/index.php?rest_route=%2Fwp%2Fv2%2Fcategories&post=326652"},{"taxonomy":"post_tag","embeddable":true,"href":"https:\/\/zakrasnejsivimperk.cz\/index.php?rest_route=%2Fwp%2Fv2%2Ftags&post=326652"}],"curies":[{"name":"wp","href":"https:\/\/api.w.org\/{rel}","templated":true}]}}