{"id":326245,"date":"2024-10-22T09:46:05","date_gmt":"2024-10-22T08:46:05","guid":{"rendered":"https:\/\/zakrasnejsivimperk.cz\/?p=326245"},"modified":"2024-10-22T16:09:32","modified_gmt":"2024-10-22T15:09:32","slug":"aktualne-policiste-patraji-na-sumave-po-dvou-prevadecich-migrantu-zrejme-jsou-ozbrojeni","status":"publish","type":"post","link":"https:\/\/zakrasnejsivimperk.cz\/?p=326245","title":{"rendered":"AKTU\u00c1LN\u011a: Policist\u00e9 p\u00e1traj\u00ed na \u0160umav\u011b po dvou p\u0159evad\u011b\u010d\u00edch migrant\u016f, mohou b\u00fdt ozbrojen\u00ed"},"content":{"rendered":"<p><img loading=\"lazy\" decoding=\"async\" class=\"aligncenter wp-image-326253 size-full\" src=\"https:\/\/zakrasnejsivimperk.cz\/wp-content\/uploads\/2024\/10\/22\/lesy-u-strazneho-foto-pcr-1.jpg\" alt=\"\" width=\"1716\" height=\"1716\" srcset=\"https:\/\/zakrasnejsivimperk.cz\/wp-content\/uploads\/2024\/10\/22\/lesy-u-strazneho-foto-pcr-1.jpg 1716w, https:\/\/zakrasnejsivimperk.cz\/wp-content\/uploads\/2024\/10\/22\/lesy-u-strazneho-foto-pcr-1-300x300.jpg 300w, https:\/\/zakrasnejsivimperk.cz\/wp-content\/uploads\/2024\/10\/22\/lesy-u-strazneho-foto-pcr-1-1024x1024.jpg 1024w, https:\/\/zakrasnejsivimperk.cz\/wp-content\/uploads\/2024\/10\/22\/lesy-u-strazneho-foto-pcr-1-150x150.jpg 150w, https:\/\/zakrasnejsivimperk.cz\/wp-content\/uploads\/2024\/10\/22\/lesy-u-strazneho-foto-pcr-1-768x768.jpg 768w, https:\/\/zakrasnejsivimperk.cz\/wp-content\/uploads\/2024\/10\/22\/lesy-u-strazneho-foto-pcr-1-1536x1536.jpg 1536w, https:\/\/zakrasnejsivimperk.cz\/wp-content\/uploads\/2024\/10\/22\/lesy-u-strazneho-foto-pcr-1-357x357.jpg 357w, https:\/\/zakrasnejsivimperk.cz\/wp-content\/uploads\/2024\/10\/22\/lesy-u-strazneho-foto-pcr-1-483x483.jpg 483w, https:\/\/zakrasnejsivimperk.cz\/wp-content\/uploads\/2024\/10\/22\/lesy-u-strazneho-foto-pcr-1-210x210.jpg 210w\" sizes=\"(max-width: 1716px) 100vw, 1716px\" \/><\/p>\n<p>&nbsp;<\/p>\n<h1>AKTUALIZACE:<\/h1>\n<h6><em>\u201eNa na\u0161em \u00fazem\u00ed byla dopoledn\u00ed p\u00e1trac\u00ed akce ukon\u010dena, budeme se p\u00e1tr\u00e1n\u00ed d\u00e1le v\u011bnovat v r\u00e1mci v\u00fdkonu b\u011b\u017en\u00e9 slu\u017eby a p\u0159\u00edpadn\u011b reagovat na ozn\u00e1men\u00ed ob\u010dan\u016f. Policist\u00e9 se budou st\u00e1le pohybovat v lokalit\u00e1ch, kter\u00e9 jsme dopoledne prop\u00e1tr\u00e1vali,&#8221;<\/em> sd\u011blil mluv\u010d\u00ed policie Miroslav \u0160up\u00edk.<\/h6>\n<p>&nbsp;<\/p>\n<h4>V les\u00edch u hrani\u010dn\u00edho p\u0159echodu Str\u00e1\u017en\u00fd p\u00e1traj\u00ed jiho\u010de\u0161t\u00ed policist\u00e9 po dvojici mu\u017e\u016f, pravd\u011bpodobn\u011b ozbrojen\u00fdch p\u0159evad\u011b\u010d\u016f. Utekli od skupiny migrant\u016f, kterou zadr\u017eeli n\u011bme\u010dt\u00ed policist\u00e9. Informace k podez\u0159el\u00fdm volejte na linku 158, nesna\u017ete se je zadr\u017eet.<\/h4>\n<p><strong>Text a foto: POLICIE \u010cR<\/strong><\/p>\n<p>&nbsp;<\/p>\n<p><img loading=\"lazy\" decoding=\"async\" class=\"aligncenter wp-image-326254 size-full\" src=\"https:\/\/zakrasnejsivimperk.cz\/wp-content\/uploads\/2024\/10\/22\/lesy-u-strazneho-foto-pcr-2.jpg\" alt=\"\" width=\"1716\" height=\"1716\" srcset=\"https:\/\/zakrasnejsivimperk.cz\/wp-content\/uploads\/2024\/10\/22\/lesy-u-strazneho-foto-pcr-2.jpg 1716w, https:\/\/zakrasnejsivimperk.cz\/wp-content\/uploads\/2024\/10\/22\/lesy-u-strazneho-foto-pcr-2-300x300.jpg 300w, https:\/\/zakrasnejsivimperk.cz\/wp-content\/uploads\/2024\/10\/22\/lesy-u-strazneho-foto-pcr-2-1024x1024.jpg 1024w, https:\/\/zakrasnejsivimperk.cz\/wp-content\/uploads\/2024\/10\/22\/lesy-u-strazneho-foto-pcr-2-150x150.jpg 150w, https:\/\/zakrasnejsivimperk.cz\/wp-content\/uploads\/2024\/10\/22\/lesy-u-strazneho-foto-pcr-2-768x768.jpg 768w, https:\/\/zakrasnejsivimperk.cz\/wp-content\/uploads\/2024\/10\/22\/lesy-u-strazneho-foto-pcr-2-1536x1536.jpg 1536w, https:\/\/zakrasnejsivimperk.cz\/wp-content\/uploads\/2024\/10\/22\/lesy-u-strazneho-foto-pcr-2-357x357.jpg 357w, https:\/\/zakrasnejsivimperk.cz\/wp-content\/uploads\/2024\/10\/22\/lesy-u-strazneho-foto-pcr-2-483x483.jpg 483w, https:\/\/zakrasnejsivimperk.cz\/wp-content\/uploads\/2024\/10\/22\/lesy-u-strazneho-foto-pcr-2-210x210.jpg 210w\" sizes=\"(max-width: 1716px) 100vw, 1716px\" \/><\/p>\n<hr \/>\n<p>&nbsp;<\/p>\n","protected":false},"excerpt":{"rendered":"<p>&nbsp; AKTUALIZACE: <\/p>\n","protected":false},"author":2,"featured_media":326247,"comment_status":"open","ping_status":"open","sticky":false,"template":"","format":"gallery","meta":{"footnotes":""},"categories":[179],"tags":[],"jetpack_featured_media_url":"https:\/\/zakrasnejsivimperk.cz\/wp-content\/uploads\/2024\/10\/22\/nove-patrani.jpg","_links":{"self":[{"href":"https:\/\/zakrasnejsivimperk.cz\/index.php?rest_route=\/wp\/v2\/posts\/326245"}],"collection":[{"href":"https:\/\/zakrasnejsivimperk.cz\/index.php?rest_route=\/wp\/v2\/posts"}],"about":[{"href":"https:\/\/zakrasnejsivimperk.cz\/index.php?rest_route=\/wp\/v2\/types\/post"}],"author":[{"embeddable":true,"href":"https:\/\/zakrasnejsivimperk.cz\/index.php?rest_route=\/wp\/v2\/users\/2"}],"replies":[{"embeddable":true,"href":"https:\/\/zakrasnejsivimperk.cz\/index.php?rest_route=%2Fwp%2Fv2%2Fcomments&post=326245"}],"version-history":[{"count":6,"href":"https:\/\/zakrasnejsivimperk.cz\/index.php?rest_route=\/wp\/v2\/posts\/326245\/revisions"}],"predecessor-version":[{"id":326282,"href":"https:\/\/zakrasnejsivimperk.cz\/index.php?rest_route=\/wp\/v2\/posts\/326245\/revisions\/326282"}],"wp:featuredmedia":[{"embeddable":true,"href":"https:\/\/zakrasnejsivimperk.cz\/index.php?rest_route=\/wp\/v2\/media\/326247"}],"wp:attachment":[{"href":"https:\/\/zakrasnejsivimperk.cz\/index.php?rest_route=%2Fwp%2Fv2%2Fmedia&parent=326245"}],"wp:term":[{"taxonomy":"category","embeddable":true,"href":"https:\/\/zakrasnejsivimperk.cz\/index.php?rest_route=%2Fwp%2Fv2%2Fcategories&post=326245"},{"taxonomy":"post_tag","embeddable":true,"href":"https:\/\/zakrasnejsivimperk.cz\/index.php?rest_route=%2Fwp%2Fv2%2Ftags&post=326245"}],"curies":[{"name":"wp","href":"https:\/\/api.w.org\/{rel}","templated":true}]}}