{"id":326192,"date":"2024-10-21T19:10:20","date_gmt":"2024-10-21T18:10:20","guid":{"rendered":"https:\/\/zakrasnejsivimperk.cz\/?p=326192"},"modified":"2024-10-21T19:10:20","modified_gmt":"2024-10-21T18:10:20","slug":"aktualne-program-ustavujiciho-zasedani-zastupitelstva-jihoceskeho-kraje-24-10-2024","status":"publish","type":"post","link":"https:\/\/zakrasnejsivimperk.cz\/?p=326192","title":{"rendered":"AKTU\u00c1LN\u011a: Program ustavuj\u00edc\u00edho zased\u00e1n\u00ed Zastupitelstva Jiho\u010desk\u00e9ho kraje 24. 10. 2024"},"content":{"rendered":"<figure id=\"attachment_326193\" aria-describedby=\"caption-attachment-326193\" style=\"width: 791px\" class=\"wp-caption aligncenter\"><img loading=\"lazy\" decoding=\"async\" class=\"wp-image-326193 size-full\" src=\"https:\/\/zakrasnejsivimperk.cz\/wp-content\/uploads\/2024\/10\/21\/program-ustavujiciho-zastupitelstva-kraje.jpg\" alt=\"\" width=\"791\" height=\"1100\" srcset=\"https:\/\/zakrasnejsivimperk.cz\/wp-content\/uploads\/2024\/10\/21\/program-ustavujiciho-zastupitelstva-kraje.jpg 791w, https:\/\/zakrasnejsivimperk.cz\/wp-content\/uploads\/2024\/10\/21\/program-ustavujiciho-zastupitelstva-kraje-216x300.jpg 216w, https:\/\/zakrasnejsivimperk.cz\/wp-content\/uploads\/2024\/10\/21\/program-ustavujiciho-zastupitelstva-kraje-736x1024.jpg 736w, https:\/\/zakrasnejsivimperk.cz\/wp-content\/uploads\/2024\/10\/21\/program-ustavujiciho-zastupitelstva-kraje-768x1068.jpg 768w, https:\/\/zakrasnejsivimperk.cz\/wp-content\/uploads\/2024\/10\/21\/program-ustavujiciho-zastupitelstva-kraje-257x357.jpg 257w, https:\/\/zakrasnejsivimperk.cz\/wp-content\/uploads\/2024\/10\/21\/program-ustavujiciho-zastupitelstva-kraje-347x483.jpg 347w\" sizes=\"(max-width: 791px) 100vw, 791px\" \/><figcaption id=\"caption-attachment-326193\" class=\"wp-caption-text\">Zdroj: krajsk\u00fd \u00fa\u0159ad<\/figcaption><\/figure>\n<hr \/>\n<p>&nbsp;<\/p>\n<h6>Informujeme:<\/h6>\n<h4 class=\"entry-title\"><a href=\"https:\/\/zakrasnejsivimperk.cz\/?p=326159\" target=\"_blank\" rel=\"noopener\">Pl\u00e1novan\u00fd protest praktik\u016f se ru\u0161\u00ed. Ministerstvo se s jejich z\u00e1stupci dohodlo na podob\u011b \u00fahradov\u00e9 vyhl\u00e1\u0161ky pro rok 2025<\/a><\/h4>\n<h4 class=\"entry-title\"><a href=\"https:\/\/zakrasnejsivimperk.cz\/?p=326149\" target=\"_blank\" rel=\"noopener\">Lesy \u010cR za\u010daly hodnotit nab\u00eddky podan\u00e9 v lesnick\u00e9m tendru 2025+<\/a><\/h4>\n<h4 class=\"entry-title\"><a href=\"https:\/\/zakrasnejsivimperk.cz\/?p=326116\" target=\"_blank\" rel=\"noopener\">MPSV vyplatilo 1,2 mld. K\u010d na zv\u00fd\u0161en\u00ed zam\u011bstnanosti znev\u00fdhodn\u011bn\u00fdch osob. Zda jim podpora skute\u010dn\u011b pomohla, ale nelze vyhodnotit<\/a><\/h4>\n<h4 class=\"entry-title\"><a href=\"https:\/\/zakrasnejsivimperk.cz\/?p=326067\" target=\"_blank\" rel=\"noopener\">Nov\u00e9 \u010dl\u00e1nky na webu Den\u00edku TO \u2013 20. \u0159\u00edjna 2024<\/a><\/h4>\n<h4 class=\"entry-title\"><a href=\"https:\/\/zakrasnejsivimperk.cz\/?p=326079\" target=\"_blank\" rel=\"noopener\">P\u0158E\u010cT\u011aTE SI U N\u00c1S: Den\u00edk Metro \u2013 21. \u0159\u00edjna 2024<\/a><\/h4>\n<h4 class=\"entry-title\"><a href=\"https:\/\/zakrasnejsivimperk.cz\/?p=326043\" target=\"_blank\" rel=\"noopener\">Teplo na \u0160umav\u011b a nejen tam<\/a><\/h4>\n<h4 class=\"entry-title\"><a href=\"https:\/\/zakrasnejsivimperk.cz\/?p=326008\" target=\"_blank\" rel=\"noopener\">Nov\u00e9 \u010dl\u00e1nky na webu Den\u00edku TO \u2013 19. \u0159\u00edjna 2024<\/a><\/h4>\n<h4 class=\"entry-title\"><a href=\"https:\/\/zakrasnejsivimperk.cz\/?p=325961\" target=\"_blank\" rel=\"noopener\">Evropsk\u00fd den statistiky bude ji\u017e tuto ned\u011bli<\/a><\/h4>\n<h4 class=\"entry-title\"><a href=\"https:\/\/zakrasnejsivimperk.cz\/?p=325918\" target=\"_blank\" rel=\"noopener\">Penta Hospitals CZ spustila historicky prvn\u00ed multikan\u00e1lovou n\u00e1borovou kampa\u0148<\/a><\/h4>\n<h4 class=\"entry-title\"><a href=\"https:\/\/zakrasnejsivimperk.cz\/?p=325841\" target=\"_blank\" rel=\"noopener\">V Jiho\u010desk\u00e9m kraji mus\u00ed letos \u0159idi\u010di stihnout vym\u011bnit \u0161est tis\u00edc \u0159idi\u010dsk\u00fdch pr\u016fkaz\u016f, jinak propadnou<\/a><\/h4>\n<hr \/>\n<p>&nbsp;<\/p>\n","protected":false},"excerpt":{"rendered":"<p>&nbsp; Informujeme: <\/p>\n","protected":false},"author":2,"featured_media":326194,"comment_status":"open","ping_status":"open","sticky":false,"template":"","format":"gallery","meta":{"footnotes":""},"categories":[179],"tags":[],"jetpack_featured_media_url":"https:\/\/zakrasnejsivimperk.cz\/wp-content\/uploads\/2024\/10\/21\/nove-program.jpg","_links":{"self":[{"href":"https:\/\/zakrasnejsivimperk.cz\/index.php?rest_route=\/wp\/v2\/posts\/326192"}],"collection":[{"href":"https:\/\/zakrasnejsivimperk.cz\/index.php?rest_route=\/wp\/v2\/posts"}],"about":[{"href":"https:\/\/zakrasnejsivimperk.cz\/index.php?rest_route=\/wp\/v2\/types\/post"}],"author":[{"embeddable":true,"href":"https:\/\/zakrasnejsivimperk.cz\/index.php?rest_route=\/wp\/v2\/users\/2"}],"replies":[{"embeddable":true,"href":"https:\/\/zakrasnejsivimperk.cz\/index.php?rest_route=%2Fwp%2Fv2%2Fcomments&post=326192"}],"version-history":[{"count":1,"href":"https:\/\/zakrasnejsivimperk.cz\/index.php?rest_route=\/wp\/v2\/posts\/326192\/revisions"}],"predecessor-version":[{"id":326195,"href":"https:\/\/zakrasnejsivimperk.cz\/index.php?rest_route=\/wp\/v2\/posts\/326192\/revisions\/326195"}],"wp:featuredmedia":[{"embeddable":true,"href":"https:\/\/zakrasnejsivimperk.cz\/index.php?rest_route=\/wp\/v2\/media\/326194"}],"wp:attachment":[{"href":"https:\/\/zakrasnejsivimperk.cz\/index.php?rest_route=%2Fwp%2Fv2%2Fmedia&parent=326192"}],"wp:term":[{"taxonomy":"category","embeddable":true,"href":"https:\/\/zakrasnejsivimperk.cz\/index.php?rest_route=%2Fwp%2Fv2%2Fcategories&post=326192"},{"taxonomy":"post_tag","embeddable":true,"href":"https:\/\/zakrasnejsivimperk.cz\/index.php?rest_route=%2Fwp%2Fv2%2Ftags&post=326192"}],"curies":[{"name":"wp","href":"https:\/\/api.w.org\/{rel}","templated":true}]}}