{"id":326155,"date":"2024-10-22T10:56:25","date_gmt":"2024-10-22T09:56:25","guid":{"rendered":"https:\/\/zakrasnejsivimperk.cz\/?p=326155"},"modified":"2024-10-31T14:41:21","modified_gmt":"2024-10-31T13:41:21","slug":"nase-mesto-vimperk-ptame-se-za-vas-pristavba-prodejny-penny-ve-vimperku","status":"publish","type":"post","link":"https:\/\/zakrasnejsivimperk.cz\/?p=326155","title":{"rendered":"NA\u0160E M\u011aSTO VIMPERK: Pt\u00e1me se za v\u00e1s \u2013 P\u0159\u00edstavba prodejny Penny ve Vimperku"},"content":{"rendered":"<p><img loading=\"lazy\" decoding=\"async\" class=\"aligncenter wp-image-288139 size-full\" src=\"https:\/\/zakrasnejsivimperk.cz\/wp-content\/uploads\/2023\/10\/02\/ptame-se-za-vas-xx.jpg\" alt=\"\" width=\"771\" height=\"385\" srcset=\"https:\/\/zakrasnejsivimperk.cz\/wp-content\/uploads\/2023\/10\/02\/ptame-se-za-vas-xx.jpg 771w, https:\/\/zakrasnejsivimperk.cz\/wp-content\/uploads\/2023\/10\/02\/ptame-se-za-vas-xx-300x150.jpg 300w, https:\/\/zakrasnejsivimperk.cz\/wp-content\/uploads\/2023\/10\/02\/ptame-se-za-vas-xx-768x384.jpg 768w, https:\/\/zakrasnejsivimperk.cz\/wp-content\/uploads\/2023\/10\/02\/ptame-se-za-vas-xx-715x357.jpg 715w\" sizes=\"(max-width: 771px) 100vw, 771px\" \/><\/p>\n<p>&nbsp;<\/p>\n<h3>Prosl\u00fdch\u00e1 se ve Vimperku, \u017ee modernizaci vimpersk\u00e9 prodejny zah\u00e1j\u00edte je\u0161t\u011b letos v listopadu. Co je na tom pravdy? Pokud ano, od kdy do kdy a co bude v\u00fdsledkem?<\/h3>\n<h4>Odpov\u00edd\u00e1 Tom\u00e1\u0161 Kub\u00edk, vedouc\u00ed komunikace, Penny Market s.r.o.<\/h4>\n<h6 class=\"-wm-MsoNormal\"><em>M\u00e1te spr\u00e1vn\u00e9 informace. M\u016f\u017eeme potvrdit, \u017ee ve Vimperku pl\u00e1nujeme rozs\u00e1hlej\u0161\u00ed modernizaci cel\u00e9 budovy prodejny v\u010detn\u011b jej\u00edho roz\u0161\u00ed\u0159en\u00ed.\u00a0Sou\u010dasn\u00e1 prodejna ji\u017e nevyhovuje standardu, jak\u00fd bychom cht\u011bli z\u00e1kazn\u00edk\u016fm nab\u00edzet a zm\u011bny vy\u017eaduj\u00ed v\u011bt\u0161\u00ed stavebn\u00ed \u00fapravy, kter\u00e9 by nebylo mo\u017en\u00e9 zvl\u00e1dnout za b\u011b\u017en\u00e9ho provozu. Prodejnu proto na n\u011bkolik m\u011bs\u00edc\u016f uzav\u0159eme a zcela prom\u011bn\u00edme. \u010c\u00e1st prodejny bude zbour\u00e1na a postavena zcela nov\u011b. Zah\u00e1jen\u00ed prac\u00ed pl\u00e1nujeme je\u0161t\u011b v\u00a0pr\u016fb\u011bhu listopadu leto\u0161n\u00edho roku, dokon\u010den\u00ed p\u0159edpokl\u00e1d\u00e1me v\u00a0prvn\u00ed polovin\u011b roku 2025.<\/em><\/h6>\n<h6 class=\"-wm-MsoNormal\"><em>Krom\u011b modern\u00edho a zcela nov\u00e9ho vzhledu exteri\u00e9ru i interi\u00e9ru prodejny se z\u00e1kazn\u00edci mohou t\u011b\u0161it na d\u0159ev\u011bnou st\u0159echu z\u00a0CLT panel\u016f, d\u00edky kter\u00fdm bude cel\u00e1 prodejna p\u016fsobit \u00a0vzdu\u0161n\u011bji a \u00fatuln\u011bji.<\/em><\/h6>\n<h6 class=\"-wm-MsoNormal\"><em>O p\u0159esn\u00e9m term\u00ednu modernizace budeme z\u00e1kazn\u00edky v\u010das informovat.<\/em><\/h6>\n<p>&nbsp;<\/p>\n<p><strong>(red) &#8211; Za kr\u00e1sn\u011bj\u0161\u00ed Vimperk<\/strong><\/p>\n<hr \/>\n<p>&nbsp;<\/p>\n<h6>Informovali jsme:<\/h6>\n<h4 class=\"entry-title\"><a href=\"https:\/\/zakrasnejsivimperk.cz\/?p=300701\" target=\"_blank\" rel=\"noopener\">NA\u0160E M\u011aSTO VIMPERK: Pt\u00e1me se za v\u00e1s \u2013 P\u0159\u00edstavba prodejny Penny<\/a><\/h4>\n<hr \/>\n<p>&nbsp;<\/p>\n","protected":false},"excerpt":{"rendered":"<p>&nbsp; Prosl\u00fdch\u00e1 <\/p>\n","protected":false},"author":2,"featured_media":326955,"comment_status":"open","ping_status":"open","sticky":false,"template":"","format":"gallery","meta":{"footnotes":""},"categories":[107,108],"tags":[],"jetpack_featured_media_url":"https:\/\/zakrasnejsivimperk.cz\/wp-content\/uploads\/2024\/10\/22\/penny-kubik.jpg","_links":{"self":[{"href":"https:\/\/zakrasnejsivimperk.cz\/index.php?rest_route=\/wp\/v2\/posts\/326155"}],"collection":[{"href":"https:\/\/zakrasnejsivimperk.cz\/index.php?rest_route=\/wp\/v2\/posts"}],"about":[{"href":"https:\/\/zakrasnejsivimperk.cz\/index.php?rest_route=\/wp\/v2\/types\/post"}],"author":[{"embeddable":true,"href":"https:\/\/zakrasnejsivimperk.cz\/index.php?rest_route=\/wp\/v2\/users\/2"}],"replies":[{"embeddable":true,"href":"https:\/\/zakrasnejsivimperk.cz\/index.php?rest_route=%2Fwp%2Fv2%2Fcomments&post=326155"}],"version-history":[{"count":2,"href":"https:\/\/zakrasnejsivimperk.cz\/index.php?rest_route=\/wp\/v2\/posts\/326155\/revisions"}],"predecessor-version":[{"id":326954,"href":"https:\/\/zakrasnejsivimperk.cz\/index.php?rest_route=\/wp\/v2\/posts\/326155\/revisions\/326954"}],"wp:featuredmedia":[{"embeddable":true,"href":"https:\/\/zakrasnejsivimperk.cz\/index.php?rest_route=\/wp\/v2\/media\/326955"}],"wp:attachment":[{"href":"https:\/\/zakrasnejsivimperk.cz\/index.php?rest_route=%2Fwp%2Fv2%2Fmedia&parent=326155"}],"wp:term":[{"taxonomy":"category","embeddable":true,"href":"https:\/\/zakrasnejsivimperk.cz\/index.php?rest_route=%2Fwp%2Fv2%2Fcategories&post=326155"},{"taxonomy":"post_tag","embeddable":true,"href":"https:\/\/zakrasnejsivimperk.cz\/index.php?rest_route=%2Fwp%2Fv2%2Ftags&post=326155"}],"curies":[{"name":"wp","href":"https:\/\/api.w.org\/{rel}","templated":true}]}}