{"id":326100,"date":"2024-10-21T08:10:34","date_gmt":"2024-10-21T07:10:34","guid":{"rendered":"https:\/\/zakrasnejsivimperk.cz\/?p=326100"},"modified":"2024-10-21T08:10:34","modified_gmt":"2024-10-21T07:10:34","slug":"aktualne-v-jihoceskem-kraji-bylo-k-42-tydnu-potvrzeno-3-010-pripadu-cerneho-kasle-v-tydnu-pribylo-32-novych-pripadu","status":"publish","type":"post","link":"https:\/\/zakrasnejsivimperk.cz\/?p=326100","title":{"rendered":"AKTU\u00c1LN\u011a: V Jiho\u010desk\u00e9m kraji bylo k 42. t\u00fddnu potvrzeno 3 010 p\u0159\u00edpad\u016f \u010dern\u00e9ho ka\u0161le, v t\u00fddnu p\u0159ibylo 32 nov\u00fdch p\u0159\u00edpad\u016f"},"content":{"rendered":"<h6><img loading=\"lazy\" decoding=\"async\" class=\"size-medium wp-image-199605 alignleft\" src=\"https:\/\/zakrasnejsivimperk.cz\/wp-content\/uploads\/2020\/08\/06\/khs-logo-300x129.jpg\" alt=\"\" width=\"300\" height=\"129\" srcset=\"https:\/\/zakrasnejsivimperk.cz\/wp-content\/uploads\/2020\/08\/06\/khs-logo-300x129.jpg 300w, https:\/\/zakrasnejsivimperk.cz\/wp-content\/uploads\/2020\/08\/06\/khs-logo-768x330.jpg 768w, https:\/\/zakrasnejsivimperk.cz\/wp-content\/uploads\/2020\/08\/06\/khs-logo-831x357.jpg 831w, https:\/\/zakrasnejsivimperk.cz\/wp-content\/uploads\/2020\/08\/06\/khs-logo.jpg 922w\" sizes=\"(max-width: 300px) 100vw, 300px\" \/>\u010cESK\u00c9 BUD\u011aJOVICE 21. 10. 2024 \u2013 V pr\u016fb\u011bhu uplynul\u00fdch 42 t\u00fddn\u016f leto\u0161n\u00edho roku zaznamenali hygienici v Jiho\u010desk\u00e9m kraji celkem 3 010 p\u0159\u00edpad\u016f \u010dern\u00e9ho ka\u0161le \/pertuse\/, v minul\u00e9m t\u00fddnu p\u0159ibylo 32 nov\u00fdch p\u0159\u00edpad\u016f.<\/h6>\n<p>V Jiho\u010desk\u00e9m kraji registruj\u00ed hygienici aktu\u00e1ln\u011b 3 010 potvrzen\u00fdch p\u0159\u00edpad\u016f pertuse. Nejv\u011bt\u0161\u00ed po\u010det nov\u00fdch p\u0159\u00edpad\u016f v uplynul\u00e9m t\u00fddnu z hlediska v\u011bku pacient\u016f registrovali mezi dosp\u011bl\u00fdmi ve v\u011bkov\u00e9 skupin\u011b 45-54 let, a to 7, \u017e\u00e1dn\u00fd p\u0159\u00edpad nebyl zaznamen\u00e1n mezi mlad\u00fdmi ve skupin\u011b 20\u201324 let i u nejmen\u0161\u00edch d\u011bt\u00ed do jednoho roku.<\/p>\n<p><em>\u201eNejv\u00edce p\u0159\u00edpad\u016f celkov\u011b od za\u010d\u00e1tku roku registrujeme mezi st\u0159edo\u0161kol\u00e1ky, v kategorii 15-19 let je od za\u010d\u00e1tku roku celkem 683 p\u0159\u00edpad\u016f, mezi dosp\u011bl\u00fdmi v kategorii 45\u201354 je aktu\u00e1ln\u011b 436 p\u0159\u00edpad\u016f. Co se t\u00fd\u010de srovn\u00e1n\u00ed jiho\u010desk\u00fdch okres\u016f, nejv\u011bt\u0161\u00ed v\u00fdskyt je dlouhodob\u011b na \u010ceskobud\u011bjovicku, kde m\u00e1me 1 106 evidovan\u00fdch p\u0159\u00edpad\u016f, na Jind\u0159ichohradecku je 501 p\u0159\u00edpad\u016f. Zb\u00fdvaj\u00edc\u00ed okresy na\u0161eho kraje maj\u00ed v\u00fdskyt podobn\u00fd a pohybuje se od 257 p\u0159\u00edpad\u016f na T\u00e1borsku po 315 p\u0159\u00edpad\u016f na Prachaticku. Mezi d\u011btmi do jednoho roku jako nejzraniteln\u011bj\u0161\u00ed v\u011bkov\u00e9 skupiny registrujeme 48 p\u0159\u00edpad\u016f, ani v minul\u00e9m t\u00fddnu nep\u0159ibyl v t\u00e9to kategorii \u017e\u00e1dn\u00fd nov\u00fd p\u0159\u00edpad,\u201c<\/em> uvedla \u0159editelka Krajsk\u00e9 hygienick\u00e9 stanice Jiho\u010desk\u00e9ho kraje Kvetoslava Kotrbov\u00e1.<\/p>\n<p><strong>P\u0159\u00edpady podle okres\u016f Jiho\u010desk\u00e9ho kraje k 42. t\u00fddnu 2024:<\/strong><\/p>\n<p>CB:\u00a0 \u00a01 106<\/p>\n<p>CK:\u00a0 \u00a0 \u00a0277<\/p>\n<p>JH:\u00a0 \u00a0 \u00a0501<\/p>\n<p>PI:\u00a0 \u00a0 \u00a0292<\/p>\n<p>PT:\u00a0 \u00a0 315<\/p>\n<p>ST:\u00a0 \u00a0 262<\/p>\n<p>TA:\u00a0 \u00a0 257<\/p>\n<p>&nbsp;<\/p>\n<p><strong>(tz-khs)<\/strong><\/p>\n<hr \/>\n<p>&nbsp;<\/p>\n<h6>Informujeme:<\/h6>\n<h4 class=\"entry-title\"><a href=\"https:\/\/zakrasnejsivimperk.cz\/?p=326079\" target=\"_blank\" rel=\"noopener\">P\u0158E\u010cT\u011aTE SI U N\u00c1S: Den\u00edk Metro \u2013 21. \u0159\u00edjna 2024<\/a><\/h4>\n<h4 class=\"entry-title\"><a href=\"https:\/\/zakrasnejsivimperk.cz\/?p=326043\" target=\"_blank\" rel=\"noopener\">Teplo na \u0160umav\u011b a nejen tam<\/a><\/h4>\n<h4 class=\"entry-title\"><a href=\"https:\/\/zakrasnejsivimperk.cz\/?p=326008\" target=\"_blank\" rel=\"noopener\">Nov\u00e9 \u010dl\u00e1nky na webu Den\u00edku TO \u2013 19. \u0159\u00edjna 2024<\/a><\/h4>\n<h4 class=\"entry-title\"><a href=\"https:\/\/zakrasnejsivimperk.cz\/?p=325961\" target=\"_blank\" rel=\"noopener\">Evropsk\u00fd den statistiky bude ji\u017e tuto ned\u011bli<\/a><\/h4>\n<h4 class=\"entry-title\"><a href=\"https:\/\/zakrasnejsivimperk.cz\/?p=325918\" target=\"_blank\" rel=\"noopener\">Penta Hospitals CZ spustila historicky prvn\u00ed multikan\u00e1lovou n\u00e1borovou kampa\u0148<\/a><\/h4>\n<h4 class=\"entry-title\"><a href=\"https:\/\/zakrasnejsivimperk.cz\/?p=325841\" target=\"_blank\" rel=\"noopener\">V Jiho\u010desk\u00e9m kraji mus\u00ed letos \u0159idi\u010di stihnout vym\u011bnit \u0161est tis\u00edc \u0159idi\u010dsk\u00fdch pr\u016fkaz\u016f, jinak propadnou<\/a><\/h4>\n<h4 class=\"entry-title\"><a href=\"https:\/\/zakrasnejsivimperk.cz\/?p=325825\" target=\"_blank\" rel=\"noopener\">P\u0158E\u010cT\u011aTE SI U N\u00c1S: Den\u00edk Metro \u2013 18. \u0159\u00edjna 2024<\/a><\/h4>\n<hr \/>\n<p>&nbsp;<\/p>\n","protected":false},"excerpt":{"rendered":"<p>\u010cESK\u00c9 BUD\u011aJOVICE <\/p>\n","protected":false},"author":2,"featured_media":319954,"comment_status":"open","ping_status":"open","sticky":false,"template":"","format":"gallery","meta":{"footnotes":""},"categories":[179],"tags":[],"jetpack_featured_media_url":"https:\/\/zakrasnejsivimperk.cz\/wp-content\/uploads\/2024\/09\/02\/nove-kasel.jpg","_links":{"self":[{"href":"https:\/\/zakrasnejsivimperk.cz\/index.php?rest_route=\/wp\/v2\/posts\/326100"}],"collection":[{"href":"https:\/\/zakrasnejsivimperk.cz\/index.php?rest_route=\/wp\/v2\/posts"}],"about":[{"href":"https:\/\/zakrasnejsivimperk.cz\/index.php?rest_route=\/wp\/v2\/types\/post"}],"author":[{"embeddable":true,"href":"https:\/\/zakrasnejsivimperk.cz\/index.php?rest_route=\/wp\/v2\/users\/2"}],"replies":[{"embeddable":true,"href":"https:\/\/zakrasnejsivimperk.cz\/index.php?rest_route=%2Fwp%2Fv2%2Fcomments&post=326100"}],"version-history":[{"count":2,"href":"https:\/\/zakrasnejsivimperk.cz\/index.php?rest_route=\/wp\/v2\/posts\/326100\/revisions"}],"predecessor-version":[{"id":326102,"href":"https:\/\/zakrasnejsivimperk.cz\/index.php?rest_route=\/wp\/v2\/posts\/326100\/revisions\/326102"}],"wp:featuredmedia":[{"embeddable":true,"href":"https:\/\/zakrasnejsivimperk.cz\/index.php?rest_route=\/wp\/v2\/media\/319954"}],"wp:attachment":[{"href":"https:\/\/zakrasnejsivimperk.cz\/index.php?rest_route=%2Fwp%2Fv2%2Fmedia&parent=326100"}],"wp:term":[{"taxonomy":"category","embeddable":true,"href":"https:\/\/zakrasnejsivimperk.cz\/index.php?rest_route=%2Fwp%2Fv2%2Fcategories&post=326100"},{"taxonomy":"post_tag","embeddable":true,"href":"https:\/\/zakrasnejsivimperk.cz\/index.php?rest_route=%2Fwp%2Fv2%2Ftags&post=326100"}],"curies":[{"name":"wp","href":"https:\/\/api.w.org\/{rel}","templated":true}]}}