{"id":326043,"date":"2024-10-20T16:28:10","date_gmt":"2024-10-20T15:28:10","guid":{"rendered":"https:\/\/zakrasnejsivimperk.cz\/?p=326043"},"modified":"2024-10-20T16:28:10","modified_gmt":"2024-10-20T15:28:10","slug":"z-prvni-ruky-teplo-na-sumave-a-nejen-tam","status":"publish","type":"post","link":"https:\/\/zakrasnejsivimperk.cz\/?p=326043","title":{"rendered":"Z PRVN\u00cd RUKY: Teplo na \u0160umav\u011b a nejen tam"},"content":{"rendered":"<figure id=\"attachment_326044\" aria-describedby=\"caption-attachment-326044\" style=\"width: 742px\" class=\"wp-caption aligncenter\"><img loading=\"lazy\" decoding=\"async\" class=\"wp-image-326044 size-full\" src=\"https:\/\/zakrasnejsivimperk.cz\/wp-content\/uploads\/2024\/10\/20\/chmu-teplota-201024.jpg\" alt=\"\" width=\"742\" height=\"691\" srcset=\"https:\/\/zakrasnejsivimperk.cz\/wp-content\/uploads\/2024\/10\/20\/chmu-teplota-201024.jpg 742w, https:\/\/zakrasnejsivimperk.cz\/wp-content\/uploads\/2024\/10\/20\/chmu-teplota-201024-300x279.jpg 300w, https:\/\/zakrasnejsivimperk.cz\/wp-content\/uploads\/2024\/10\/20\/chmu-teplota-201024-383x357.jpg 383w, https:\/\/zakrasnejsivimperk.cz\/wp-content\/uploads\/2024\/10\/20\/chmu-teplota-201024-519x483.jpg 519w\" sizes=\"(max-width: 742px) 100vw, 742px\" \/><figcaption id=\"caption-attachment-326044\" class=\"wp-caption-text\">Zdroj: Facebook<\/figcaption><\/figure>\n<p><img loading=\"lazy\" decoding=\"async\" class=\"aligncenter wp-image-326046 size-full\" src=\"https:\/\/zakrasnejsivimperk.cz\/wp-content\/uploads\/2024\/10\/20\/tabulka-teplota.jpg\" alt=\"\" width=\"1302\" height=\"541\" srcset=\"https:\/\/zakrasnejsivimperk.cz\/wp-content\/uploads\/2024\/10\/20\/tabulka-teplota.jpg 1302w, https:\/\/zakrasnejsivimperk.cz\/wp-content\/uploads\/2024\/10\/20\/tabulka-teplota-300x125.jpg 300w, https:\/\/zakrasnejsivimperk.cz\/wp-content\/uploads\/2024\/10\/20\/tabulka-teplota-1024x425.jpg 1024w, https:\/\/zakrasnejsivimperk.cz\/wp-content\/uploads\/2024\/10\/20\/tabulka-teplota-768x319.jpg 768w, https:\/\/zakrasnejsivimperk.cz\/wp-content\/uploads\/2024\/10\/20\/tabulka-teplota-859x357.jpg 859w, https:\/\/zakrasnejsivimperk.cz\/wp-content\/uploads\/2024\/10\/20\/tabulka-teplota-1162x483.jpg 1162w\" sizes=\"(max-width: 1302px) 100vw, 1302px\" \/><\/p>\n<hr \/>\n<p>&nbsp;<\/p>\n<h6>Informujeme:<\/h6>\n<h4 class=\"entry-title\"><a href=\"https:\/\/zakrasnejsivimperk.cz\/?p=326008\" target=\"_blank\" rel=\"noopener\">Nov\u00e9 \u010dl\u00e1nky na webu Den\u00edku TO \u2013 19. \u0159\u00edjna 2024<\/a><\/h4>\n<h4 class=\"entry-title\"><a href=\"https:\/\/zakrasnejsivimperk.cz\/?p=325961\" target=\"_blank\" rel=\"noopener\">Evropsk\u00fd den statistiky bude ji\u017e tuto ned\u011bli<\/a><\/h4>\n<h4 class=\"entry-title\"><a href=\"https:\/\/zakrasnejsivimperk.cz\/?p=325918\" target=\"_blank\" rel=\"noopener\">Penta Hospitals CZ spustila historicky prvn\u00ed multikan\u00e1lovou n\u00e1borovou kampa\u0148<\/a><\/h4>\n<h4 class=\"entry-title\"><a href=\"https:\/\/zakrasnejsivimperk.cz\/?p=325841\" target=\"_blank\" rel=\"noopener\">V Jiho\u010desk\u00e9m kraji mus\u00ed letos \u0159idi\u010di stihnout vym\u011bnit \u0161est tis\u00edc \u0159idi\u010dsk\u00fdch pr\u016fkaz\u016f, jinak propadnou<\/a><\/h4>\n<h4 class=\"entry-title\"><a href=\"https:\/\/zakrasnejsivimperk.cz\/?p=325825\" target=\"_blank\" rel=\"noopener\">P\u0158E\u010cT\u011aTE SI U N\u00c1S: Den\u00edk Metro \u2013 18. \u0159\u00edjna 2024<\/a><\/h4>\n<h4 class=\"entry-title\"><a href=\"https:\/\/zakrasnejsivimperk.cz\/?p=325778\" target=\"_blank\" rel=\"noopener\">\u0160koln\u00ed stravov\u00e1n\u00ed se po 30 letech zm\u011bn\u00ed, pilotn\u00ed testov\u00e1n\u00ed uk\u00e1zalo, \u017ee to jde<\/a><\/h4>\n<h4 class=\"entry-title\"><a href=\"https:\/\/zakrasnejsivimperk.cz\/?p=325773\" target=\"_blank\" rel=\"noopener\">Sv\u00edtilna RECHARGEABLE CAMPING LANTERN p\u0159edstavuje pro spot\u0159ebitele v\u00e1\u017en\u00e9 riziko \u00farazu elektrick\u00fdm proudem<\/a><\/h4>\n<h4 class=\"entry-title\"><a href=\"https:\/\/zakrasnejsivimperk.cz\/?p=325757\" target=\"_blank\" rel=\"noopener\">Spo\u0159itelna spou\u0161t\u00ed obranu proti fale\u0161n\u00fdm bank\u00e9\u0159\u016fm. Mobiln\u00ed George klienty nyn\u00ed upozorn\u00ed, pokud jim vol\u00e1 skute\u010dn\u00fd bank\u00e9\u0159 Spo\u0159itelny<\/a><\/h4>\n<h4 class=\"entry-title\"><a href=\"https:\/\/zakrasnejsivimperk.cz\/?p=325736\" target=\"_blank\" rel=\"noopener\">Polovina obyvatel \u010ceska m\u00e1 aspo\u0148 maturitu<\/a><\/h4>\n<hr \/>\n<p>&nbsp;<\/p>\n","protected":false},"excerpt":{"rendered":"<p>&nbsp; Informujeme: <\/p>\n","protected":false},"author":2,"featured_media":326045,"comment_status":"open","ping_status":"open","sticky":false,"template":"","format":"gallery","meta":{"footnotes":""},"categories":[70],"tags":[],"jetpack_featured_media_url":"https:\/\/zakrasnejsivimperk.cz\/wp-content\/uploads\/2024\/10\/20\/z-ruky-chmu.jpg","_links":{"self":[{"href":"https:\/\/zakrasnejsivimperk.cz\/index.php?rest_route=\/wp\/v2\/posts\/326043"}],"collection":[{"href":"https:\/\/zakrasnejsivimperk.cz\/index.php?rest_route=\/wp\/v2\/posts"}],"about":[{"href":"https:\/\/zakrasnejsivimperk.cz\/index.php?rest_route=\/wp\/v2\/types\/post"}],"author":[{"embeddable":true,"href":"https:\/\/zakrasnejsivimperk.cz\/index.php?rest_route=\/wp\/v2\/users\/2"}],"replies":[{"embeddable":true,"href":"https:\/\/zakrasnejsivimperk.cz\/index.php?rest_route=%2Fwp%2Fv2%2Fcomments&post=326043"}],"version-history":[{"count":1,"href":"https:\/\/zakrasnejsivimperk.cz\/index.php?rest_route=\/wp\/v2\/posts\/326043\/revisions"}],"predecessor-version":[{"id":326047,"href":"https:\/\/zakrasnejsivimperk.cz\/index.php?rest_route=\/wp\/v2\/posts\/326043\/revisions\/326047"}],"wp:featuredmedia":[{"embeddable":true,"href":"https:\/\/zakrasnejsivimperk.cz\/index.php?rest_route=\/wp\/v2\/media\/326045"}],"wp:attachment":[{"href":"https:\/\/zakrasnejsivimperk.cz\/index.php?rest_route=%2Fwp%2Fv2%2Fmedia&parent=326043"}],"wp:term":[{"taxonomy":"category","embeddable":true,"href":"https:\/\/zakrasnejsivimperk.cz\/index.php?rest_route=%2Fwp%2Fv2%2Fcategories&post=326043"},{"taxonomy":"post_tag","embeddable":true,"href":"https:\/\/zakrasnejsivimperk.cz\/index.php?rest_route=%2Fwp%2Fv2%2Ftags&post=326043"}],"curies":[{"name":"wp","href":"https:\/\/api.w.org\/{rel}","templated":true}]}}