{"id":326008,"date":"2024-10-20T10:01:55","date_gmt":"2024-10-20T09:01:55","guid":{"rendered":"https:\/\/zakrasnejsivimperk.cz\/?p=326008"},"modified":"2024-10-20T10:02:39","modified_gmt":"2024-10-20T09:02:39","slug":"z-prvni-ruky-nove-clanky-na-webu-deniku-to-19-rijna-2024","status":"publish","type":"post","link":"https:\/\/zakrasnejsivimperk.cz\/?p=326008","title":{"rendered":"Z PRVN\u00cd RUKY: Nov\u00e9 \u010dl\u00e1nky na webu Den\u00edku TO &#8211; 19. \u0159\u00edjna 2024"},"content":{"rendered":"<p><img loading=\"lazy\" decoding=\"async\" class=\"aligncenter wp-image-291116\" src=\"https:\/\/zakrasnejsivimperk.cz\/wp-content\/uploads\/2023\/11\/05\/denik-To-logo.jpg\" alt=\"\" width=\"300\" height=\"225\" \/><\/p>\n<p>&nbsp;<\/p>\n<h1><a href=\"https:\/\/denik.to\/vitezem-lidoveckeho-sjezdu-je-grolich-ktery-nekandidoval\/\" target=\"_blank\" rel=\"noopener\">V\u00edt\u011bzem lidoveck\u00e9ho sjezdu je Grolich, kter\u00fd nekandidoval<\/a><\/h1>\n<p>&nbsp;<\/p>\n<h1><a href=\"https:\/\/denik.to\/kdo-me-udal-kvuli-vtipu-o-danusi-nerudove-nevim-ale-v-europarlamentu-je-na-to-cele-oddeleni\/\" target=\"_blank\" rel=\"noopener\">Kdo m\u011b udal kv\u016fli vtipu o\u00a0Danu\u0161i Nerudov\u00e9? Nev\u00edm, ale v\u00a0europarlamentu je na to cel\u00e9 odd\u011blen\u00ed<\/a><\/h1>\n<p>&nbsp;<\/p>\n<h1><a href=\"https:\/\/denik.to\/rada-ct-proverovala-cetnost-pozvanek-stranickych-predsedu-do-otazek-vaclava-moravce-je-to-horsi-nez-si-myslite\/\" target=\"_blank\" rel=\"noopener\">Rada \u010cT prov\u011b\u0159ovala \u010detnost pozv\u00e1nek stranick\u00fdch p\u0159edsed\u016f do Ot\u00e1zek V\u00e1clava Moravce. Je to hor\u0161\u00ed, ne\u017e si mysl\u00edte<\/a><\/h1>\n<hr \/>\n<p>&nbsp;<\/p>\n<h6>Informujeme:<\/h6>\n<h4 class=\"entry-title\"><a href=\"https:\/\/zakrasnejsivimperk.cz\/?p=325961\" target=\"_blank\" rel=\"noopener\">Evropsk\u00fd den statistiky bude ji\u017e tuto ned\u011bli<\/a><\/h4>\n<h4 class=\"entry-title\"><a href=\"https:\/\/zakrasnejsivimperk.cz\/?p=325918\" target=\"_blank\" rel=\"noopener\">Penta Hospitals CZ spustila historicky prvn\u00ed multikan\u00e1lovou n\u00e1borovou kampa\u0148<\/a><\/h4>\n<h4 class=\"entry-title\"><a href=\"https:\/\/zakrasnejsivimperk.cz\/?p=325841\" target=\"_blank\" rel=\"noopener\">V Jiho\u010desk\u00e9m kraji mus\u00ed letos \u0159idi\u010di stihnout vym\u011bnit \u0161est tis\u00edc \u0159idi\u010dsk\u00fdch pr\u016fkaz\u016f, jinak propadnou<\/a><\/h4>\n<h4 class=\"entry-title\"><a href=\"https:\/\/zakrasnejsivimperk.cz\/?p=325825\" target=\"_blank\" rel=\"noopener\">P\u0158E\u010cT\u011aTE SI U N\u00c1S: Den\u00edk Metro \u2013 18. \u0159\u00edjna 2024<\/a><\/h4>\n<h4 class=\"entry-title\"><a href=\"https:\/\/zakrasnejsivimperk.cz\/?p=325778\" target=\"_blank\" rel=\"noopener\">\u0160koln\u00ed stravov\u00e1n\u00ed se po 30 letech zm\u011bn\u00ed, pilotn\u00ed testov\u00e1n\u00ed uk\u00e1zalo, \u017ee to jde<\/a><\/h4>\n<h4 class=\"entry-title\"><a href=\"https:\/\/zakrasnejsivimperk.cz\/?p=325773\" target=\"_blank\" rel=\"noopener\">Sv\u00edtilna RECHARGEABLE CAMPING LANTERN p\u0159edstavuje pro spot\u0159ebitele v\u00e1\u017en\u00e9 riziko \u00farazu elektrick\u00fdm proudem<\/a><\/h4>\n<h4 class=\"entry-title\"><a href=\"https:\/\/zakrasnejsivimperk.cz\/?p=325757\" target=\"_blank\" rel=\"noopener\">Spo\u0159itelna spou\u0161t\u00ed obranu proti fale\u0161n\u00fdm bank\u00e9\u0159\u016fm. Mobiln\u00ed George klienty nyn\u00ed upozorn\u00ed, pokud jim vol\u00e1 skute\u010dn\u00fd bank\u00e9\u0159 Spo\u0159itelny<\/a><\/h4>\n<h4 class=\"entry-title\"><a href=\"https:\/\/zakrasnejsivimperk.cz\/?p=325736\" target=\"_blank\" rel=\"noopener\">Polovina obyvatel \u010ceska m\u00e1 aspo\u0148 maturitu<\/a><\/h4>\n<h4 class=\"entry-title\"><a href=\"https:\/\/zakrasnejsivimperk.cz\/?p=325722\" target=\"_blank\" rel=\"noopener\">P\u0158E\u010cT\u011aTE SI U N\u00c1S: Den\u00edk Metro \u2013 17. \u0159\u00edjna 2024<\/a><\/h4>\n<hr \/>\n<p>&nbsp;<\/p>\n","protected":false},"excerpt":{"rendered":"<p>&nbsp; V\u00edt\u011bzem <\/p>\n","protected":false},"author":2,"featured_media":326009,"comment_status":"open","ping_status":"open","sticky":false,"template":"","format":"gallery","meta":{"footnotes":""},"categories":[70],"tags":[],"jetpack_featured_media_url":"https:\/\/zakrasnejsivimperk.cz\/wp-content\/uploads\/2024\/10\/20\/sablona-denik-to.jpg","_links":{"self":[{"href":"https:\/\/zakrasnejsivimperk.cz\/index.php?rest_route=\/wp\/v2\/posts\/326008"}],"collection":[{"href":"https:\/\/zakrasnejsivimperk.cz\/index.php?rest_route=\/wp\/v2\/posts"}],"about":[{"href":"https:\/\/zakrasnejsivimperk.cz\/index.php?rest_route=\/wp\/v2\/types\/post"}],"author":[{"embeddable":true,"href":"https:\/\/zakrasnejsivimperk.cz\/index.php?rest_route=\/wp\/v2\/users\/2"}],"replies":[{"embeddable":true,"href":"https:\/\/zakrasnejsivimperk.cz\/index.php?rest_route=%2Fwp%2Fv2%2Fcomments&post=326008"}],"version-history":[{"count":2,"href":"https:\/\/zakrasnejsivimperk.cz\/index.php?rest_route=\/wp\/v2\/posts\/326008\/revisions"}],"predecessor-version":[{"id":326011,"href":"https:\/\/zakrasnejsivimperk.cz\/index.php?rest_route=\/wp\/v2\/posts\/326008\/revisions\/326011"}],"wp:featuredmedia":[{"embeddable":true,"href":"https:\/\/zakrasnejsivimperk.cz\/index.php?rest_route=\/wp\/v2\/media\/326009"}],"wp:attachment":[{"href":"https:\/\/zakrasnejsivimperk.cz\/index.php?rest_route=%2Fwp%2Fv2%2Fmedia&parent=326008"}],"wp:term":[{"taxonomy":"category","embeddable":true,"href":"https:\/\/zakrasnejsivimperk.cz\/index.php?rest_route=%2Fwp%2Fv2%2Fcategories&post=326008"},{"taxonomy":"post_tag","embeddable":true,"href":"https:\/\/zakrasnejsivimperk.cz\/index.php?rest_route=%2Fwp%2Fv2%2Ftags&post=326008"}],"curies":[{"name":"wp","href":"https:\/\/api.w.org\/{rel}","templated":true}]}}