{"id":325961,"date":"2024-10-19T12:26:40","date_gmt":"2024-10-19T11:26:40","guid":{"rendered":"https:\/\/zakrasnejsivimperk.cz\/?p=325961"},"modified":"2024-10-19T12:27:33","modified_gmt":"2024-10-19T11:27:33","slug":"z-prvni-ruky-evropsky-den-statistiky-bude-jiz-tuto-nedeli","status":"publish","type":"post","link":"https:\/\/zakrasnejsivimperk.cz\/?p=325961","title":{"rendered":"Z PRVN\u00cd RUKY: Evropsk\u00fd den statistiky bude ji\u017e tuto ned\u011bli"},"content":{"rendered":"<h6><b><img loading=\"lazy\" decoding=\"async\" class=\"size-medium wp-image-219756 alignleft\" src=\"https:\/\/zakrasnejsivimperk.cz\/wp-content\/uploads\/2021\/03\/29\/\u010ds\u00fa-logo-300x81.png\" alt=\"\" width=\"300\" height=\"81\" srcset=\"https:\/\/zakrasnejsivimperk.cz\/wp-content\/uploads\/2021\/03\/29\/\u010ds\u00fa-logo-300x81.png 300w, https:\/\/zakrasnejsivimperk.cz\/wp-content\/uploads\/2021\/03\/29\/\u010ds\u00fa-logo-768x208.png 768w, https:\/\/zakrasnejsivimperk.cz\/wp-content\/uploads\/2021\/03\/29\/\u010ds\u00fa-logo-1024x277.png 1024w, https:\/\/zakrasnejsivimperk.cz\/wp-content\/uploads\/2021\/03\/29\/\u010ds\u00fa-logo.png 1280w\" sizes=\"(max-width: 300px) 100vw, 300px\" \/>Ji\u017e od roku 2016 b\u00fdv\u00e1 20. \u0159\u00edjen Evropsk\u00fdm dnem statistiky. Statistici si v tento den p\u0159ipom\u00ednaj\u00ed d\u016fle\u017eitost spolehliv\u00fdch a objektivn\u00edch dat i v\u00fdznam statistick\u00e9 gramotnosti. \u010cesk\u00fd statistick\u00fd \u00fa\u0159ad p\u0159i t\u00e9to p\u0159\u00edle\u017eitosti p\u0159ipravil nap\u0159\u00edklad statistick\u00fd kv\u00edz \u010di v\u00fdstavu popul\u00e1rn\u00edch infografik.<\/b><\/h6>\n<p><i>\u201e\u010cesk\u00fd statistick\u00fd \u00fa\u0159ad se sna\u017e\u00ed krom\u011b objektivity a kvality d\u00e1vat statistick\u00fdm \u00fadaj\u016fm i srozumitelnou tv\u00e1\u0159 a p\u0159ed\u00e1vat je p\u0159\u00edv\u011btivou formou i \u0161irok\u00e9 ve\u0159ejnosti,\u201c<\/i>\u00a0\u0159\u00edk\u00e1 Marek Roj\u00ed\u010dek, p\u0159edseda \u010cesk\u00e9ho statistick\u00e9ho \u00fa\u0159adu.<\/p>\n<p>Podrobnosti: <strong><u><a id=\"-wm-OWAa7fa45b8-d075-bdd3-0a1e-9dd735b66a4e\" href=\"https:\/\/csu.gov.cz\/produkty\/evropsky-den-statistiky-bude-jiz-tuto-nedeli\" target=\"_blank\" rel=\"noopener\">https:\/\/csu.gov.cz\/produkty\/evropsky-den-statistiky-bude-jiz-tuto-nedeli<\/a><\/u><\/strong><\/p>\n<p><strong>(tz-\u010ds\u00fa)<\/strong><\/p>\n<hr \/>\n<p>&nbsp;<\/p>\n<h6>Informujeme:<\/h6>\n<h4 class=\"entry-title\"><a href=\"https:\/\/zakrasnejsivimperk.cz\/?p=325918\" target=\"_blank\" rel=\"noopener\">Penta Hospitals CZ spustila historicky prvn\u00ed multikan\u00e1lovou n\u00e1borovou kampa\u0148<\/a><\/h4>\n<h4 class=\"entry-title\"><a href=\"https:\/\/zakrasnejsivimperk.cz\/?p=325841\" target=\"_blank\" rel=\"noopener\">V Jiho\u010desk\u00e9m kraji mus\u00ed letos \u0159idi\u010di stihnout vym\u011bnit \u0161est tis\u00edc \u0159idi\u010dsk\u00fdch pr\u016fkaz\u016f, jinak propadnou<\/a><\/h4>\n<h4 class=\"entry-title\"><a href=\"https:\/\/zakrasnejsivimperk.cz\/?p=325825\" target=\"_blank\" rel=\"noopener\">P\u0158E\u010cT\u011aTE SI U N\u00c1S: Den\u00edk Metro \u2013 18. \u0159\u00edjna 2024<\/a><\/h4>\n<h4 class=\"entry-title\"><a href=\"https:\/\/zakrasnejsivimperk.cz\/?p=325778\" target=\"_blank\" rel=\"noopener\">\u0160koln\u00ed stravov\u00e1n\u00ed se po 30 letech zm\u011bn\u00ed, pilotn\u00ed testov\u00e1n\u00ed uk\u00e1zalo, \u017ee to jde<\/a><\/h4>\n<h4 class=\"entry-title\"><a href=\"https:\/\/zakrasnejsivimperk.cz\/?p=325773\" target=\"_blank\" rel=\"noopener\">Sv\u00edtilna RECHARGEABLE CAMPING LANTERN p\u0159edstavuje pro spot\u0159ebitele v\u00e1\u017en\u00e9 riziko \u00farazu elektrick\u00fdm proudem<\/a><\/h4>\n<h4 class=\"entry-title\"><a href=\"https:\/\/zakrasnejsivimperk.cz\/?p=325757\" target=\"_blank\" rel=\"noopener\">Spo\u0159itelna spou\u0161t\u00ed obranu proti fale\u0161n\u00fdm bank\u00e9\u0159\u016fm. Mobiln\u00ed George klienty nyn\u00ed upozorn\u00ed, pokud jim vol\u00e1 skute\u010dn\u00fd bank\u00e9\u0159 Spo\u0159itelny<\/a><\/h4>\n<h4 class=\"entry-title\"><a href=\"https:\/\/zakrasnejsivimperk.cz\/?p=325736\" target=\"_blank\" rel=\"noopener\">Polovina obyvatel \u010ceska m\u00e1 aspo\u0148 maturitu<\/a><\/h4>\n<h4 class=\"entry-title\"><a href=\"https:\/\/zakrasnejsivimperk.cz\/?p=325722\" target=\"_blank\" rel=\"noopener\">P\u0158E\u010cT\u011aTE SI U N\u00c1S: Den\u00edk Metro \u2013 17. \u0159\u00edjna 2024<\/a><\/h4>\n<hr \/>\n<p>&nbsp;<\/p>\n","protected":false},"excerpt":{"rendered":"<p>Ji\u017e od <\/p>\n","protected":false},"author":2,"featured_media":325962,"comment_status":"open","ping_status":"open","sticky":false,"template":"","format":"gallery","meta":{"footnotes":""},"categories":[70],"tags":[],"jetpack_featured_media_url":"https:\/\/zakrasnejsivimperk.cz\/wp-content\/uploads\/2024\/10\/19\/z-ruky-csu.jpg","_links":{"self":[{"href":"https:\/\/zakrasnejsivimperk.cz\/index.php?rest_route=\/wp\/v2\/posts\/325961"}],"collection":[{"href":"https:\/\/zakrasnejsivimperk.cz\/index.php?rest_route=\/wp\/v2\/posts"}],"about":[{"href":"https:\/\/zakrasnejsivimperk.cz\/index.php?rest_route=\/wp\/v2\/types\/post"}],"author":[{"embeddable":true,"href":"https:\/\/zakrasnejsivimperk.cz\/index.php?rest_route=\/wp\/v2\/users\/2"}],"replies":[{"embeddable":true,"href":"https:\/\/zakrasnejsivimperk.cz\/index.php?rest_route=%2Fwp%2Fv2%2Fcomments&post=325961"}],"version-history":[{"count":1,"href":"https:\/\/zakrasnejsivimperk.cz\/index.php?rest_route=\/wp\/v2\/posts\/325961\/revisions"}],"predecessor-version":[{"id":325963,"href":"https:\/\/zakrasnejsivimperk.cz\/index.php?rest_route=\/wp\/v2\/posts\/325961\/revisions\/325963"}],"wp:featuredmedia":[{"embeddable":true,"href":"https:\/\/zakrasnejsivimperk.cz\/index.php?rest_route=\/wp\/v2\/media\/325962"}],"wp:attachment":[{"href":"https:\/\/zakrasnejsivimperk.cz\/index.php?rest_route=%2Fwp%2Fv2%2Fmedia&parent=325961"}],"wp:term":[{"taxonomy":"category","embeddable":true,"href":"https:\/\/zakrasnejsivimperk.cz\/index.php?rest_route=%2Fwp%2Fv2%2Fcategories&post=325961"},{"taxonomy":"post_tag","embeddable":true,"href":"https:\/\/zakrasnejsivimperk.cz\/index.php?rest_route=%2Fwp%2Fv2%2Ftags&post=325961"}],"curies":[{"name":"wp","href":"https:\/\/api.w.org\/{rel}","templated":true}]}}