{"id":325942,"date":"2024-10-19T10:51:01","date_gmt":"2024-10-19T09:51:01","guid":{"rendered":"https:\/\/zakrasnejsivimperk.cz\/?p=325942"},"modified":"2024-10-19T10:53:49","modified_gmt":"2024-10-19T09:53:49","slug":"jizni-cechy-serii-zimnich-koncertu-trebonskych-nocturen-zahaji-houslista-jan-novak-a-pianista-marek-kozak","status":"publish","type":"post","link":"https:\/\/zakrasnejsivimperk.cz\/?p=325942","title":{"rendered":"S\u00e9rii zimn\u00edch koncert\u016f T\u0159ebo\u0148sk\u00fdch nocturen zah\u00e1j\u00ed  houslista Jan Nov\u00e1k a pianista Marek Koz\u00e1k"},"content":{"rendered":"<p><img loading=\"lazy\" decoding=\"async\" class=\"aligncenter wp-image-289707 size-full\" src=\"https:\/\/zakrasnejsivimperk.cz\/wp-content\/uploads\/2023\/10\/24\/Trebonska-nocturna_Konirna_Foto_Ivan_Maly.jpg\" alt=\"\" width=\"1100\" height=\"732\" srcset=\"https:\/\/zakrasnejsivimperk.cz\/wp-content\/uploads\/2023\/10\/24\/Trebonska-nocturna_Konirna_Foto_Ivan_Maly.jpg 1100w, https:\/\/zakrasnejsivimperk.cz\/wp-content\/uploads\/2023\/10\/24\/Trebonska-nocturna_Konirna_Foto_Ivan_Maly-300x200.jpg 300w, https:\/\/zakrasnejsivimperk.cz\/wp-content\/uploads\/2023\/10\/24\/Trebonska-nocturna_Konirna_Foto_Ivan_Maly-1024x681.jpg 1024w, https:\/\/zakrasnejsivimperk.cz\/wp-content\/uploads\/2023\/10\/24\/Trebonska-nocturna_Konirna_Foto_Ivan_Maly-768x511.jpg 768w, https:\/\/zakrasnejsivimperk.cz\/wp-content\/uploads\/2023\/10\/24\/Trebonska-nocturna_Konirna_Foto_Ivan_Maly-536x357.jpg 536w, https:\/\/zakrasnejsivimperk.cz\/wp-content\/uploads\/2023\/10\/24\/Trebonska-nocturna_Konirna_Foto_Ivan_Maly-726x483.jpg 726w\" sizes=\"(max-width: 1100px) 100vw, 1100px\" \/><\/p>\n<p>&nbsp;<\/p>\n<h6>28. ro\u010dn\u00edk zimn\u00edch Abonentn\u00edch koncert\u016f spolku T\u0159ebo\u0148sk\u00e1 nocturna zah\u00e1j\u00ed 24. \u0159\u00edjna od 19:00 v Divadle J. K. Tyla v T\u0159eboni klav\u00edrista Marek Koz\u00e1k a houslista Jan Nov\u00e1k. Program p\u0159edstav\u00ed perly komorn\u00edho reperto\u00e1ru pro housle a klav\u00edr, tvorbu Leo\u0161e Jan\u00e1\u010dka, Bed\u0159icha Smetany a Johannese Brahmse.<\/h6>\n<p><em><img loading=\"lazy\" decoding=\"async\" class=\"size-full wp-image-307395 alignright\" src=\"https:\/\/zakrasnejsivimperk.cz\/wp-content\/uploads\/2024\/05\/15\/trebonska-nocturna-logo.png\" alt=\"\" width=\"300\" height=\"88\" \/>\u201eJan\u00e1\u010dkova Son\u00e1ta pro housle a klav\u00edr je naprosto fam\u00f3zn\u00edm d\u00edlem tohoto \u010desk\u00e9ho velik\u00e1na. Smetanovo Z domoviny je jeho jedin\u00e9 d\u00edlo pro housle a klav\u00edr. Je v n\u011bm dle m\u00e9ho n\u00e1zoru sly\u0161et \u010desk\u00e1 hudba v pln\u00e9 sv\u00e9 kr\u00e1se. Na z\u00e1v\u011br se m\u016f\u017eete t\u011b\u0161it na Johannese Brahmse a jeho son\u00e1tu A dur. Ze t\u0159\u00ed jeho son\u00e1t mou nejobl\u00edben\u011bj\u0161\u00ed,\u201c<\/em> dod\u00e1v\u00e1 k programu Jan Nov\u00e1k.<\/p>\n<p>Son\u00e1ta pro housle a klav\u00edr Leo\u0161e Jan\u00e1\u010dka (1854\u20131928) \u201evznikla roku 1914, na po\u010d\u00e1tku sv\u011btov\u00e9 v\u00e1lky, kdy jsme Rusy \u010dekali u\u017e na Morav\u011b\u201c, sd\u011blil skladatel o jej\u00edm vzniku. Son\u00e1t\u011b p\u0159edch\u00e1zely dva kompozi\u010dn\u00ed pokusy z roku 1880, ty se v\u0161ak nedochovaly, a ani ten t\u0159et\u00ed, kter\u00fd nakonec z\u016fstal jedinou Jan\u00e1\u010dkovou skladbou tohoto druhu, nepokl\u00e1dal jej\u00ed autor za nijak v\u00fdjime\u010dn\u00e9 d\u00edlo. Dvakr\u00e1t ji p\u0159epracoval a je\u0161t\u011b v posledn\u00ed f\u00e1zi pr\u00e1ce roku 1920 vy\u0159adil z\u00e1v\u011bre\u010dnou v\u011btu (jej\u00ed materi\u00e1l pou\u017eil v ope\u0159e V\u00fdlety pana Brou\u010dka) a nahradil ji jinou. Dv\u011b dua Z domoviny Bed\u0159icha Smetany (1824\u20131884) pro housle a klav\u00edr jsou skladbami z\u00e1v\u011bre\u010dn\u00e9 etapy skladatelova \u017eivota. D\u00edlo se do\u010dkalo bezprost\u0159edn\u011b po sv\u00e9m vzniku troj\u00edho proveden\u00ed. Z\u00e1jem o novou Smetanovu skladbu byl pochopiteln\u00fd, krom\u011b ran\u00e9 Fantazie na p\u00edse\u0148 \u201eSil jsem proso na souvrati\u201c je to jedin\u00e1 Smetanova skladba se s\u00f3lov\u00fdm houslov\u00fdm partem. Skladba je v\u011bnov\u00e1na kn\u00ed\u017eeti Alexandru z Thurn Taxis\u016f, podporovateli um\u011bn\u00ed, jeho\u017e s\u00eddlo na z\u00e1mku Lou\u010de\u0148 r\u016fzn\u00ed um\u011blci \u010dasto nav\u0161t\u011bvovali. Kn\u00ed\u017ee se zaslou\u017eil o vznik Smetanova muzea v Jabkenic\u00edch, m\u00edst\u011b, kde skladatel str\u00e1vil zbytek \u017eivota.<\/p>\n<p>L\u00e9to roku 1886 str\u00e1vil Johannes Brahms (1833\u20131897) v ji\u017en\u00edch Korutanech, kde dostal zpr\u00e1vu o n\u00e1v\u0161t\u011bv\u011b altistky Hermine Spies (1857\u20131893), j\u00ed\u017e v\u011bnoval sv\u00e9 dva p\u00eds\u0148ov\u00e9 cykly a jej\u00ed\u017e um\u011bn\u00ed obdivoval. \u201eV o\u010dek\u00e1v\u00e1n\u00ed mil\u00e9 p\u0159\u00edtelkyn\u011b\u201c za\u010dal komponovat Son\u00e1tu pro housle A dur, op. 100, svou druhou v po\u0159ad\u00ed.<\/p>\n<p>V r\u00e1mci zimn\u00edch Abonentn\u00edch koncert\u016f d\u00e1le vystoup\u00ed od listopadu do b\u0159ezna Alinde Quintet, trio Lucie Vagenknechtov\u00e1 (sopr\u00e1n), Daniel Kl\u00e1nsk\u00fd (basbaryton) a Luk\u00e1\u0161 Kl\u00e1nsk\u00fd (klav\u00edr), pianista Miroslav Sekera, \u010cesk\u00fd filharmonick\u00fd sbor Brno a prob\u011bhne tak\u00e9 diskuzn\u00ed ve\u010der s Martinou Koci\u00e1novou a Jarom\u00edrem Hanzl\u00edkem. Vybran\u00e9 koncerty uv\u00e1d\u00ed Pavla Kuchtov\u00e1, vedouc\u00ed redakce zpravodajstv\u00ed \u010cesk\u00e9ho rozhlasu \u010cesk\u00e9 Bud\u011bjovice. Vstupenky a dal\u0161\u00ed informace naleznete na trebonskanocturna.cz<\/p>\n<p>&nbsp;<\/p>\n<h6>ROZHOVOR S JANEM NOV\u00c1KEM A MARKEM KOZ\u00c1KEM<\/h6>\n<p>Jm\u00e9no pianisty Marka Koz\u00e1ka je spojov\u00e1no s neomylnou technikou a bohatou paletou rejst\u0159\u00edk\u016f. Dlouhodob\u011b je pojen s \u00fasp\u011bchy v mezin\u00e1rodn\u00edch sout\u011b\u017e\u00edch a pravideln\u011b hostuje u v\u0161ech p\u0159edn\u00edch \u010desk\u00fdch orchestr\u016f i v zahrani\u010d\u00ed. I houslista Jan Nov\u00e1k je laure\u00e1tem n\u011bkolika mezin\u00e1rodn\u00edch sout\u011b\u017e\u00ed, v\u010detn\u011b mezin\u00e1rodn\u00ed hudebn\u00ed sout\u011b\u017ee Pra\u017esk\u00e9ho jara. P\u0159in\u00e1\u0161\u00edme rozhovor s ob\u011bma um\u011blci.<\/p>\n<figure id=\"attachment_325943\" aria-describedby=\"caption-attachment-325943\" style=\"width: 496px\" class=\"wp-caption alignright\"><img loading=\"lazy\" decoding=\"async\" class=\"wp-image-325943 size-full\" src=\"https:\/\/zakrasnejsivimperk.cz\/wp-content\/uploads\/2024\/10\/19\/marek-kozak.jpg\" alt=\"\" width=\"496\" height=\"640\" srcset=\"https:\/\/zakrasnejsivimperk.cz\/wp-content\/uploads\/2024\/10\/19\/marek-kozak.jpg 496w, https:\/\/zakrasnejsivimperk.cz\/wp-content\/uploads\/2024\/10\/19\/marek-kozak-233x300.jpg 233w, https:\/\/zakrasnejsivimperk.cz\/wp-content\/uploads\/2024\/10\/19\/marek-kozak-277x357.jpg 277w, https:\/\/zakrasnejsivimperk.cz\/wp-content\/uploads\/2024\/10\/19\/marek-kozak-374x483.jpg 374w\" sizes=\"(max-width: 496px) 100vw, 496px\" \/><figcaption id=\"caption-attachment-325943\" class=\"wp-caption-text\">Marek Koz\u00e1k<\/figcaption><\/figure>\n<p><strong>Kdo v\u00e1s p\u0159ivedl k hudb\u011b?<\/strong><\/p>\n<p>MK: Narodil jsem se do hudebn\u00ed rodiny, tak\u017ee to bylo pom\u011brn\u011b jednoduch\u00e9. Nikdo m\u011b nenutil, \u0161lo to tak n\u011bjak samo. Hodn\u011b m\u011b ovlivnili lid\u00e9, se kter\u00fdmi jsem dlouhodob\u011b spolupracoval.<\/p>\n<p>JN: K housl\u00edm a hudb\u011b m\u011b p\u0159ivedli rodi\u010de. Oba hraj\u00ed na housle a od mala se mnou cvi\u010dili.<\/p>\n<p><strong>Oba m\u00e1te zku\u0161enost se studiem na konzervato\u0159i, Marku Vy jste vystudoval ostravskou, Jan v Praze, jakou nejlep\u0161\u00ed radu jste dostali od sv\u00fdch pedagog\u016f a mentor\u016f a jak\u00e9 p\u0159ed\u00e1v\u00e1te d\u00e1le sv\u00fdm student\u016fm?<\/strong><\/p>\n<p>MK: Je t\u011b\u017ek\u00e9 vybrat jednu, kter\u00e1 byla nejlep\u0161\u00ed. Celkov\u011b jsem vd\u011b\u010dn\u00fd za p\u0159\u00edstup, s kter\u00fdm n\u00e1s pan\u00ed profesorka Monika Tugendliebov\u00e1 vyu\u010dovala. Mysl\u00edm, \u017ee je hlavn\u00ed d\u00e1t student\u016fm profesion\u00e1ln\u00ed vzd\u011bl\u00e1n\u00ed a z\u00e1rove\u0148 jim nevz\u00edt nad\u0161en\u00ed k hudb\u011b. \u010casto vid\u00edm n\u011bkoho, kdo hraje s velk\u00fdm z\u00e1palem, ale v\u016fbec netu\u0161\u00ed o \u010dem anebo naopak such\u00fd profesion\u00e1ln\u00ed v\u00fdkon. Ide\u00e1ln\u00ed je m\u00edt oboj\u00ed. Ob\u010das to nen\u00ed jednoduch\u00e9, ale snad se to da\u0159\u00ed!<\/p>\n<p>JN: Pan profesor Ji\u0159\u00ed Fi\u0161er mi dal obrovsk\u00e9 mno\u017estv\u00ed rad a f\u00edgl\u016f, ze kter\u00fdch t\u011b\u017e\u00edm a pou\u017e\u00edv\u00e1m je. Mysl\u00edm, \u017ee mezi nejlep\u0161\u00ed rady, kter\u00e9 mi dal, bych ur\u010dit\u011b za\u0159adil: Hraj a cvi\u010d v\u017edy hlavou a nesna\u017e se hr\u00e1t na p\u00f3diu jinakt nebo l\u00e9pe ne\u017e um\u00ed\u0161. Hraj to tak, jako by to zp\u00edval zp\u011bv\u00e1k.<\/p>\n<p><strong>Jane, Va\u0161e cesty se n\u011bkolikr\u00e1t protnuly s V\u00e1clavem Hude\u010dkem, jak na spolupr\u00e1ci s n\u00edm vzpom\u00edn\u00e1te?<\/strong><\/p>\n<p>JN: Spolupr\u00e1ce s V\u00e1clavem Hude\u010dkem je pro m\u011b v\u017edy obrovsk\u00e1 radost. Hr\u00e1li jsme spolu na jeho akademii koncerty v Luha\u010dovic\u00edch, ve \u0160t\u00edp\u011b a na konci l\u00e9ta i v Litom\u011b\u0159ic\u00edch. Energie, kter\u00e1 z n\u011bj sr\u0161\u00ed na p\u00f3diu i mimo n\u011bj je unik\u00e1tem, kter\u00fdm oslovuje u\u017e n\u011bkolik generac\u00ed poslucha\u010d\u016f a houslist\u016f. Moc se t\u011b\u0161\u00edm na dal\u0161\u00ed spolupr\u00e1ci s takovou osobnost\u00ed, jakou V\u00e1clav Hude\u010dek bezpochyby je.<\/p>\n<figure id=\"attachment_325945\" aria-describedby=\"caption-attachment-325945\" style=\"width: 476px\" class=\"wp-caption alignleft\"><img loading=\"lazy\" decoding=\"async\" class=\"wp-image-325945 size-full\" src=\"https:\/\/zakrasnejsivimperk.cz\/wp-content\/uploads\/2024\/10\/19\/jan-novak.jpg\" alt=\"\" width=\"476\" height=\"656\" srcset=\"https:\/\/zakrasnejsivimperk.cz\/wp-content\/uploads\/2024\/10\/19\/jan-novak.jpg 476w, https:\/\/zakrasnejsivimperk.cz\/wp-content\/uploads\/2024\/10\/19\/jan-novak-218x300.jpg 218w, https:\/\/zakrasnejsivimperk.cz\/wp-content\/uploads\/2024\/10\/19\/jan-novak-259x357.jpg 259w, https:\/\/zakrasnejsivimperk.cz\/wp-content\/uploads\/2024\/10\/19\/jan-novak-350x483.jpg 350w\" sizes=\"(max-width: 476px) 100vw, 476px\" \/><figcaption id=\"caption-attachment-325945\" class=\"wp-caption-text\">Jan Nov\u00e1k<\/figcaption><\/figure>\n<p><strong>Je v\u016fbec \u010das na mimohudebn\u00ed kon\u00ed\u010dky?<\/strong><\/p>\n<p>MK: Byl bych r\u00e1d, aby ho bylo v\u00edce. Ale sna\u017e\u00edm se co nejv\u00edc sportovat, je to pro m\u011b ide\u00e1ln\u00ed odreagov\u00e1n\u00ed. V posledn\u00ed dob\u011b nejrad\u011bji j\u00edzda na kole nebo b\u011bh.<\/p>\n<p>JN: Je! Jezd\u00edm hodn\u011b na kole a hraji tenis. Sport m\u00e1m velice r\u00e1d. Dlouho byl ur\u010dit\u011b stejn\u011b d\u016fle\u017eit\u00fd jako hra na housle. Dnes maj\u00ed housle samoz\u0159ejm\u011b trochu p\u0159ednost.<\/p>\n<p><strong>Marku, Vy pr\u00fd chcete proj\u00edt celou \u0160umavu\u2026<\/strong><\/p>\n<p>MK: V T\u0159eboni jsem zat\u00edm je\u0161t\u011b nehr\u00e1l, o to v\u00edc se tam t\u011b\u0161\u00edm. Jinak Ji\u017en\u00ed \u010cechy m\u00e1m moc r\u00e1d, ka\u017ed\u00fd rok pravideln\u011b vyu\u010duji na klav\u00edrn\u00edch kurzech v \u010cesk\u00e9m Krumlov\u011b\u2026 \u0160umava je v pl\u00e1nu, jen ten \u010das sch\u00e1z\u00ed\u2026<\/p>\n<p><strong>Jac\u00ed jsou va\u0161i nejobl\u00edben\u011bj\u0161\u00ed skladatel\u00e9 \u010di skladatelky a pro\u010d?<\/strong><\/p>\n<p>JN: Seznam m\u00fdch obl\u00edben\u00fdch skladatel\u016f se neust\u00e1le roz\u0161i\u0159uje a je t\u011b\u017ek\u00e9 vybrat jen p\u00e1r. Dvo\u0159\u00e1k se Smetanou jsou \u00fa\u017easn\u00ed. D\u00e1le m\u00e1m v l\u00e1sce Beethovena s Mozartem.<\/p>\n<p>MK: Ty, kter\u00e9 zrovna hraju! (sm\u00edch)<\/p>\n<p>&nbsp;<\/p>\n<p>&nbsp;<\/p>\n<p><strong>Anna MA\u0160\u00c1TOV\u00c1, T\u0159ebo\u0148sk\u00e1 nocturna<\/strong><\/p>\n<p>Foto: archiv po\u0159adatel\u016f<\/p>\n<p>&nbsp;<\/p>\n<hr \/>\n<p>&nbsp;<\/p>\n","protected":false},"excerpt":{"rendered":"<p>&nbsp; 28. <\/p>\n","protected":false},"author":2,"featured_media":289707,"comment_status":"open","ping_status":"open","sticky":false,"template":"","format":"gallery","meta":{"footnotes":""},"categories":[19],"tags":[],"jetpack_featured_media_url":"https:\/\/zakrasnejsivimperk.cz\/wp-content\/uploads\/2023\/10\/24\/Trebonska-nocturna_Konirna_Foto_Ivan_Maly.jpg","_links":{"self":[{"href":"https:\/\/zakrasnejsivimperk.cz\/index.php?rest_route=\/wp\/v2\/posts\/325942"}],"collection":[{"href":"https:\/\/zakrasnejsivimperk.cz\/index.php?rest_route=\/wp\/v2\/posts"}],"about":[{"href":"https:\/\/zakrasnejsivimperk.cz\/index.php?rest_route=\/wp\/v2\/types\/post"}],"author":[{"embeddable":true,"href":"https:\/\/zakrasnejsivimperk.cz\/index.php?rest_route=\/wp\/v2\/users\/2"}],"replies":[{"embeddable":true,"href":"https:\/\/zakrasnejsivimperk.cz\/index.php?rest_route=%2Fwp%2Fv2%2Fcomments&post=325942"}],"version-history":[{"count":6,"href":"https:\/\/zakrasnejsivimperk.cz\/index.php?rest_route=\/wp\/v2\/posts\/325942\/revisions"}],"predecessor-version":[{"id":325950,"href":"https:\/\/zakrasnejsivimperk.cz\/index.php?rest_route=\/wp\/v2\/posts\/325942\/revisions\/325950"}],"wp:featuredmedia":[{"embeddable":true,"href":"https:\/\/zakrasnejsivimperk.cz\/index.php?rest_route=\/wp\/v2\/media\/289707"}],"wp:attachment":[{"href":"https:\/\/zakrasnejsivimperk.cz\/index.php?rest_route=%2Fwp%2Fv2%2Fmedia&parent=325942"}],"wp:term":[{"taxonomy":"category","embeddable":true,"href":"https:\/\/zakrasnejsivimperk.cz\/index.php?rest_route=%2Fwp%2Fv2%2Fcategories&post=325942"},{"taxonomy":"post_tag","embeddable":true,"href":"https:\/\/zakrasnejsivimperk.cz\/index.php?rest_route=%2Fwp%2Fv2%2Ftags&post=325942"}],"curies":[{"name":"wp","href":"https:\/\/api.w.org\/{rel}","templated":true}]}}