{"id":325909,"date":"2024-10-18T18:50:19","date_gmt":"2024-10-18T17:50:19","guid":{"rendered":"https:\/\/zakrasnejsivimperk.cz\/?p=325909"},"modified":"2024-10-18T18:50:19","modified_gmt":"2024-10-18T17:50:19","slug":"cesky-hydrometeorologicky-ustav-vyvoj-situace-a-predpoved-pocasi-pro-ceskou-republiku-do-26-rijna","status":"publish","type":"post","link":"https:\/\/zakrasnejsivimperk.cz\/?p=325909","title":{"rendered":"\u010cESK\u00dd HYDROMETEOROLOGICK\u00dd \u00daSTAV: V\u00fdvoj situace a p\u0159edpov\u011b\u010f po\u010das\u00ed pro \u010ceskou republiku do 26. \u0159\u00edjna"},"content":{"rendered":"<figure id=\"attachment_325910\" aria-describedby=\"caption-attachment-325910\" style=\"width: 1100px\" class=\"wp-caption aligncenter\"><img loading=\"lazy\" decoding=\"async\" class=\"wp-image-325910 size-full\" src=\"https:\/\/zakrasnejsivimperk.cz\/wp-content\/uploads\/2024\/10\/18\/vpk-podzim-2.jpg\" alt=\"\" width=\"1100\" height=\"811\" srcset=\"https:\/\/zakrasnejsivimperk.cz\/wp-content\/uploads\/2024\/10\/18\/vpk-podzim-2.jpg 1100w, https:\/\/zakrasnejsivimperk.cz\/wp-content\/uploads\/2024\/10\/18\/vpk-podzim-2-300x221.jpg 300w, https:\/\/zakrasnejsivimperk.cz\/wp-content\/uploads\/2024\/10\/18\/vpk-podzim-2-1024x755.jpg 1024w, https:\/\/zakrasnejsivimperk.cz\/wp-content\/uploads\/2024\/10\/18\/vpk-podzim-2-768x566.jpg 768w, https:\/\/zakrasnejsivimperk.cz\/wp-content\/uploads\/2024\/10\/18\/vpk-podzim-2-484x357.jpg 484w, https:\/\/zakrasnejsivimperk.cz\/wp-content\/uploads\/2024\/10\/18\/vpk-podzim-2-655x483.jpg 655w\" sizes=\"(max-width: 1100px) 100vw, 1100px\" \/><figcaption id=\"caption-attachment-325910\" class=\"wp-caption-text\">Ilustra\u010dn\u00ed foto: (red) \u2013 Za kr\u00e1sn\u011bj\u0161\u00ed Vimperk<\/figcaption><\/figure>\n<hr \/>\n<p>&nbsp;<\/p>\n<h6 class=\"textik1\">Situace: Mezi tlakovou v\u00fd\u0161\u00ed, jej\u00ed\u017e st\u0159ed se bude p\u0159esouvat z\u00a0Ruska k\u00a0jihu a vypl\u0148uj\u00edc\u00ed se br\u00e1zdou n\u00edzk\u00e9ho tlaku vzduchu nad z\u00e1padn\u00ed Evropou, k\u00a0n\u00e1m bude pokra\u010dovat p\u0159\u00edliv\u00a0tepl\u00e9ho vzduchu od jihu, zejm\u00e9na ve vy\u0161\u0161\u00edch vrstv\u00e1ch atmosf\u00e9ry. V\u00a0\u00fater\u00fd postoup\u00ed do st\u0159edn\u00ed Evropy od severoz\u00e1padu studen\u00e1 fronta a za\u010dne ovliv\u0148ovat po\u010das\u00ed u n\u00e1s. Za n\u00ed se bude ve st\u0159edu p\u0159esouvat p\u0159es\u00a0st\u0159edn\u00ed Evropu k\u00a0v\u00fdchodu tlakov\u00e1 v\u00fd\u0161e, po jej\u00ed\u017e zadn\u00ed stran\u011b se k\u00a0n\u00e1m obnov\u00ed zejm\u00e9na ve vy\u0161\u0161\u00edch vrstv\u00e1ch atmosf\u00e9ry p\u0159\u00edliv\u00a0teplej\u0161\u00edho vzduchu od jihu. Na konci obdob\u00ed se do st\u0159edn\u00ed Evropy roz\u0161\u00ed\u0159\u00ed od z\u00e1padu br\u00e1zda n\u00edzk\u00e9ho tlaku vzduchu.<\/h6>\n<p>&nbsp;<\/p>\n<h6 class=\"textik1\"><img loading=\"lazy\" decoding=\"async\" class=\"alignright wp-image-191184\" src=\"https:\/\/zakrasnejsivimperk.cz\/wp-content\/uploads\/2020\/05\/07\/\u010dhm\u00fa-logo-nov\u00e9-300x123.jpg\" alt=\"\" width=\"400\" height=\"164\" srcset=\"https:\/\/zakrasnejsivimperk.cz\/wp-content\/uploads\/2020\/05\/07\/\u010dhm\u00fa-logo-nov\u00e9-300x123.jpg 300w, https:\/\/zakrasnejsivimperk.cz\/wp-content\/uploads\/2020\/05\/07\/\u010dhm\u00fa-logo-nov\u00e9-768x316.jpg 768w, https:\/\/zakrasnejsivimperk.cz\/wp-content\/uploads\/2020\/05\/07\/\u010dhm\u00fa-logo-nov\u00e9.jpg 861w\" sizes=\"(max-width: 400px) 100vw, 400px\" \/>P\u0159edpov\u011b\u010f na sobotu 19. \u0159\u00edjna:<\/h6>\n<p class=\"textik2\">V\u00a0noci polojasno a\u017e obla\u010dno. Postupn\u011b m\u00edsty zata\u017eeno n\u00edzkou obla\u010dnost\u00ed, zejm\u00e9na v\u00a0jihoz\u00e1padn\u00ed polovin\u011b \u00fazem\u00ed. Na z\u00e1pad\u011b a jihoz\u00e1pad\u011b m\u00edsty mlhy. Ojedin\u011ble mrholen\u00ed, v\u00a0\u010cech\u00e1ch zpo\u010d\u00e1tku i slab\u00fd d\u00e9\u0161\u0165. P\u0159es\u00a0den p\u0159ev\u00e1\u017en\u011b polojasno. M\u00edsty, postupn\u011b jen ojedin\u011ble zata\u017eeno n\u00edzkou obla\u010dnost\u00ed, zejm\u00e9na v\u00a0jihoz\u00e1padn\u00ed polovin\u011b \u010cech. Nejni\u017e\u0161\u00ed no\u010dn\u00ed teploty 10 a\u017e 6\u00a0\u00b0C, na severov\u00fdchod\u011b ojedin\u011ble kolem 4\u00a0\u00b0C. Nejvy\u0161\u0161\u00ed denn\u00ed teploty 14 a\u017e 18\u00a0\u00b0C, na \u010ceskomoravsk\u00e9 vrchovin\u011b a na z\u00e1pad\u011b \u010cech kolem 12\u00a0\u00b0C, v\u00a01000 m na hor\u00e1ch kolem 12\u00a0\u00b0C, na \u0160umav\u011b kolem 16\u00a0\u00b0C. M\u00edrn\u00fd jihov\u00fdchodn\u00ed v\u00edtr 2 a\u017e 6 m\/s, na \u010ceskomoravsk\u00e9 vrchovin\u011b a na severu \u010cech \u010derstv\u00fd 5 a\u017e 9 m\/s, m\u00edsty s\u00a0n\u00e1razy kolem 15 m\/s. Na z\u00e1pad\u011b a severov\u00fdchod\u011b v\u00edtr slab\u00fd prom\u011bnliv\u00fd do 4 m\/s.<\/p>\n<p>&nbsp;<\/p>\n<h6 class=\"textik1\">P\u0159edpov\u011b\u010f na ned\u011bli 20. \u0159\u00edjna:<\/h6>\n<p class=\"textik2\">Polojasno a\u017e jasno, v\u00a0z\u00e1padn\u00ed polovin\u011b \u010cech m\u00edsty, jinde ojedin\u011ble n\u00edzk\u00e1 obla\u010dnost nebo mlhy. Nejni\u017e\u0161\u00ed no\u010dn\u00ed teploty 7 a\u017e 3\u00a0\u00b0C, na severov\u00fdchod\u011b m\u00edsty a\u017e 1\u00a0\u00b0C. Nejvy\u0161\u0161\u00ed denn\u00ed teploty 12 a\u017e 16\u00a0\u00b0C. M\u00edrn\u00fd jihov\u00fdchodn\u00ed a\u017e ji\u017en\u00ed v\u00edtr 3 a\u017e 7 m\/s, zejm\u00e9na na \u010ceskomoravsk\u00e9 vrchovin\u011b a\u017e \u010derstv\u00fd m\u00edsty s\u00a0n\u00e1razy kolem 15 m\/s. Na z\u00e1pad\u011b, jihoz\u00e1pad\u011b a p\u0159echodn\u011b i na v\u00fdchod\u011b v\u00edtr jen slab\u00fd prom\u011bnliv\u00fd do 4 m\/s.<\/p>\n<p>&nbsp;<\/p>\n<h6 class=\"textik1\">P\u0159edpov\u011b\u010f na pond\u011bl\u00ed 21. \u0159\u00edjna:<\/h6>\n<p class=\"textik2\">Polojasno a\u017e jasno, v\u00a0z\u00e1padn\u00ed polovin\u011b \u010cech a na \u010ceskomoravsk\u00e9 vrchovin\u011b m\u00edsty n\u00edzk\u00e1 obla\u010dnost. Nejni\u017e\u0161\u00ed no\u010dn\u00ed teploty 8 a\u017e 4\u00a0\u00b0C, p\u0159i vyjasn\u011bn\u00ed a slab\u00e9m v\u011btru a\u017e 1\u00a0\u00b0C. Nejvy\u0161\u0161\u00ed denn\u00ed teploty 14 a\u017e 18\u00a0\u00b0C, p\u0159i n\u00edzk\u00e9 obla\u010dnosti kolem 12\u00a0\u00b0C. M\u00edrn\u00fd ji\u017en\u00ed a\u017e jihov\u00fdchodn\u00ed v\u00edtr 2 a\u017e 6 m\/s. Na z\u00e1pad\u011b a jihoz\u00e1pad\u011b v\u00edtr jen slab\u00fd prom\u011bnliv\u00fd do 4 m\/s.<\/p>\n<p>&nbsp;<\/p>\n<h6 class=\"textik1\">P\u0159edpov\u011b\u010f na \u00fater\u00fd 22. \u0159\u00edjna:<\/h6>\n<p class=\"textik2\">Polojasno a\u017e jasno, m\u00edsty n\u00edzk\u00e1 obla\u010dnost nebo mlhy. B\u011bhem dne od severoz\u00e1padu obla\u010dno a\u017e zata\u017eeno, v\u00a0severoz\u00e1padn\u00ed polovin\u011b \u00fazem\u00ed m\u00edsty, jinde jen ojedin\u011ble d\u00e9\u0161\u0165 nebo p\u0159eh\u00e1\u0148ky. Nejni\u017e\u0161\u00ed no\u010dn\u00ed teploty 8 a\u017e 4\u00a0\u00b0C, p\u0159i mal\u00e9 obla\u010dnosti a slab\u0161\u00edm v\u011btru a\u017e 2\u00a0\u00b0C. Nejvy\u0161\u0161\u00ed denn\u00ed teploty 14 a\u017e 18\u00a0\u00b0C, p\u0159i n\u00edzk\u00e9 obla\u010dnosti kolem 12\u00a0\u00b0C. M\u00edrn\u00fd v\u00edtr z\u00a0ji\u017en\u00edch sm\u011br\u016f 2 a\u017e 6 m\/s\u00a0se bude m\u011bnit na severoz\u00e1padn\u00ed a\u017e severn\u00ed a odpoledne bude sl\u00e1bnout.<\/p>\n<p>&nbsp;<\/p>\n<h6 class=\"textik1\">P\u0159edpov\u011b\u010f na st\u0159edu 23. \u0159\u00edjna:<\/h6>\n<p class=\"textik2\">Zpo\u010d\u00e1tku v\u011bt\u0161inou obla\u010dno, m\u00edsty d\u00e9\u0161\u0165 nebo p\u0159eh\u00e1\u0148ky, b\u011bhem dne od severoz\u00e1padu ust\u00e1v\u00e1n\u00ed sr\u00e1\u017eek\u00a0a ub\u00fdv\u00e1n\u00ed obla\u010dnosti. Nejni\u017e\u0161\u00ed no\u010dn\u00ed teploty 9 a\u017e 5\u00a0\u00b0C, p\u0159i zmen\u0161en\u00e9 obla\u010dnosti zejm\u00e9na na severoz\u00e1pad\u011b a\u017e 3\u00a0\u00b0C. Nejvy\u0161\u0161\u00ed denn\u00ed teploty 11 a\u017e 15\u00a0\u00b0C. Slab\u00fd severov\u00fdchodn\u00ed a\u017e v\u00fdchodn\u00ed v\u00edtr do 4 m\/s, na v\u00fdchod\u011b zpo\u010d\u00e1tku m\u00edrn\u00fd.<\/p>\n<p>&nbsp;<\/p>\n<h6 class=\"textik1\">Vyhl\u00eddka po\u010das\u00ed od \u010dtvrtka 24. \u0159\u00edjna do soboty 26. \u0159\u00edjna:<\/h6>\n<p class=\"textik2\">Jasno a\u017e polojasno, m\u00edsty mlhy nebo n\u00edzk\u00e1 obla\u010dnost. Na konci obdob\u00ed p\u0159ib\u00fdv\u00e1n\u00ed obla\u010dnosti a m\u00edsty d\u00e9\u0161\u0165 nebo p\u0159eh\u00e1\u0148ky. Nejni\u017e\u0161\u00ed no\u010dn\u00ed teploty 9 a\u017e 4\u00a0\u00b0C, zpo\u010d\u00e1tku p\u0159i zmen\u0161en\u00e9 obla\u010dnosti kolem 2\u00a0\u00b0C. Nejvy\u0161\u0161\u00ed denn\u00ed teploty 13 a\u017e 17\u00a0\u00b0C, p\u0159i n\u00edzk\u00e9 obla\u010dnosti kolem 11\u00a0\u00b0C<\/p>\n<p>&nbsp;<\/p>\n<p>&nbsp;<\/p>\n<p><a href=\"https:\/\/www.chmi.cz\/\" target=\"_blank\" rel=\"noopener\"><strong>\u010cESK\u00dd HYDROMETEOROLOGICK\u00dd \u00daSTAV<\/strong><\/a><\/p>\n<p>&nbsp;<\/p>\n<h4><a href=\"https:\/\/zakrasnejsivimperk.cz\/?p=231510\" target=\"_blank\" rel=\"noopener\">V\u00fdstrahy \u010cesk\u00e9ho hydrometeorologick\u00e9ho \u00fastavu pro regiony a m\u011bsta najdete ZDE<\/a><\/h4>\n<hr \/>\n<p>&nbsp;<\/p>\n","protected":false},"excerpt":{"rendered":"<p>&nbsp; Situace: <\/p>\n","protected":false},"author":2,"featured_media":325911,"comment_status":"open","ping_status":"open","sticky":false,"template":"","format":"gallery","meta":{"footnotes":""},"categories":[110],"tags":[],"jetpack_featured_media_url":"https:\/\/zakrasnejsivimperk.cz\/wp-content\/uploads\/2024\/10\/18\/ram-pocasi.jpg","_links":{"self":[{"href":"https:\/\/zakrasnejsivimperk.cz\/index.php?rest_route=\/wp\/v2\/posts\/325909"}],"collection":[{"href":"https:\/\/zakrasnejsivimperk.cz\/index.php?rest_route=\/wp\/v2\/posts"}],"about":[{"href":"https:\/\/zakrasnejsivimperk.cz\/index.php?rest_route=\/wp\/v2\/types\/post"}],"author":[{"embeddable":true,"href":"https:\/\/zakrasnejsivimperk.cz\/index.php?rest_route=\/wp\/v2\/users\/2"}],"replies":[{"embeddable":true,"href":"https:\/\/zakrasnejsivimperk.cz\/index.php?rest_route=%2Fwp%2Fv2%2Fcomments&post=325909"}],"version-history":[{"count":1,"href":"https:\/\/zakrasnejsivimperk.cz\/index.php?rest_route=\/wp\/v2\/posts\/325909\/revisions"}],"predecessor-version":[{"id":325912,"href":"https:\/\/zakrasnejsivimperk.cz\/index.php?rest_route=\/wp\/v2\/posts\/325909\/revisions\/325912"}],"wp:featuredmedia":[{"embeddable":true,"href":"https:\/\/zakrasnejsivimperk.cz\/index.php?rest_route=\/wp\/v2\/media\/325911"}],"wp:attachment":[{"href":"https:\/\/zakrasnejsivimperk.cz\/index.php?rest_route=%2Fwp%2Fv2%2Fmedia&parent=325909"}],"wp:term":[{"taxonomy":"category","embeddable":true,"href":"https:\/\/zakrasnejsivimperk.cz\/index.php?rest_route=%2Fwp%2Fv2%2Fcategories&post=325909"},{"taxonomy":"post_tag","embeddable":true,"href":"https:\/\/zakrasnejsivimperk.cz\/index.php?rest_route=%2Fwp%2Fv2%2Ftags&post=325909"}],"curies":[{"name":"wp","href":"https:\/\/api.w.org\/{rel}","templated":true}]}}