{"id":325773,"date":"2024-10-17T13:46:55","date_gmt":"2024-10-17T12:46:55","guid":{"rendered":"https:\/\/zakrasnejsivimperk.cz\/?p=325773"},"modified":"2024-10-17T13:56:54","modified_gmt":"2024-10-17T12:56:54","slug":"z-prvni-ruky-svitilna-rechargeable-camping-lantern-predstavuje-pro-spotrebitele-vazne-riziko-urazu-elektrickym-proudem","status":"publish","type":"post","link":"https:\/\/zakrasnejsivimperk.cz\/?p=325773","title":{"rendered":"Z PRVN\u00cd RUKY: Sv\u00edtilna RECHARGEABLE CAMPING LANTERN p\u0159edstavuje pro spot\u0159ebitele v\u00e1\u017en\u00e9 riziko \u00farazu elektrick\u00fdm proudem"},"content":{"rendered":"<h6><img loading=\"lazy\" decoding=\"async\" class=\"alignleft wp-image-201761\" src=\"https:\/\/zakrasnejsivimperk.cz\/wp-content\/uploads\/2020\/08\/31\/\u010doi-logo-300x146.jpg\" alt=\"\" width=\"200\" height=\"97\" srcset=\"https:\/\/zakrasnejsivimperk.cz\/wp-content\/uploads\/2020\/08\/31\/\u010doi-logo-300x146.jpg 300w, https:\/\/zakrasnejsivimperk.cz\/wp-content\/uploads\/2020\/08\/31\/\u010doi-logo-326x159.jpg 326w, https:\/\/zakrasnejsivimperk.cz\/wp-content\/uploads\/2020\/08\/31\/\u010doi-logo.jpg 632w\" sizes=\"(max-width: 200px) 100vw, 200px\" \/>(Praha, 17. \u0159\u00edjen 2024) \u010cesk\u00e1 obchodn\u00ed inspekce zjistila, \u017ee na vnit\u0159n\u00edm trhu je v nab\u00eddce elektrick\u00e9 za\u0159\u00edzen\u00ed, kter\u00e9 m\u016f\u017ee znamenat pro spot\u0159ebitele v\u00e1\u017en\u00e9 riziko \u00farazu elektrick\u00fdm proudem. Jedn\u00e1 se o v\u00fdrobek \u201eSv\u00edtilna RECHARGEABLE CAMPING LANTERN\u201c.<\/h6>\n<p>&nbsp;<\/p>\n<p><img loading=\"lazy\" decoding=\"async\" class=\"alignright wp-image-325775 size-full\" src=\"https:\/\/zakrasnejsivimperk.cz\/wp-content\/uploads\/2024\/10\/17\/nebezpecna-lampa.jpg\" alt=\"\" width=\"601\" height=\"492\" srcset=\"https:\/\/zakrasnejsivimperk.cz\/wp-content\/uploads\/2024\/10\/17\/nebezpecna-lampa.jpg 601w, https:\/\/zakrasnejsivimperk.cz\/wp-content\/uploads\/2024\/10\/17\/nebezpecna-lampa-300x246.jpg 300w, https:\/\/zakrasnejsivimperk.cz\/wp-content\/uploads\/2024\/10\/17\/nebezpecna-lampa-436x357.jpg 436w, https:\/\/zakrasnejsivimperk.cz\/wp-content\/uploads\/2024\/10\/17\/nebezpecna-lampa-590x483.jpg 590w\" sizes=\"(max-width: 601px) 100vw, 601px\" \/>Sv\u00edtilna RECHARGEABLE CAMPING LANTERN<\/p>\n<p><strong>N\u00e1zev v\u00fdrobku:<\/strong> Sv\u00edtilna RECHARGEABLE CAMPING LANTERN<\/p>\n<p><strong>Typ \/ \u010d\u00edslo modelu:<\/strong> SH-5800T<\/p>\n<p><strong>EAN:<\/strong> 8569686804859<\/p>\n<p><strong>Identifika\u010dn\u00ed \u00fadaje v\u00fdrobce:<\/strong> SIHONG, kontaktn\u00ed \u00fadaje neuvedeny<\/p>\n<p><strong>Identifika\u010dn\u00ed \u00fadaje dovozce:<\/strong> TIGO LPL s.r.o., \u0158\u00ed\u010dansk\u00e1 178, 25242 Jesenice<\/p>\n<p><strong>Distributor:<\/strong> Dinh Thieu Nguyen, n\u00e1m\u011bst\u00ed Karla IV. 6, 36221 Nejdek<\/p>\n<p><strong>Zem\u011b p\u016fvodu:<\/strong> \u010c\u00edna<\/p>\n<p>P\u0159enosn\u00e1 kempingov\u00e1 dob\u00edjec\u00ed sv\u00edtilna s LED sv\u011bteln\u00fdmi zdroji je opat\u0159ena vyp\u00edna\u010dem, s\u00ed\u0165ov\u00fdm a sol\u00e1rn\u00edm dob\u00edjen\u00edm. Obal v\u00fdrobku tvo\u0159\u00ed kartonov\u00e1 krabi\u010dka, na kter\u00e9 je uvedena zna\u010dka v\u00fdrobce SIHONG, kdy adresa v\u00fdrobce nen\u00ed uvedena, d\u00e1le CE, dovozce, kter\u00fdm je TIGO LPL s.r.o., \u0158\u00ed\u010dansk\u00e1 178, 252 42 Jesenice, AC 110V-220V, 50-60Hz, 3W, 1W+6LED, vyrobeno v \u010c\u00edn\u011b, nevhodn\u00e9 pro d\u011bti do 3 let, obsahuje mal\u00e9 \u010d\u00e1sti, piktogram nevhodn\u00e9 pro d\u011bti do 3 let a bezpe\u010dnostn\u00ed instrukce v anglick\u00e9m jazyce. Sou\u010d\u00e1st\u00ed v\u00fdrobku je dob\u00edjec\u00ed kabel zakon\u010den\u00fd dvojp\u00f3lovou vidlic\u00ed.<\/p>\n<p>U v\u00fdrobku bylo zji\u0161t\u011bno v\u00e1\u017en\u00e9 riziko \u00farazu elektrick\u00fdm proudem a\u017e smrti u\u017eivatele. P\u0159i p\u0159ipojov\u00e1n\u00ed dvojp\u00f3lov\u00e9 vidlice dob\u00edjec\u00edho kabelu sv\u00edtilny do s\u00ed\u0165ov\u00e9 z\u00e1suvky byla zkou\u0161kou prok\u00e1z\u00e1na mo\u017enost p\u0159\u00edm\u00e9ho dotyku s \u017eivou \u010d\u00e1st\u00ed kol\u00edku vidlice, kter\u00fd je p\u0159i p\u0159ipojov\u00e1n\u00ed pod nap\u011bt\u00edm. U\u017eivatel se m\u016f\u017ee dotknout p\u0159\u00edstupn\u00e9 \u017eiv\u00e9 \u010d\u00e1sti kol\u00edku vidlice dob\u00edjec\u00edho kabelu v m\u00edst\u011b p\u0159ipojen\u00ed vidlice do s\u00ed\u0165ov\u00e9 z\u00e1suvky, kter\u00fd je p\u0159i p\u0159ipojen\u00e9m s\u00ed\u0165ov\u00e9m dob\u00edjen\u00ed pod nap\u011bt\u00edm, m\u016f\u017ee utrp\u011bt \u00faraz elektrick\u00fdm proudem a m\u016f\u017ee b\u00fdt i usmrcen.<\/p>\n<p>Spr\u00e1vn\u00ed org\u00e1n, Inspektor\u00e1t \u010cOI pro Plze\u0148sk\u00fd a Karlovarsk\u00fd kraj, ulo\u017eil prodejci ochrann\u00e9 opat\u0159en\u00ed dle ust. \u00a7 50 odst. 3 z\u00e1kona \u010d. 90\/2016 Sb., o posuzov\u00e1n\u00ed shody stanoven\u00fdch v\u00fdrobk\u016f p\u0159i jejich dod\u00e1v\u00e1n\u00ed na trh, kter\u00fdm je z\u00e1kaz dod\u00e1v\u00e1n\u00ed uveden\u00e9ho nebezpe\u010dn\u00e9ho v\u00fdrobku na trh. V\u00fdrobek byl nahl\u00e1\u0161en kontaktn\u00edmu bodu na MPO a informace o n\u011bm zve\u0159ejn\u011bny v syst\u00e9mu SAFETY GATE.<\/p>\n<p><strong>Text a foto: (tz-\u010doi)<\/strong><\/p>\n<hr \/>\n<p>&nbsp;<\/p>\n<h6>Informujeme:<\/h6>\n<h4 class=\"entry-title\"><a href=\"https:\/\/zakrasnejsivimperk.cz\/?p=325757\" target=\"_blank\" rel=\"noopener\">Spo\u0159itelna spou\u0161t\u00ed obranu proti fale\u0161n\u00fdm bank\u00e9\u0159\u016fm. Mobiln\u00ed George klienty nyn\u00ed upozorn\u00ed, pokud jim vol\u00e1 skute\u010dn\u00fd bank\u00e9\u0159 Spo\u0159itelny<\/a><\/h4>\n<h4 class=\"entry-title\"><a href=\"https:\/\/zakrasnejsivimperk.cz\/?p=325736\" target=\"_blank\" rel=\"noopener\">Polovina obyvatel \u010ceska m\u00e1 aspo\u0148 maturitu<\/a><\/h4>\n<h4 class=\"entry-title\"><a href=\"https:\/\/zakrasnejsivimperk.cz\/?p=325722\" target=\"_blank\" rel=\"noopener\">P\u0158E\u010cT\u011aTE SI U N\u00c1S: Den\u00edk Metro \u2013 17. \u0159\u00edjna 2024<\/a><\/h4>\n<h4 class=\"entry-title\"><a href=\"https:\/\/zakrasnejsivimperk.cz\/?p=325607\" target=\"_blank\" rel=\"noopener\">Meziro\u010dn\u00ed r\u016fst cen pr\u016fmyslov\u00fdch v\u00fdrobc\u016f op\u011bt zpomalil<\/a><\/h4>\n<h4 class=\"entry-title\"><a href=\"https:\/\/zakrasnejsivimperk.cz\/?p=325592\" target=\"_blank\" rel=\"noopener\">Den\u00edk Metro \u2013 16. \u0159\u00edjna 2024<\/a><\/h4>\n<h4 class=\"entry-title\"><a href=\"https:\/\/zakrasnejsivimperk.cz\/?p=325581\" target=\"_blank\" rel=\"noopener\">Smrt v datech \u2013 rok 2023<\/a><\/h4>\n<h4 class=\"entry-title\"><a href=\"https:\/\/zakrasnejsivimperk.cz\/?p=325562\" target=\"_blank\" rel=\"noopener\">Role neziskov\u00fdch instituc\u00ed v roce 2022 vzrostla<\/a><\/h4>\n<h4 class=\"entry-title\"><a href=\"https:\/\/zakrasnejsivimperk.cz\/?p=325536\" target=\"_blank\" rel=\"noopener\">V\u0161em pedagog\u016fm se zv\u00fd\u0161\u00ed tarif o sedm procent<\/a><\/h4>\n<h4 class=\"entry-title\"><a href=\"https:\/\/zakrasnejsivimperk.cz\/?p=325533\" target=\"_blank\" rel=\"noopener\">Odbory odm\u00edtly n\u00e1vrh Ministerstva zdravotnictv\u00ed na sjednocen\u00ed odm\u011b\u0148ov\u00e1n\u00ed zdravotn\u00edk\u016f<\/a><\/h4>\n<h4 class=\"entry-title\"><a href=\"https:\/\/zakrasnejsivimperk.cz\/?p=325511\" target=\"_blank\" rel=\"noopener\">Dekora\u010dn\u00ed sv\u00edtidlo kv\u011btiny p\u0159edstavuje pro spot\u0159ebitele v\u00e1\u017en\u00e9 riziko \u00farazu elektrick\u00fdm proudem<\/a><\/h4>\n<h4 class=\"entry-title\"><a href=\"https:\/\/zakrasnejsivimperk.cz\/?p=325505\" target=\"_blank\" rel=\"noopener\">Ministr Jure\u010dka p\u0159edstavil zm\u011bny podpory v nezam\u011bstnanosti pro v\u011bt\u0161\u00ed ochranu a motivaci p\u0159i hled\u00e1n\u00ed pr\u00e1ce<\/a><\/h4>\n<h4 class=\"entry-title\"><a href=\"https:\/\/zakrasnejsivimperk.cz\/?p=325487\" target=\"_blank\" rel=\"noopener\">Respira\u010dn\u00edch infekc\u00ed p\u0159ib\u00fdv\u00e1, je ide\u00e1ln\u00ed \u010das pro o\u010dkov\u00e1n\u00ed proti covidu-19 i ch\u0159ipce<\/a><\/h4>\n<h4 class=\"entry-title\"><a href=\"https:\/\/zakrasnejsivimperk.cz\/?p=325484\" target=\"_blank\" rel=\"noopener\">Na\u0161tvan\u00ed prakti\u010dt\u00ed l\u00e9ka\u0159i chystaj\u00ed protest. Sedm tis\u00edc ordinac\u00ed hroz\u00ed uzav\u0159en\u00edm na dva dny<\/a><\/h4>\n<hr \/>\n<p>&nbsp;<\/p>\n","protected":false},"excerpt":{"rendered":"<p>(Praha, 17. <\/p>\n","protected":false},"author":2,"featured_media":325777,"comment_status":"open","ping_status":"open","sticky":false,"template":"","format":"gallery","meta":{"footnotes":""},"categories":[70],"tags":[],"jetpack_featured_media_url":"https:\/\/zakrasnejsivimperk.cz\/wp-content\/uploads\/2024\/10\/17\/z-ruky-svitilna.jpg","_links":{"self":[{"href":"https:\/\/zakrasnejsivimperk.cz\/index.php?rest_route=\/wp\/v2\/posts\/325773"}],"collection":[{"href":"https:\/\/zakrasnejsivimperk.cz\/index.php?rest_route=\/wp\/v2\/posts"}],"about":[{"href":"https:\/\/zakrasnejsivimperk.cz\/index.php?rest_route=\/wp\/v2\/types\/post"}],"author":[{"embeddable":true,"href":"https:\/\/zakrasnejsivimperk.cz\/index.php?rest_route=\/wp\/v2\/users\/2"}],"replies":[{"embeddable":true,"href":"https:\/\/zakrasnejsivimperk.cz\/index.php?rest_route=%2Fwp%2Fv2%2Fcomments&post=325773"}],"version-history":[{"count":3,"href":"https:\/\/zakrasnejsivimperk.cz\/index.php?rest_route=\/wp\/v2\/posts\/325773\/revisions"}],"predecessor-version":[{"id":325781,"href":"https:\/\/zakrasnejsivimperk.cz\/index.php?rest_route=\/wp\/v2\/posts\/325773\/revisions\/325781"}],"wp:featuredmedia":[{"embeddable":true,"href":"https:\/\/zakrasnejsivimperk.cz\/index.php?rest_route=\/wp\/v2\/media\/325777"}],"wp:attachment":[{"href":"https:\/\/zakrasnejsivimperk.cz\/index.php?rest_route=%2Fwp%2Fv2%2Fmedia&parent=325773"}],"wp:term":[{"taxonomy":"category","embeddable":true,"href":"https:\/\/zakrasnejsivimperk.cz\/index.php?rest_route=%2Fwp%2Fv2%2Fcategories&post=325773"},{"taxonomy":"post_tag","embeddable":true,"href":"https:\/\/zakrasnejsivimperk.cz\/index.php?rest_route=%2Fwp%2Fv2%2Ftags&post=325773"}],"curies":[{"name":"wp","href":"https:\/\/api.w.org\/{rel}","templated":true}]}}