{"id":325736,"date":"2024-10-17T10:25:59","date_gmt":"2024-10-17T09:25:59","guid":{"rendered":"https:\/\/zakrasnejsivimperk.cz\/?p=325736"},"modified":"2024-10-17T10:25:59","modified_gmt":"2024-10-17T09:25:59","slug":"z-prvni-ruky-polovina-obyvatel-ceska-ma-aspon-maturitu","status":"publish","type":"post","link":"https:\/\/zakrasnejsivimperk.cz\/?p=325736","title":{"rendered":"Z PRVN\u00cd RUKY: Polovina obyvatel \u010ceska m\u00e1 aspo\u0148 maturitu"},"content":{"rendered":"<h6><b>t\u00e9m\u011b\u0159 dv\u011b t\u0159etiny populace \u010ceska m\u011bly podle v\u00fdsledk\u016f S\u010d\u00edt\u00e1n\u00ed 2021 st\u0159edo\u0161kolsk\u00e9 vzd\u011bl\u00e1n\u00ed, necel\u00e1 p\u011btina pak dos\u00e1hla vysoko\u0161kolsk\u00e9ho vzd\u011bl\u00e1n\u00ed. Vietnamci \u017eij\u00edc\u00ed u n\u00e1s m\u011bli \u010dasto jen z\u00e1kladn\u00ed vzd\u011bl\u00e1n\u00ed, u n\u011bkter\u00fdch skupin cizinc\u016f ale naopak dominovali vysoko\u0161kolsky vzd\u011blan\u00ed.<\/b><\/h6>\n<p>Podrobnosti: <strong><u><a id=\"-wm-OWAa7fa45b8-d075-bdd3-0a1e-9dd735b66a4e\" href=\"https:\/\/csu.gov.cz\/produkty\/polovina-obyvatel-ceska-ma-aspon-maturitu\" target=\"_blank\" rel=\"noopener\">https:\/\/csu.gov.cz\/produkty\/polovina-obyvatel-ceska-ma-aspon-maturitu<\/a><\/u><\/strong><\/p>\n<p><strong>(tz-\u010ds\u00fa)<\/strong><\/p>\n<hr \/>\n<p>&nbsp;<\/p>\n<h6>Informujeme:<\/h6>\n<h4 class=\"entry-title\"><a href=\"https:\/\/zakrasnejsivimperk.cz\/?p=325722\" target=\"_blank\" rel=\"noopener\">P\u0158E\u010cT\u011aTE SI U N\u00c1S: Den\u00edk Metro \u2013 17. \u0159\u00edjna 2024<\/a><\/h4>\n<h4 class=\"entry-title\"><a href=\"https:\/\/zakrasnejsivimperk.cz\/?p=325607\" target=\"_blank\" rel=\"noopener\">Meziro\u010dn\u00ed r\u016fst cen pr\u016fmyslov\u00fdch v\u00fdrobc\u016f op\u011bt zpomalil<\/a><\/h4>\n<h4 class=\"entry-title\"><a href=\"https:\/\/zakrasnejsivimperk.cz\/?p=325592\" target=\"_blank\" rel=\"noopener\">Den\u00edk Metro \u2013 16. \u0159\u00edjna 2024<\/a><\/h4>\n<h4 class=\"entry-title\"><a href=\"https:\/\/zakrasnejsivimperk.cz\/?p=325581\" target=\"_blank\" rel=\"noopener\">Smrt v datech \u2013 rok 2023<\/a><\/h4>\n<h4 class=\"entry-title\"><a href=\"https:\/\/zakrasnejsivimperk.cz\/?p=325562\" target=\"_blank\" rel=\"noopener\">Role neziskov\u00fdch instituc\u00ed v roce 2022 vzrostla<\/a><\/h4>\n<h4 class=\"entry-title\"><a href=\"https:\/\/zakrasnejsivimperk.cz\/?p=325536\" target=\"_blank\" rel=\"noopener\">V\u0161em pedagog\u016fm se zv\u00fd\u0161\u00ed tarif o sedm procent<\/a><\/h4>\n<h4 class=\"entry-title\"><a href=\"https:\/\/zakrasnejsivimperk.cz\/?p=325533\" target=\"_blank\" rel=\"noopener\">Odbory odm\u00edtly n\u00e1vrh Ministerstva zdravotnictv\u00ed na sjednocen\u00ed odm\u011b\u0148ov\u00e1n\u00ed zdravotn\u00edk\u016f<\/a><\/h4>\n<h4 class=\"entry-title\"><a href=\"https:\/\/zakrasnejsivimperk.cz\/?p=325511\" target=\"_blank\" rel=\"noopener\">Dekora\u010dn\u00ed sv\u00edtidlo kv\u011btiny p\u0159edstavuje pro spot\u0159ebitele v\u00e1\u017en\u00e9 riziko \u00farazu elektrick\u00fdm proudem<\/a><\/h4>\n<h4 class=\"entry-title\"><a href=\"https:\/\/zakrasnejsivimperk.cz\/?p=325505\" target=\"_blank\" rel=\"noopener\">Ministr Jure\u010dka p\u0159edstavil zm\u011bny podpory v nezam\u011bstnanosti pro v\u011bt\u0161\u00ed ochranu a motivaci p\u0159i hled\u00e1n\u00ed pr\u00e1ce<\/a><\/h4>\n<h4 class=\"entry-title\"><a href=\"https:\/\/zakrasnejsivimperk.cz\/?p=325487\" target=\"_blank\" rel=\"noopener\">Respira\u010dn\u00edch infekc\u00ed p\u0159ib\u00fdv\u00e1, je ide\u00e1ln\u00ed \u010das pro o\u010dkov\u00e1n\u00ed proti covidu-19 i ch\u0159ipce<\/a><\/h4>\n<h4 class=\"entry-title\"><a href=\"https:\/\/zakrasnejsivimperk.cz\/?p=325484\" target=\"_blank\" rel=\"noopener\">Na\u0161tvan\u00ed prakti\u010dt\u00ed l\u00e9ka\u0159i chystaj\u00ed protest. Sedm tis\u00edc ordinac\u00ed hroz\u00ed uzav\u0159en\u00edm na dva dny<\/a><\/h4>\n<hr \/>\n<p>&nbsp;<\/p>\n","protected":false},"excerpt":{"rendered":"<p>t\u00e9m\u011b\u0159 dv\u011b <\/p>\n","protected":false},"author":2,"featured_media":325737,"comment_status":"open","ping_status":"open","sticky":false,"template":"","format":"gallery","meta":{"footnotes":""},"categories":[70],"tags":[],"jetpack_featured_media_url":"https:\/\/zakrasnejsivimperk.cz\/wp-content\/uploads\/2024\/10\/17\/z-ruky-csu.jpg","_links":{"self":[{"href":"https:\/\/zakrasnejsivimperk.cz\/index.php?rest_route=\/wp\/v2\/posts\/325736"}],"collection":[{"href":"https:\/\/zakrasnejsivimperk.cz\/index.php?rest_route=\/wp\/v2\/posts"}],"about":[{"href":"https:\/\/zakrasnejsivimperk.cz\/index.php?rest_route=\/wp\/v2\/types\/post"}],"author":[{"embeddable":true,"href":"https:\/\/zakrasnejsivimperk.cz\/index.php?rest_route=\/wp\/v2\/users\/2"}],"replies":[{"embeddable":true,"href":"https:\/\/zakrasnejsivimperk.cz\/index.php?rest_route=%2Fwp%2Fv2%2Fcomments&post=325736"}],"version-history":[{"count":1,"href":"https:\/\/zakrasnejsivimperk.cz\/index.php?rest_route=\/wp\/v2\/posts\/325736\/revisions"}],"predecessor-version":[{"id":325738,"href":"https:\/\/zakrasnejsivimperk.cz\/index.php?rest_route=\/wp\/v2\/posts\/325736\/revisions\/325738"}],"wp:featuredmedia":[{"embeddable":true,"href":"https:\/\/zakrasnejsivimperk.cz\/index.php?rest_route=\/wp\/v2\/media\/325737"}],"wp:attachment":[{"href":"https:\/\/zakrasnejsivimperk.cz\/index.php?rest_route=%2Fwp%2Fv2%2Fmedia&parent=325736"}],"wp:term":[{"taxonomy":"category","embeddable":true,"href":"https:\/\/zakrasnejsivimperk.cz\/index.php?rest_route=%2Fwp%2Fv2%2Fcategories&post=325736"},{"taxonomy":"post_tag","embeddable":true,"href":"https:\/\/zakrasnejsivimperk.cz\/index.php?rest_route=%2Fwp%2Fv2%2Ftags&post=325736"}],"curies":[{"name":"wp","href":"https:\/\/api.w.org\/{rel}","templated":true}]}}