{"id":325624,"date":"2024-10-16T09:00:57","date_gmt":"2024-10-16T08:00:57","guid":{"rendered":"https:\/\/zakrasnejsivimperk.cz\/?p=325624"},"modified":"2024-10-16T09:02:18","modified_gmt":"2024-10-16T08:02:18","slug":"sumava-turisticky-nejnebezpecnejsi-usek-na-zlate-stezce-je-vyresen","status":"publish","type":"post","link":"https:\/\/zakrasnejsivimperk.cz\/?p=325624","title":{"rendered":"\u0160UMAVA: Turisticky nejnebezpe\u010dn\u011bj\u0161\u00ed \u00fasek na Zlat\u00e9 stezce je u\u017e vy\u0159e\u0161en"},"content":{"rendered":"<p><img loading=\"lazy\" decoding=\"async\" class=\"aligncenter wp-image-325626 size-full\" src=\"https:\/\/zakrasnejsivimperk.cz\/wp-content\/uploads\/2024\/10\/16\/uprava-zlate-stezky-2.jpg\" alt=\"\" width=\"1100\" height=\"825\" srcset=\"https:\/\/zakrasnejsivimperk.cz\/wp-content\/uploads\/2024\/10\/16\/uprava-zlate-stezky-2.jpg 1100w, https:\/\/zakrasnejsivimperk.cz\/wp-content\/uploads\/2024\/10\/16\/uprava-zlate-stezky-2-300x225.jpg 300w, https:\/\/zakrasnejsivimperk.cz\/wp-content\/uploads\/2024\/10\/16\/uprava-zlate-stezky-2-1024x768.jpg 1024w, https:\/\/zakrasnejsivimperk.cz\/wp-content\/uploads\/2024\/10\/16\/uprava-zlate-stezky-2-768x576.jpg 768w, https:\/\/zakrasnejsivimperk.cz\/wp-content\/uploads\/2024\/10\/16\/uprava-zlate-stezky-2-476x357.jpg 476w, https:\/\/zakrasnejsivimperk.cz\/wp-content\/uploads\/2024\/10\/16\/uprava-zlate-stezky-2-644x483.jpg 644w\" sizes=\"(max-width: 1100px) 100vw, 1100px\" \/><\/p>\n<p>&nbsp;<\/p>\n<h6>Obchodn\u00ed stezka se sol\u00ed propojovala \u010cechy s Podunaj\u00edm nejm\u00e9n\u011b od st\u0159edov\u011bku. Postupem \u010dasu z\u00edskala jm\u00e9no \u201ezlat\u00e1\u201c podle bohatstv\u00ed, je\u017e p\u0159in\u00e1\u0161ela. Syst\u00e9m tras se v pr\u016fb\u011bhu stalet\u00ed vyv\u00edjel, a\u017e se ust\u00e1lil v podob\u011b t\u0159\u00ed hlavn\u00edch v\u011btv\u00ed: prachatick\u00e9, ka\u0161perskohorsk\u00e9 a vimpersk\u00e9.<\/h6>\n<p><a href=\"https:\/\/zakrasnejsivimperk.cz\/wp-content\/uploads\/2024\/10\/16\/uprava-zlate-stezky-1.jpg\" target=\"_blank\" rel=\"noopener\"><img loading=\"lazy\" decoding=\"async\" class=\"alignright wp-image-325625\" src=\"https:\/\/zakrasnejsivimperk.cz\/wp-content\/uploads\/2024\/10\/16\/uprava-zlate-stezky-1-225x300.jpg\" alt=\"\" width=\"500\" height=\"667\" srcset=\"https:\/\/zakrasnejsivimperk.cz\/wp-content\/uploads\/2024\/10\/16\/uprava-zlate-stezky-1-225x300.jpg 225w, https:\/\/zakrasnejsivimperk.cz\/wp-content\/uploads\/2024\/10\/16\/uprava-zlate-stezky-1-768x1024.jpg 768w, https:\/\/zakrasnejsivimperk.cz\/wp-content\/uploads\/2024\/10\/16\/uprava-zlate-stezky-1-268x357.jpg 268w, https:\/\/zakrasnejsivimperk.cz\/wp-content\/uploads\/2024\/10\/16\/uprava-zlate-stezky-1-362x483.jpg 362w, https:\/\/zakrasnejsivimperk.cz\/wp-content\/uploads\/2024\/10\/16\/uprava-zlate-stezky-1.jpg 825w\" sizes=\"(max-width: 500px) 100vw, 500px\" \/><\/a><img loading=\"lazy\" decoding=\"async\" class=\"alignleft wp-image-97958\" src=\"https:\/\/zakrasnejsivimperk.cz\/wp-content\/uploads\/2017\/05\/15\/logo-nps-300x300.jpg\" alt=\"\" width=\"200\" height=\"200\" srcset=\"https:\/\/zakrasnejsivimperk.cz\/wp-content\/uploads\/2017\/05\/15\/logo-nps-300x300.jpg 300w, https:\/\/zakrasnejsivimperk.cz\/wp-content\/uploads\/2017\/05\/15\/logo-nps-150x150.jpg 150w, https:\/\/zakrasnejsivimperk.cz\/wp-content\/uploads\/2017\/05\/15\/logo-nps-768x768.jpg 768w, https:\/\/zakrasnejsivimperk.cz\/wp-content\/uploads\/2017\/05\/15\/logo-nps-357x357.jpg 357w, https:\/\/zakrasnejsivimperk.cz\/wp-content\/uploads\/2017\/05\/15\/logo-nps-483x483.jpg 483w, https:\/\/zakrasnejsivimperk.cz\/wp-content\/uploads\/2017\/05\/15\/logo-nps-210x210.jpg 210w, https:\/\/zakrasnejsivimperk.cz\/wp-content\/uploads\/2017\/05\/15\/logo-nps.jpg 960w\" sizes=\"(max-width: 200px) 100vw, 200px\" \/>Pr\u00e1v\u011b posledn\u011b jmenovan\u00e1 vimpersk\u00e1 v\u011btev pat\u0159ila k nejd\u016fle\u017eit\u011bj\u0161\u00edm tras\u00e1m Zlat\u00e9 stezky. Jej\u00ed v\u00fdznam a st\u00e1\u0159\u00ed dokl\u00e1daj\u00ed t\u0159i hrady, kter\u00e9 byly postaveny na jej\u00ed ochranu: p\u016fvodn\u00ed vimpersk\u00fd hrad, hrad Kun\u017evart u Str\u00e1\u017en\u00e9ho a na n\u011bmeck\u00e9 stran\u011b hrad Wolfstein.<\/p>\n<p>Dnes pat\u0159\u00ed Zlat\u00e1 stezka mezi vyhled\u00e1van\u00e9 p\u0159eshrani\u010dn\u00ed turistick\u00e9 trasy, na kter\u00e9 se vyd\u00e1vaj\u00ed tis\u00edce lid\u00ed ro\u010dn\u011b. Stovky kilometr\u016f prozna\u010den\u00fdch stezek, kter\u00e9 se mohou py\u0161nit historick\u00fdm n\u00e1zvem \u201eZlat\u00e9\u201c, turisty provedou n\u00e1dhern\u00fdmi \u010d\u00e1stmi \u0160umavy a Po\u0161umav\u00ed. Ov\u0161em n\u011bkter\u00e9 \u010d\u00e1sti jsou prozna\u010deny v bl\u00edzkosti pozemn\u00edch komunikac\u00ed a doned\u00e1vna byla jedna \u010d\u00e1st sou\u010d\u00e1st\u00ed frekventovan\u00e9 silnice I. t\u0159\u00eddy.<\/p>\n<p><em>\u201eVimpersk\u00e1 v\u011btev Zlat\u00e9 stezky p\u0159ich\u00e1z\u00ed do \u010cech na st\u00e1tn\u00ed hranici a to p\u0159\u00edmo na silni\u010dn\u00edm hrani\u010dn\u00edm p\u0159echodu Str\u00e1\u017en\u00fd-Philippsreut. Pr\u00e1v\u011b jej\u00ed za\u010d\u00e1tek byl dosud veden po hlavn\u00ed silnici, tedy po silnici I\/4. Spr\u00e1va N\u00e1rodn\u00edho parku \u0160umava upravila letos ter\u00e9n, aby mohla b\u00fdt jej\u00ed prvn\u00ed \u00fasek v d\u00e9lce p\u0159es 300 m p\u0159end\u00e1n na stezku mimo tuto vysoce frekventovanou silnici,\u201c<\/em> vysv\u011btluje Josef \u0160temberk ze Spr\u00e1vy N\u00e1rodn\u00edho parku \u0160umava.<\/p>\n<p>Znamenalo to vy\u0159ez\u00e1n\u00ed n\u00e1letov\u00fdch d\u0159evin, posek\u00e1n\u00ed trav a k\u0159ovin v jej\u00edm pr\u016fb\u011bhu k\u0159ovino\u0159ezem. Tyto pr\u00e1ce byly provedeny ve spolupr\u00e1ci s m\u011bstysem Str\u00e1\u017en\u00fd, na jej\u00edm\u017e spr\u00e1vn\u00edm \u00fazem\u00ed se stezka nach\u00e1z\u00ed. M\u011bsto Vimperk zajistilo p\u0159ezna\u010den\u00ed nov\u00e9ho \u00faseku od Klubu \u010desk\u00fdch turist\u016f, kter\u00fd tak velmi r\u00e1d u\u010dinil, nebo\u0165 dle jejich slov se poda\u0159ilo odstranit jeden z nejnebezpe\u010dn\u011bj\u0161\u00edch \u00fasek\u016f na turistick\u00fdch zna\u010den\u00fdch tras\u00e1ch.<\/p>\n<p><em>\u201eAbychom nezapomn\u011bli, tak je\u0161t\u011b bylo sesb\u00edr\u00e1no n\u011bkolik pytl\u016f odpadk\u016f pod\u00e9l stezky, kter\u00e9 sem hojn\u011b l\u00e9taj\u00ed z aut \u0159\u00edt\u00edc\u00edch se po hlavn\u00ed silnici k hrani\u010dn\u00edmu p\u0159echodu. Se sb\u011brem odpadk\u016f n\u00e1m pomohli studenti z Francie, kte\u0159\u00ed pravideln\u011b tr\u00e1v\u00ed studijn\u00ed st\u00e1\u017e u Spr\u00e1vy N\u00e1rodn\u00edho parku \u0160umava,\u201c<\/em> dopl\u0148uje Josef \u0160temberk<\/p>\n<p>Dal\u0161\u00edm vylep\u0161en\u00edm na trase mezi hrani\u010dn\u00edm p\u0159echodem a Str\u00e1\u017en\u00fdm byla obnova d\u0159ev\u011bn\u00e9 l\u00e1vky p\u0159es \u0158asnici v \u00fadol\u00ed za Obecn\u00edm vrchem, kter\u00e1 se nach\u00e1z\u00ed asi v polovin\u011b trasy.<\/p>\n<p><em>\u201eTato \u010d\u00e1st Zlat\u00e9 stezky nab\u00edz\u00ed skv\u011bl\u00e9 z\u00e1\u017eitky. Nov\u011b prozna\u010den\u00e1 \u010d\u00e1st stezky vedouc\u00ed od hrani\u010dn\u00edho p\u0159echodu, tedy po \u017elut\u00e9, vede zhruba p\u016fl kilometru pod\u00e9l silnice, ale turista kr\u00e1\u010d\u00ed po nezpevn\u011bn\u00e9, pro\u0161lapan\u00e9 p\u011b\u0161in\u011b. \u010c\u00e1st trasy je vedena hust\u00fdm, mlad\u00fdm lesem, kter\u00fd tvo\u0159\u00ed p\u0159\u00edrodn\u00ed tunel. Zbytek trasy je veden star\u00fdmi \u00favozov\u00fdmi cestami Zlat\u00e9 stezky lemovan\u00e9 velk\u00fdmi \u017eulov\u00fdmi kameny a\u017e na sedlo u Obecn\u00edho vrchu, a pak ji\u017e po lesn\u00ed cest\u011b do Str\u00e1\u017en\u00e9ho,\u201c<\/em> popisuje Josef \u0160temberk.<\/p>\n<p>Zm\u011bna trasy, kter\u00e1 nen\u00ed zna\u010denou cyklotrasou a je tak mo\u017en\u00e9 j\u00ed proch\u00e1zet pouze p\u011b\u0161ky, se u\u017e prom\u00edtla i do nejpou\u017e\u00edvan\u011bj\u0161\u00ed mapov\u00e9 aplikace mapy.cz.<\/p>\n<p>&nbsp;<\/p>\n<p><strong>Text a foto: (tz-np\u0161)<\/strong><\/p>\n<p>&nbsp;<\/p>\n<p><img loading=\"lazy\" decoding=\"async\" class=\"aligncenter wp-image-325627 size-full\" src=\"https:\/\/zakrasnejsivimperk.cz\/wp-content\/uploads\/2024\/10\/16\/uprava-zlate-stezky-4.jpg\" alt=\"\" width=\"1100\" height=\"825\" srcset=\"https:\/\/zakrasnejsivimperk.cz\/wp-content\/uploads\/2024\/10\/16\/uprava-zlate-stezky-4.jpg 1100w, https:\/\/zakrasnejsivimperk.cz\/wp-content\/uploads\/2024\/10\/16\/uprava-zlate-stezky-4-300x225.jpg 300w, https:\/\/zakrasnejsivimperk.cz\/wp-content\/uploads\/2024\/10\/16\/uprava-zlate-stezky-4-1024x768.jpg 1024w, https:\/\/zakrasnejsivimperk.cz\/wp-content\/uploads\/2024\/10\/16\/uprava-zlate-stezky-4-768x576.jpg 768w, https:\/\/zakrasnejsivimperk.cz\/wp-content\/uploads\/2024\/10\/16\/uprava-zlate-stezky-4-476x357.jpg 476w, https:\/\/zakrasnejsivimperk.cz\/wp-content\/uploads\/2024\/10\/16\/uprava-zlate-stezky-4-644x483.jpg 644w\" sizes=\"(max-width: 1100px) 100vw, 1100px\" \/><\/p>\n<p>&nbsp;<\/p>\n<p><img loading=\"lazy\" decoding=\"async\" class=\"aligncenter wp-image-325628 size-full\" src=\"https:\/\/zakrasnejsivimperk.cz\/wp-content\/uploads\/2024\/10\/16\/uprava-zlate-stezky-7.jpg\" alt=\"\" width=\"1100\" height=\"825\" srcset=\"https:\/\/zakrasnejsivimperk.cz\/wp-content\/uploads\/2024\/10\/16\/uprava-zlate-stezky-7.jpg 1100w, https:\/\/zakrasnejsivimperk.cz\/wp-content\/uploads\/2024\/10\/16\/uprava-zlate-stezky-7-300x225.jpg 300w, https:\/\/zakrasnejsivimperk.cz\/wp-content\/uploads\/2024\/10\/16\/uprava-zlate-stezky-7-1024x768.jpg 1024w, https:\/\/zakrasnejsivimperk.cz\/wp-content\/uploads\/2024\/10\/16\/uprava-zlate-stezky-7-768x576.jpg 768w, https:\/\/zakrasnejsivimperk.cz\/wp-content\/uploads\/2024\/10\/16\/uprava-zlate-stezky-7-476x357.jpg 476w, https:\/\/zakrasnejsivimperk.cz\/wp-content\/uploads\/2024\/10\/16\/uprava-zlate-stezky-7-644x483.jpg 644w\" sizes=\"(max-width: 1100px) 100vw, 1100px\" \/><\/p>\n<p>&nbsp;<\/p>\n<p><img loading=\"lazy\" decoding=\"async\" class=\"aligncenter wp-image-325629 size-full\" src=\"https:\/\/zakrasnejsivimperk.cz\/wp-content\/uploads\/2024\/10\/16\/Uprava-Zlata-stezka-Strazny.jpg\" alt=\"\" width=\"1149\" height=\"907\" srcset=\"https:\/\/zakrasnejsivimperk.cz\/wp-content\/uploads\/2024\/10\/16\/Uprava-Zlata-stezka-Strazny.jpg 1149w, https:\/\/zakrasnejsivimperk.cz\/wp-content\/uploads\/2024\/10\/16\/Uprava-Zlata-stezka-Strazny-300x237.jpg 300w, https:\/\/zakrasnejsivimperk.cz\/wp-content\/uploads\/2024\/10\/16\/Uprava-Zlata-stezka-Strazny-1024x808.jpg 1024w, https:\/\/zakrasnejsivimperk.cz\/wp-content\/uploads\/2024\/10\/16\/Uprava-Zlata-stezka-Strazny-768x606.jpg 768w, https:\/\/zakrasnejsivimperk.cz\/wp-content\/uploads\/2024\/10\/16\/Uprava-Zlata-stezka-Strazny-452x357.jpg 452w, https:\/\/zakrasnejsivimperk.cz\/wp-content\/uploads\/2024\/10\/16\/Uprava-Zlata-stezka-Strazny-612x483.jpg 612w\" sizes=\"(max-width: 1149px) 100vw, 1149px\" \/><\/p>\n<hr \/>\n<p>&nbsp;<\/p>\n","protected":false},"excerpt":{"rendered":"<p>&nbsp; Obchodn\u00ed <\/p>\n","protected":false},"author":2,"featured_media":325626,"comment_status":"open","ping_status":"open","sticky":false,"template":"","format":"gallery","meta":{"footnotes":""},"categories":[69],"tags":[],"jetpack_featured_media_url":"https:\/\/zakrasnejsivimperk.cz\/wp-content\/uploads\/2024\/10\/16\/uprava-zlate-stezky-2.jpg","_links":{"self":[{"href":"https:\/\/zakrasnejsivimperk.cz\/index.php?rest_route=\/wp\/v2\/posts\/325624"}],"collection":[{"href":"https:\/\/zakrasnejsivimperk.cz\/index.php?rest_route=\/wp\/v2\/posts"}],"about":[{"href":"https:\/\/zakrasnejsivimperk.cz\/index.php?rest_route=\/wp\/v2\/types\/post"}],"author":[{"embeddable":true,"href":"https:\/\/zakrasnejsivimperk.cz\/index.php?rest_route=\/wp\/v2\/users\/2"}],"replies":[{"embeddable":true,"href":"https:\/\/zakrasnejsivimperk.cz\/index.php?rest_route=%2Fwp%2Fv2%2Fcomments&post=325624"}],"version-history":[{"count":3,"href":"https:\/\/zakrasnejsivimperk.cz\/index.php?rest_route=\/wp\/v2\/posts\/325624\/revisions"}],"predecessor-version":[{"id":325632,"href":"https:\/\/zakrasnejsivimperk.cz\/index.php?rest_route=\/wp\/v2\/posts\/325624\/revisions\/325632"}],"wp:featuredmedia":[{"embeddable":true,"href":"https:\/\/zakrasnejsivimperk.cz\/index.php?rest_route=\/wp\/v2\/media\/325626"}],"wp:attachment":[{"href":"https:\/\/zakrasnejsivimperk.cz\/index.php?rest_route=%2Fwp%2Fv2%2Fmedia&parent=325624"}],"wp:term":[{"taxonomy":"category","embeddable":true,"href":"https:\/\/zakrasnejsivimperk.cz\/index.php?rest_route=%2Fwp%2Fv2%2Fcategories&post=325624"},{"taxonomy":"post_tag","embeddable":true,"href":"https:\/\/zakrasnejsivimperk.cz\/index.php?rest_route=%2Fwp%2Fv2%2Ftags&post=325624"}],"curies":[{"name":"wp","href":"https:\/\/api.w.org\/{rel}","templated":true}]}}