{"id":325607,"date":"2024-10-16T09:44:12","date_gmt":"2024-10-16T08:44:12","guid":{"rendered":"https:\/\/zakrasnejsivimperk.cz\/?p=325607"},"modified":"2024-10-16T09:44:12","modified_gmt":"2024-10-16T08:44:12","slug":"z-prvni-ruky-mezirocni-rust-cen-prumyslovych-vyrobcu-opet-zpomalil","status":"publish","type":"post","link":"https:\/\/zakrasnejsivimperk.cz\/?p=325607","title":{"rendered":"Z PRVN\u00cd RUKY: Meziro\u010dn\u00ed r\u016fst cen pr\u016fmyslov\u00fdch v\u00fdrobc\u016f op\u011bt zpomalil"},"content":{"rendered":"<h6><img loading=\"lazy\" decoding=\"async\" class=\"size-medium wp-image-219756 alignleft\" src=\"https:\/\/zakrasnejsivimperk.cz\/wp-content\/uploads\/2021\/03\/29\/\u010ds\u00fa-logo-300x81.png\" alt=\"\" width=\"300\" height=\"81\" srcset=\"https:\/\/zakrasnejsivimperk.cz\/wp-content\/uploads\/2021\/03\/29\/\u010ds\u00fa-logo-300x81.png 300w, https:\/\/zakrasnejsivimperk.cz\/wp-content\/uploads\/2021\/03\/29\/\u010ds\u00fa-logo-768x208.png 768w, https:\/\/zakrasnejsivimperk.cz\/wp-content\/uploads\/2021\/03\/29\/\u010ds\u00fa-logo-1024x277.png 1024w, https:\/\/zakrasnejsivimperk.cz\/wp-content\/uploads\/2021\/03\/29\/\u010ds\u00fa-logo.png 1280w\" sizes=\"(max-width: 300px) 100vw, 300px\" \/>Mezim\u011bs\u00ed\u010dn\u011b ceny zem\u011bd\u011blsk\u00fdch v\u00fdrobc\u016f v z\u00e1\u0159\u00ed vzrostly o 2,1\u202f% a meziro\u010dn\u011b byly ni\u017e\u0161\u00ed o\u202f0,2\u202f%. Ceny pr\u016fmyslov\u00fdch v\u00fdrobc\u016f mezim\u011bs\u00ed\u010dn\u011b klesly 0,2\u202f% a meziro\u010dn\u011b vzrostly o 0,6\u202f%. Ceny stavebn\u00edch prac\u00ed mezim\u011bs\u00ed\u010dn\u011b vzrostly o\u202f0,4\u202f% a\u202fmeziro\u010dn\u011b byly vy\u0161\u0161\u00ed o\u202f1,9\u202f%. Ceny tr\u017en\u00edch slu\u017eeb pro podniky se mezim\u011bs\u00ed\u010dn\u011b zv\u00fd\u0161ily o 1,3\u202f% a meziro\u010dn\u011b o\u202f3,4\u202f%.<\/h6>\n<p><em>\u201eV meziro\u010dn\u00edm srovn\u00e1n\u00ed ceny v\u202fpr\u016fmyslu op\u011bt zm\u00edrnily sv\u016fj r\u016fst, tentokr\u00e1t na 0,6 %, p\u0159esto rostou ji\u017e \u0161est m\u011bs\u00edc\u016f v\u202f\u0159ad\u011b. Ceny v\u202fzem\u011bd\u011blstv\u00ed byly meziro\u010dn\u011b ni\u017e\u0161\u00ed o 0,2 %. Ceny stavebn\u00edch prac\u00ed byly meziro\u010dn\u011b vy\u0161\u0161\u00ed o 1,9\u202f% a ceny tr\u017en\u00edch slu\u017eeb pro podniky o 3,4\u202f%,\u201c<\/em>\u00a0upozor\u0148uje Vladim\u00edr Klime\u0161, vedouc\u00ed odd\u011blen\u00ed statistiky cen pr\u016fmyslu a zahrani\u010dn\u00edho obchodu \u010cS\u00da.<\/p>\n<p>Podrobnosti: <a href=\"https:\/\/csu.gov.cz\/rychle-informace\/indexy-cen-vyrobcu-zari-2024\" target=\"_blank\" rel=\"noopener\"><strong>https:\/\/csu.gov.cz\/rychle-informace\/indexy-cen-vyrobcu-zari-2024<\/strong><\/a><\/p>\n<p><strong>(tz-\u010ds\u00fa)<\/strong><\/p>\n<hr \/>\n<p>&nbsp;<\/p>\n<h6>Informujeme:<\/h6>\n<h4 class=\"entry-title\"><a href=\"https:\/\/zakrasnejsivimperk.cz\/?p=325592\" target=\"_blank\" rel=\"noopener\">Den\u00edk Metro \u2013 16. \u0159\u00edjna 2024<\/a><\/h4>\n<h4 class=\"entry-title\"><a href=\"https:\/\/zakrasnejsivimperk.cz\/?p=325581\" target=\"_blank\" rel=\"noopener\">Smrt v datech \u2013 rok 2023<\/a><\/h4>\n<h4 class=\"entry-title\"><a href=\"https:\/\/zakrasnejsivimperk.cz\/?p=325562\" target=\"_blank\" rel=\"noopener\">Role neziskov\u00fdch instituc\u00ed v roce 2022 vzrostla<\/a><\/h4>\n<h4 class=\"entry-title\"><a href=\"https:\/\/zakrasnejsivimperk.cz\/?p=325536\" target=\"_blank\" rel=\"noopener\">V\u0161em pedagog\u016fm se zv\u00fd\u0161\u00ed tarif o sedm procent<\/a><\/h4>\n<h4 class=\"entry-title\"><a href=\"https:\/\/zakrasnejsivimperk.cz\/?p=325533\" target=\"_blank\" rel=\"noopener\">Odbory odm\u00edtly n\u00e1vrh Ministerstva zdravotnictv\u00ed na sjednocen\u00ed odm\u011b\u0148ov\u00e1n\u00ed zdravotn\u00edk\u016f<\/a><\/h4>\n<h4 class=\"entry-title\"><a href=\"https:\/\/zakrasnejsivimperk.cz\/?p=325511\" target=\"_blank\" rel=\"noopener\">Dekora\u010dn\u00ed sv\u00edtidlo kv\u011btiny p\u0159edstavuje pro spot\u0159ebitele v\u00e1\u017en\u00e9 riziko \u00farazu elektrick\u00fdm proudem<\/a><\/h4>\n<h4 class=\"entry-title\"><a href=\"https:\/\/zakrasnejsivimperk.cz\/?p=325505\" target=\"_blank\" rel=\"noopener\">Ministr Jure\u010dka p\u0159edstavil zm\u011bny podpory v nezam\u011bstnanosti pro v\u011bt\u0161\u00ed ochranu a motivaci p\u0159i hled\u00e1n\u00ed pr\u00e1ce<\/a><\/h4>\n<h4 class=\"entry-title\"><a href=\"https:\/\/zakrasnejsivimperk.cz\/?p=325487\" target=\"_blank\" rel=\"noopener\">Respira\u010dn\u00edch infekc\u00ed p\u0159ib\u00fdv\u00e1, je ide\u00e1ln\u00ed \u010das pro o\u010dkov\u00e1n\u00ed proti covidu-19 i ch\u0159ipce<\/a><\/h4>\n<h4 class=\"entry-title\"><a href=\"https:\/\/zakrasnejsivimperk.cz\/?p=325484\" target=\"_blank\" rel=\"noopener\">Na\u0161tvan\u00ed prakti\u010dt\u00ed l\u00e9ka\u0159i chystaj\u00ed protest. Sedm tis\u00edc ordinac\u00ed hroz\u00ed uzav\u0159en\u00edm na dva dny<\/a><\/h4>\n<h4 class=\"entry-title\"><a href=\"https:\/\/zakrasnejsivimperk.cz\/?p=325461\" target=\"_blank\" rel=\"noopener\">P\u0158E\u010cT\u011aTE SI U N\u00c1S: Den\u00edk Metro \u2013 15. \u0159\u00edjna 2024<\/a><\/h4>\n<hr \/>\n<p>&nbsp;<\/p>\n","protected":false},"excerpt":{"rendered":"<p>Mezim\u011bs\u00ed\u010dn\u011b ceny <\/p>\n","protected":false},"author":2,"featured_media":325608,"comment_status":"open","ping_status":"open","sticky":false,"template":"","format":"gallery","meta":{"footnotes":""},"categories":[70],"tags":[],"jetpack_featured_media_url":"https:\/\/zakrasnejsivimperk.cz\/wp-content\/uploads\/2024\/10\/16\/z-ruky-csu.jpg","_links":{"self":[{"href":"https:\/\/zakrasnejsivimperk.cz\/index.php?rest_route=\/wp\/v2\/posts\/325607"}],"collection":[{"href":"https:\/\/zakrasnejsivimperk.cz\/index.php?rest_route=\/wp\/v2\/posts"}],"about":[{"href":"https:\/\/zakrasnejsivimperk.cz\/index.php?rest_route=\/wp\/v2\/types\/post"}],"author":[{"embeddable":true,"href":"https:\/\/zakrasnejsivimperk.cz\/index.php?rest_route=\/wp\/v2\/users\/2"}],"replies":[{"embeddable":true,"href":"https:\/\/zakrasnejsivimperk.cz\/index.php?rest_route=%2Fwp%2Fv2%2Fcomments&post=325607"}],"version-history":[{"count":1,"href":"https:\/\/zakrasnejsivimperk.cz\/index.php?rest_route=\/wp\/v2\/posts\/325607\/revisions"}],"predecessor-version":[{"id":325609,"href":"https:\/\/zakrasnejsivimperk.cz\/index.php?rest_route=\/wp\/v2\/posts\/325607\/revisions\/325609"}],"wp:featuredmedia":[{"embeddable":true,"href":"https:\/\/zakrasnejsivimperk.cz\/index.php?rest_route=\/wp\/v2\/media\/325608"}],"wp:attachment":[{"href":"https:\/\/zakrasnejsivimperk.cz\/index.php?rest_route=%2Fwp%2Fv2%2Fmedia&parent=325607"}],"wp:term":[{"taxonomy":"category","embeddable":true,"href":"https:\/\/zakrasnejsivimperk.cz\/index.php?rest_route=%2Fwp%2Fv2%2Fcategories&post=325607"},{"taxonomy":"post_tag","embeddable":true,"href":"https:\/\/zakrasnejsivimperk.cz\/index.php?rest_route=%2Fwp%2Fv2%2Ftags&post=325607"}],"curies":[{"name":"wp","href":"https:\/\/api.w.org\/{rel}","templated":true}]}}