{"id":325581,"date":"2024-10-15T19:24:54","date_gmt":"2024-10-15T18:24:54","guid":{"rendered":"https:\/\/zakrasnejsivimperk.cz\/?p=325581"},"modified":"2024-10-15T19:28:28","modified_gmt":"2024-10-15T18:28:28","slug":"z-prvni-ruky-smrt-v-datech-rok-2023","status":"publish","type":"post","link":"https:\/\/zakrasnejsivimperk.cz\/?p=325581","title":{"rendered":"Z PRVN\u00cd RUKY: Smrt v datech &#8211; rok 2023"},"content":{"rendered":"<p><img loading=\"lazy\" decoding=\"async\" class=\"aligncenter wp-image-325582 size-full\" src=\"https:\/\/zakrasnejsivimperk.cz\/wp-content\/uploads\/2024\/10\/15\/csu-smrt-v-datech.jpg\" alt=\"\" width=\"846\" height=\"1181\" srcset=\"https:\/\/zakrasnejsivimperk.cz\/wp-content\/uploads\/2024\/10\/15\/csu-smrt-v-datech.jpg 846w, https:\/\/zakrasnejsivimperk.cz\/wp-content\/uploads\/2024\/10\/15\/csu-smrt-v-datech-215x300.jpg 215w, https:\/\/zakrasnejsivimperk.cz\/wp-content\/uploads\/2024\/10\/15\/csu-smrt-v-datech-734x1024.jpg 734w, https:\/\/zakrasnejsivimperk.cz\/wp-content\/uploads\/2024\/10\/15\/csu-smrt-v-datech-768x1072.jpg 768w, https:\/\/zakrasnejsivimperk.cz\/wp-content\/uploads\/2024\/10\/15\/csu-smrt-v-datech-256x357.jpg 256w, https:\/\/zakrasnejsivimperk.cz\/wp-content\/uploads\/2024\/10\/15\/csu-smrt-v-datech-346x483.jpg 346w\" sizes=\"(max-width: 846px) 100vw, 846px\" \/><\/p>\n<hr \/>\n<p>&nbsp;<\/p>\n<h6>Informujeme:<\/h6>\n<h4 class=\"entry-title\"><a href=\"https:\/\/zakrasnejsivimperk.cz\/?p=325562\" target=\"_blank\" rel=\"noopener\">Role neziskov\u00fdch instituc\u00ed v roce 2022 vzrostla<\/a><\/h4>\n<h4 class=\"entry-title\"><a href=\"https:\/\/zakrasnejsivimperk.cz\/?p=325536\" target=\"_blank\" rel=\"noopener\">V\u0161em pedagog\u016fm se zv\u00fd\u0161\u00ed tarif o sedm procent<\/a><\/h4>\n<h4 class=\"entry-title\"><a href=\"https:\/\/zakrasnejsivimperk.cz\/?p=325533\" target=\"_blank\" rel=\"noopener\">Odbory odm\u00edtly n\u00e1vrh Ministerstva zdravotnictv\u00ed na sjednocen\u00ed odm\u011b\u0148ov\u00e1n\u00ed zdravotn\u00edk\u016f<\/a><\/h4>\n<h4 class=\"entry-title\"><a href=\"https:\/\/zakrasnejsivimperk.cz\/?p=325511\" target=\"_blank\" rel=\"noopener\">Dekora\u010dn\u00ed sv\u00edtidlo kv\u011btiny p\u0159edstavuje pro spot\u0159ebitele v\u00e1\u017en\u00e9 riziko \u00farazu elektrick\u00fdm proudem<\/a><\/h4>\n<h4 class=\"entry-title\"><a href=\"https:\/\/zakrasnejsivimperk.cz\/?p=325505\" target=\"_blank\" rel=\"noopener\">Ministr Jure\u010dka p\u0159edstavil zm\u011bny podpory v nezam\u011bstnanosti pro v\u011bt\u0161\u00ed ochranu a motivaci p\u0159i hled\u00e1n\u00ed pr\u00e1ce<\/a><\/h4>\n<h4 class=\"entry-title\"><a href=\"https:\/\/zakrasnejsivimperk.cz\/?p=325487\" target=\"_blank\" rel=\"noopener\">Respira\u010dn\u00edch infekc\u00ed p\u0159ib\u00fdv\u00e1, je ide\u00e1ln\u00ed \u010das pro o\u010dkov\u00e1n\u00ed proti covidu-19 i ch\u0159ipce<\/a><\/h4>\n<h4 class=\"entry-title\"><a href=\"https:\/\/zakrasnejsivimperk.cz\/?p=325484\" target=\"_blank\" rel=\"noopener\">Na\u0161tvan\u00ed prakti\u010dt\u00ed l\u00e9ka\u0159i chystaj\u00ed protest. Sedm tis\u00edc ordinac\u00ed hroz\u00ed uzav\u0159en\u00edm na dva dny<\/a><\/h4>\n<h4 class=\"entry-title\"><a href=\"https:\/\/zakrasnejsivimperk.cz\/?p=325461\" target=\"_blank\" rel=\"noopener\">P\u0158E\u010cT\u011aTE SI U N\u00c1S: Den\u00edk Metro \u2013 15. \u0159\u00edjna 2024<\/a><\/h4>\n<h4 class=\"entry-title\"><a href=\"https:\/\/zakrasnejsivimperk.cz\/?p=325443\" target=\"_blank\" rel=\"noopener\">Ministerstvo zdravotnictv\u00ed aktualizovalo EZKartu. Nov\u011b v n\u00ed najdete hrazen\u00e1 o\u010dkov\u00e1n\u00ed od roku 2010 u osob mlad\u0161\u00edch 18 let<\/a><\/h4>\n<h4 class=\"entry-title\"><a href=\"https:\/\/zakrasnejsivimperk.cz\/?p=325407\" target=\"_blank\" rel=\"noopener\">M\u00fdty a fakty o Keltech a Germ\u00e1nech provede nov\u00fd kurz. Zdarma<\/a><\/h4>\n<h4 class=\"entry-title\"><a href=\"https:\/\/zakrasnejsivimperk.cz\/?p=325342\" target=\"_blank\" rel=\"noopener\">P\u0158E\u010cT\u011aTE SI U N\u00c1S: Den\u00edk Metro \u2013 14. \u0159\u00edjna 2024<\/a><\/h4>\n<hr \/>\n<p>&nbsp;<\/p>\n","protected":false},"excerpt":{"rendered":"<p>&nbsp; Informujeme: <\/p>\n","protected":false},"author":2,"featured_media":325585,"comment_status":"open","ping_status":"open","sticky":false,"template":"","format":"gallery","meta":{"footnotes":""},"categories":[70],"tags":[],"jetpack_featured_media_url":"https:\/\/zakrasnejsivimperk.cz\/wp-content\/uploads\/2024\/10\/15\/csu-smrt-v-datech-ttt.jpg","_links":{"self":[{"href":"https:\/\/zakrasnejsivimperk.cz\/index.php?rest_route=\/wp\/v2\/posts\/325581"}],"collection":[{"href":"https:\/\/zakrasnejsivimperk.cz\/index.php?rest_route=\/wp\/v2\/posts"}],"about":[{"href":"https:\/\/zakrasnejsivimperk.cz\/index.php?rest_route=\/wp\/v2\/types\/post"}],"author":[{"embeddable":true,"href":"https:\/\/zakrasnejsivimperk.cz\/index.php?rest_route=\/wp\/v2\/users\/2"}],"replies":[{"embeddable":true,"href":"https:\/\/zakrasnejsivimperk.cz\/index.php?rest_route=%2Fwp%2Fv2%2Fcomments&post=325581"}],"version-history":[{"count":4,"href":"https:\/\/zakrasnejsivimperk.cz\/index.php?rest_route=\/wp\/v2\/posts\/325581\/revisions"}],"predecessor-version":[{"id":325587,"href":"https:\/\/zakrasnejsivimperk.cz\/index.php?rest_route=\/wp\/v2\/posts\/325581\/revisions\/325587"}],"wp:featuredmedia":[{"embeddable":true,"href":"https:\/\/zakrasnejsivimperk.cz\/index.php?rest_route=\/wp\/v2\/media\/325585"}],"wp:attachment":[{"href":"https:\/\/zakrasnejsivimperk.cz\/index.php?rest_route=%2Fwp%2Fv2%2Fmedia&parent=325581"}],"wp:term":[{"taxonomy":"category","embeddable":true,"href":"https:\/\/zakrasnejsivimperk.cz\/index.php?rest_route=%2Fwp%2Fv2%2Fcategories&post=325581"},{"taxonomy":"post_tag","embeddable":true,"href":"https:\/\/zakrasnejsivimperk.cz\/index.php?rest_route=%2Fwp%2Fv2%2Ftags&post=325581"}],"curies":[{"name":"wp","href":"https:\/\/api.w.org\/{rel}","templated":true}]}}