{"id":325562,"date":"2024-10-15T16:51:02","date_gmt":"2024-10-15T15:51:02","guid":{"rendered":"https:\/\/zakrasnejsivimperk.cz\/?p=325562"},"modified":"2024-10-15T16:51:51","modified_gmt":"2024-10-15T15:51:51","slug":"z-prvni-ruky-role-neziskovych-instituci-v-roce-2022-vzrostla","status":"publish","type":"post","link":"https:\/\/zakrasnejsivimperk.cz\/?p=325562","title":{"rendered":"Z PRVN\u00cd RUKY: Role neziskov\u00fdch instituc\u00ed v roce 2022 vzrostla"},"content":{"rendered":"<h6><img loading=\"lazy\" decoding=\"async\" class=\"size-medium wp-image-219756 alignleft\" src=\"https:\/\/zakrasnejsivimperk.cz\/wp-content\/uploads\/2021\/03\/29\/\u010ds\u00fa-logo-300x81.png\" alt=\"\" width=\"300\" height=\"81\" srcset=\"https:\/\/zakrasnejsivimperk.cz\/wp-content\/uploads\/2021\/03\/29\/\u010ds\u00fa-logo-300x81.png 300w, https:\/\/zakrasnejsivimperk.cz\/wp-content\/uploads\/2021\/03\/29\/\u010ds\u00fa-logo-768x208.png 768w, https:\/\/zakrasnejsivimperk.cz\/wp-content\/uploads\/2021\/03\/29\/\u010ds\u00fa-logo-1024x277.png 1024w, https:\/\/zakrasnejsivimperk.cz\/wp-content\/uploads\/2021\/03\/29\/\u010ds\u00fa-logo.png 1280w\" sizes=\"(max-width: 300px) 100vw, 300px\" \/>Po\u010det neziskov\u00fdch instituc\u00ed v \u010cesku v roce 2022 klesl meziro\u010dn\u011b o 1,1 %, stav jejich zam\u011bstnanc\u016f v\u0161ak vzrostl o 4,7 %. O 17 % se nav\u00fd\u0161il po\u010det dobrovoln\u00edk\u016f, kte\u0159\u00ed odpracovali v neziskov\u00fdch instituc\u00edch i v\u00edce hodin pr\u00e1ce.<\/h6>\n<p>V roce 2022 p\u016fsobilo v \u010cesku p\u0159es 148 tis\u00edc neziskov\u00fdch instituc\u00ed, v roce 2021 jich bylo p\u0159es 150 tis\u00edc.\u00a0<em>\u201eNejv\u011bt\u0161\u00ed pokles jsme zaznamenali u spolk\u016f, kdy v roce 2022 ukon\u010dilo \u010dinnost skoro 1,5 tis\u00edce instituc\u00ed. Poprv\u00e9 m\u00e1me tak\u00e9 informace o po\u010dtu neaktivn\u00edch spolk\u016f a pobo\u010dn\u00fdch spolk\u016f, kter\u00fdch bylo p\u0159es 28 tis\u00edc,\u201c\u00a0<\/em>\u0159\u00edk\u00e1 Petr Musil, \u0159editel sekce makroekonomick\u00fdch statistik \u010cS\u00da.<\/p>\n<p><em>\u201ePo\u010det hodin odpracovan\u00fdch dobrovoln\u00edky v neziskov\u00fdch instituc\u00edch vzrostl v roce 2022 meziro\u010dn\u011b o 17,3 % na 45 milion\u016f. Hodnota jejich dobrovolnick\u00e9 pr\u00e1ce byla 9,4 miliardy korun, co\u017e meziro\u010dn\u011b p\u0159edstavovalo n\u00e1r\u016fst o 26 %,<\/em>\u201c\u00a0upozor\u0148uje Jitka Fo\u0159tov\u00e1 z odboru vl\u00e1dn\u00edch a finan\u010dn\u00edch \u00fa\u010dt\u016f \u010cS\u00da.<\/p>\n<p>Dal\u0161\u00ed informace v\u010detn\u011b prezentace z\u00a0dne\u0161n\u00ed tiskov\u00e9 konference naleznete na webu \u010cS\u00da:\u00a0<a href=\"https:\/\/csu.gov.cz\/produkty\/role-neziskovych-instituci-v-roce-2022-vzrostla\" target=\"_blank\" rel=\"noopener\"><strong>https:\/\/csu.gov.cz\/produkty\/role-neziskovych-instituci-v-roce-2022-vzrostla<\/strong><\/a><\/p>\n<p><strong>(tz-\u010ds\u00fa)<\/strong><\/p>\n<hr \/>\n<p>&nbsp;<\/p>\n<h6>Informujeme:<\/h6>\n<h4 class=\"entry-title\"><a href=\"https:\/\/zakrasnejsivimperk.cz\/?p=325536\" target=\"_blank\" rel=\"noopener\">V\u0161em pedagog\u016fm se zv\u00fd\u0161\u00ed tarif o sedm procent<\/a><\/h4>\n<h4 class=\"entry-title\"><a href=\"https:\/\/zakrasnejsivimperk.cz\/?p=325533\" target=\"_blank\" rel=\"noopener\">Odbory odm\u00edtly n\u00e1vrh Ministerstva zdravotnictv\u00ed na sjednocen\u00ed odm\u011b\u0148ov\u00e1n\u00ed zdravotn\u00edk\u016f<\/a><\/h4>\n<h4 class=\"entry-title\"><a href=\"https:\/\/zakrasnejsivimperk.cz\/?p=325511\" target=\"_blank\" rel=\"noopener\">Dekora\u010dn\u00ed sv\u00edtidlo kv\u011btiny p\u0159edstavuje pro spot\u0159ebitele v\u00e1\u017en\u00e9 riziko \u00farazu elektrick\u00fdm proudem<\/a><\/h4>\n<h4 class=\"entry-title\"><a href=\"https:\/\/zakrasnejsivimperk.cz\/?p=325505\" target=\"_blank\" rel=\"noopener\">Ministr Jure\u010dka p\u0159edstavil zm\u011bny podpory v nezam\u011bstnanosti pro v\u011bt\u0161\u00ed ochranu a motivaci p\u0159i hled\u00e1n\u00ed pr\u00e1ce<\/a><\/h4>\n<h4 class=\"entry-title\"><a href=\"https:\/\/zakrasnejsivimperk.cz\/?p=325487\" target=\"_blank\" rel=\"noopener\">Respira\u010dn\u00edch infekc\u00ed p\u0159ib\u00fdv\u00e1, je ide\u00e1ln\u00ed \u010das pro o\u010dkov\u00e1n\u00ed proti covidu-19 i ch\u0159ipce<\/a><\/h4>\n<h4 class=\"entry-title\"><a href=\"https:\/\/zakrasnejsivimperk.cz\/?p=325484\" target=\"_blank\" rel=\"noopener\">Na\u0161tvan\u00ed prakti\u010dt\u00ed l\u00e9ka\u0159i chystaj\u00ed protest. Sedm tis\u00edc ordinac\u00ed hroz\u00ed uzav\u0159en\u00edm na dva dny<\/a><\/h4>\n<h4 class=\"entry-title\"><a href=\"https:\/\/zakrasnejsivimperk.cz\/?p=325461\" target=\"_blank\" rel=\"noopener\">P\u0158E\u010cT\u011aTE SI U N\u00c1S: Den\u00edk Metro \u2013 15. \u0159\u00edjna 2024<\/a><\/h4>\n<h4 class=\"entry-title\"><a href=\"https:\/\/zakrasnejsivimperk.cz\/?p=325443\" target=\"_blank\" rel=\"noopener\">Ministerstvo zdravotnictv\u00ed aktualizovalo EZKartu. Nov\u011b v n\u00ed najdete hrazen\u00e1 o\u010dkov\u00e1n\u00ed od roku 2010 u osob mlad\u0161\u00edch 18 let<\/a><\/h4>\n<h4 class=\"entry-title\"><a href=\"https:\/\/zakrasnejsivimperk.cz\/?p=325407\" target=\"_blank\" rel=\"noopener\">M\u00fdty a fakty o Keltech a Germ\u00e1nech provede nov\u00fd kurz. Zdarma<\/a><\/h4>\n<h4 class=\"entry-title\"><a href=\"https:\/\/zakrasnejsivimperk.cz\/?p=325342\" target=\"_blank\" rel=\"noopener\">P\u0158E\u010cT\u011aTE SI U N\u00c1S: Den\u00edk Metro \u2013 14. \u0159\u00edjna 2024<\/a><\/h4>\n<hr \/>\n<p>&nbsp;<\/p>\n","protected":false},"excerpt":{"rendered":"<p>Po\u010det neziskov\u00fdch <\/p>\n","protected":false},"author":2,"featured_media":325563,"comment_status":"open","ping_status":"open","sticky":false,"template":"","format":"gallery","meta":{"footnotes":""},"categories":[70],"tags":[],"jetpack_featured_media_url":"https:\/\/zakrasnejsivimperk.cz\/wp-content\/uploads\/2024\/10\/15\/z-ruky-csu.jpg","_links":{"self":[{"href":"https:\/\/zakrasnejsivimperk.cz\/index.php?rest_route=\/wp\/v2\/posts\/325562"}],"collection":[{"href":"https:\/\/zakrasnejsivimperk.cz\/index.php?rest_route=\/wp\/v2\/posts"}],"about":[{"href":"https:\/\/zakrasnejsivimperk.cz\/index.php?rest_route=\/wp\/v2\/types\/post"}],"author":[{"embeddable":true,"href":"https:\/\/zakrasnejsivimperk.cz\/index.php?rest_route=\/wp\/v2\/users\/2"}],"replies":[{"embeddable":true,"href":"https:\/\/zakrasnejsivimperk.cz\/index.php?rest_route=%2Fwp%2Fv2%2Fcomments&post=325562"}],"version-history":[{"count":2,"href":"https:\/\/zakrasnejsivimperk.cz\/index.php?rest_route=\/wp\/v2\/posts\/325562\/revisions"}],"predecessor-version":[{"id":325565,"href":"https:\/\/zakrasnejsivimperk.cz\/index.php?rest_route=\/wp\/v2\/posts\/325562\/revisions\/325565"}],"wp:featuredmedia":[{"embeddable":true,"href":"https:\/\/zakrasnejsivimperk.cz\/index.php?rest_route=\/wp\/v2\/media\/325563"}],"wp:attachment":[{"href":"https:\/\/zakrasnejsivimperk.cz\/index.php?rest_route=%2Fwp%2Fv2%2Fmedia&parent=325562"}],"wp:term":[{"taxonomy":"category","embeddable":true,"href":"https:\/\/zakrasnejsivimperk.cz\/index.php?rest_route=%2Fwp%2Fv2%2Fcategories&post=325562"},{"taxonomy":"post_tag","embeddable":true,"href":"https:\/\/zakrasnejsivimperk.cz\/index.php?rest_route=%2Fwp%2Fv2%2Ftags&post=325562"}],"curies":[{"name":"wp","href":"https:\/\/api.w.org\/{rel}","templated":true}]}}