{"id":325536,"date":"2024-10-15T13:13:12","date_gmt":"2024-10-15T12:13:12","guid":{"rendered":"https:\/\/zakrasnejsivimperk.cz\/?p=325536"},"modified":"2024-10-15T13:13:42","modified_gmt":"2024-10-15T12:13:42","slug":"z-prvni-ruky-vsem-pedagogum-se-zvysi-tarif-o-sedm-procent","status":"publish","type":"post","link":"https:\/\/zakrasnejsivimperk.cz\/?p=325536","title":{"rendered":"Z PRVN\u00cd RUKY: V\u0161em pedagog\u016fm se zv\u00fd\u0161\u00ed tarif o sedm procent"},"content":{"rendered":"<h6><strong><img loading=\"lazy\" decoding=\"async\" class=\"size-medium wp-image-206034 alignleft\" src=\"https:\/\/zakrasnejsivimperk.cz\/wp-content\/uploads\/2020\/10\/18\/m\u0161mt-logo-300x159.jpg\" alt=\"\" width=\"300\" height=\"159\" srcset=\"https:\/\/zakrasnejsivimperk.cz\/wp-content\/uploads\/2020\/10\/18\/m\u0161mt-logo-300x159.jpg 300w, https:\/\/zakrasnejsivimperk.cz\/wp-content\/uploads\/2020\/10\/18\/m\u0161mt-logo-672x357.jpg 672w, https:\/\/zakrasnejsivimperk.cz\/wp-content\/uploads\/2020\/10\/18\/m\u0161mt-logo.jpg 706w\" sizes=\"(max-width: 300px) 100vw, 300px\" \/>Praha, 15. \u0159\u00edjna 2024 &#8211; Od nov\u00e9ho roku se tarifn\u00ed platy pedagogick\u00fdch pracovn\u00edk\u016f nav\u00fd\u0161\u00ed o sedm procent. Jedn\u00e1 se o v\u00fdsledek vyjedn\u00e1v\u00e1n\u00ed Ministerstva \u0161kolstv\u00ed, ml\u00e1de\u017ee a t\u011blov\u00fdchovy, vl\u00e1dy a \u0161kolsk\u00fdch odbor\u016f.<\/strong><\/h6>\n<p><em>\u201eVl\u00e1d\u011b jsem navrhl nav\u00fd\u0161en\u00ed tarif\u016f pro pedagogick\u00e9 pracovn\u00edky o 7 % ve v\u0161ech t\u0159\u00edd\u00e1ch a platov\u00fdch stupn\u00edch. Tento v\u00fdsledek vyjedn\u00e1v\u00e1n\u00ed s odbory umo\u017en\u00ed citeln\u00fd n\u00e1r\u016fst tarif\u016f, ale z\u00e1rove\u0148 bude ponech\u00e1na dostate\u010dn\u00e1 \u010d\u00e1stka na v\u00fdkonnostn\u00ed odm\u011b\u0148ov\u00e1n\u00ed \u0159editel\u016f \u0161kol,\u201c<\/em> informoval ministr \u0161kolstv\u00ed Mikul\u00e1\u0161 Bek o v\u00fdsledku jedn\u00e1n\u00ed se \u0161kolsk\u00fdmi odbory.<\/p>\n<p>O zv\u00fd\u0161en\u00ed tarif\u016f ve ve\u0159ejn\u00e9 sf\u00e9\u0159e jednala vl\u00e1da se z\u00e1stupci odbor\u016f p\u0159ed 10 dny, a v\u00fdsledkem byla shoda na nav\u00fd\u0161en\u00ed tarif\u016f o absolutn\u00ed \u010d\u00e1stku 1400 korun t\u00e9m\u011b\u0159 ve v\u0161ech profes\u00edch a resortech. V p\u0159\u00edpad\u011b pedagogick\u00fdch pracovn\u00edk\u016f, tedy u\u010ditel\u016f, vychovatel\u016f, tren\u00e9r\u016f a dal\u0161\u00edch pracovn\u00edk\u016f, bylo c\u00edlem pokra\u010dovat v jedn\u00e1n\u00ed o nastaven\u00ed tarif\u016f tak, aby bylo nav\u00fd\u0161en\u00ed stanoveno procentn\u00ed \u010d\u00e1stkou.<\/p>\n<p><em>\u201eZv\u00fd\u0161en\u00ed tarif\u016f o 7 % znamen\u00e1 \u00fapravu pom\u011bru mezi tarifn\u00ed a netarifn\u00ed slo\u017ekou tak, \u017ee na netarifn\u00ed slo\u017eky platu z\u016fstane v\u00edce ne\u017e 20 % prost\u0159edk\u016f, \u010d\u00edm\u017e napl\u0148ujeme vl\u00e1dn\u00ed programov\u00e9 prohl\u00e1\u0161en\u00ed,\u201c<\/em> doplnil ministr Bek.<\/p>\n<p><em>\u201eTak, jak byl koncipov\u00e1n st\u00e1tn\u00ed rozpo\u010det, a tak jak se z na\u0161eho pohledu z velk\u00e9 \u010d\u00e1sti napl\u0148uje vl\u00e1dn\u00ed prohl\u00e1\u0161en\u00ed, shodli jsme se na tom, \u017ee to je solidn\u00ed kompromis. Jsme r\u00e1di, \u017ee se asi po dvou letech zvedaj\u00ed tarify a \u017ee se n\u011bjak\u00fdm zp\u016fsobem kompenzuje inflace a propad re\u00e1ln\u00fdch plat\u016f,\u201c<\/em> komentoval v\u00fdsledek p\u0159edseda \u0161kolsk\u00fdch odbor\u016f Franti\u0161ek Dob\u0161\u00edk.<\/p>\n<p>Ministr Bek z\u00e1rove\u0148 pod\u011bkoval z\u00e1stupc\u016fm \u0161kolsk\u00fdch odbor\u016f za f\u00e9rov\u00e9 vyjedn\u00e1v\u00e1n\u00ed, jeho\u017e v\u00fdsledkem je zv\u00fd\u0161en\u00ed tarifn\u00edch plat\u016f pedagog\u016f, kter\u00e9 je realistick\u00e9, ale z pohledu samotn\u00fdch pedagog\u016f tak\u00e9 citeln\u00e9.<\/p>\n<p><strong>(tz-m\u0161mt)<\/strong><\/p>\n<hr \/>\n<p>&nbsp;<\/p>\n<h6>Informujeme:<\/h6>\n<h4 class=\"entry-title\"><a href=\"https:\/\/zakrasnejsivimperk.cz\/?p=325533\" target=\"_blank\" rel=\"noopener\">Odbory odm\u00edtly n\u00e1vrh Ministerstva zdravotnictv\u00ed na sjednocen\u00ed odm\u011b\u0148ov\u00e1n\u00ed zdravotn\u00edk\u016f<\/a><\/h4>\n<h4 class=\"entry-title\"><a href=\"https:\/\/zakrasnejsivimperk.cz\/?p=325511\" target=\"_blank\" rel=\"noopener\">Dekora\u010dn\u00ed sv\u00edtidlo kv\u011btiny p\u0159edstavuje pro spot\u0159ebitele v\u00e1\u017en\u00e9 riziko \u00farazu elektrick\u00fdm proudem<\/a><\/h4>\n<h4 class=\"entry-title\"><a href=\"https:\/\/zakrasnejsivimperk.cz\/?p=325505\" target=\"_blank\" rel=\"noopener\">Ministr Jure\u010dka p\u0159edstavil zm\u011bny podpory v nezam\u011bstnanosti pro v\u011bt\u0161\u00ed ochranu a motivaci p\u0159i hled\u00e1n\u00ed pr\u00e1ce<\/a><\/h4>\n<h4 class=\"entry-title\"><a href=\"https:\/\/zakrasnejsivimperk.cz\/?p=325487\" target=\"_blank\" rel=\"noopener\">Respira\u010dn\u00edch infekc\u00ed p\u0159ib\u00fdv\u00e1, je ide\u00e1ln\u00ed \u010das pro o\u010dkov\u00e1n\u00ed proti covidu-19 i ch\u0159ipce<\/a><\/h4>\n<h4 class=\"entry-title\"><a href=\"https:\/\/zakrasnejsivimperk.cz\/?p=325484\" target=\"_blank\" rel=\"noopener\">Na\u0161tvan\u00ed prakti\u010dt\u00ed l\u00e9ka\u0159i chystaj\u00ed protest. Sedm tis\u00edc ordinac\u00ed hroz\u00ed uzav\u0159en\u00edm na dva dny<\/a><\/h4>\n<h4 class=\"entry-title\"><a href=\"https:\/\/zakrasnejsivimperk.cz\/?p=325461\" target=\"_blank\" rel=\"noopener\">P\u0158E\u010cT\u011aTE SI U N\u00c1S: Den\u00edk Metro \u2013 15. \u0159\u00edjna 2024<\/a><\/h4>\n<h4 class=\"entry-title\"><a href=\"https:\/\/zakrasnejsivimperk.cz\/?p=325443\" target=\"_blank\" rel=\"noopener\">Ministerstvo zdravotnictv\u00ed aktualizovalo EZKartu. Nov\u011b v n\u00ed najdete hrazen\u00e1 o\u010dkov\u00e1n\u00ed od roku 2010 u osob mlad\u0161\u00edch 18 let<\/a><\/h4>\n<h4 class=\"entry-title\"><a href=\"https:\/\/zakrasnejsivimperk.cz\/?p=325407\" target=\"_blank\" rel=\"noopener\">M\u00fdty a fakty o Keltech a Germ\u00e1nech provede nov\u00fd kurz. Zdarma<\/a><\/h4>\n<h4 class=\"entry-title\"><a href=\"https:\/\/zakrasnejsivimperk.cz\/?p=325342\" target=\"_blank\" rel=\"noopener\">P\u0158E\u010cT\u011aTE SI U N\u00c1S: Den\u00edk Metro \u2013 14. \u0159\u00edjna 2024<\/a><\/h4>\n<hr \/>\n<p>&nbsp;<\/p>\n","protected":false},"excerpt":{"rendered":"<p>Praha, 15. <\/p>\n","protected":false},"author":2,"featured_media":325537,"comment_status":"open","ping_status":"open","sticky":false,"template":"","format":"gallery","meta":{"footnotes":""},"categories":[70],"tags":[],"jetpack_featured_media_url":"https:\/\/zakrasnejsivimperk.cz\/wp-content\/uploads\/2024\/10\/15\/z-ruky-mz-1.jpg","_links":{"self":[{"href":"https:\/\/zakrasnejsivimperk.cz\/index.php?rest_route=\/wp\/v2\/posts\/325536"}],"collection":[{"href":"https:\/\/zakrasnejsivimperk.cz\/index.php?rest_route=\/wp\/v2\/posts"}],"about":[{"href":"https:\/\/zakrasnejsivimperk.cz\/index.php?rest_route=\/wp\/v2\/types\/post"}],"author":[{"embeddable":true,"href":"https:\/\/zakrasnejsivimperk.cz\/index.php?rest_route=\/wp\/v2\/users\/2"}],"replies":[{"embeddable":true,"href":"https:\/\/zakrasnejsivimperk.cz\/index.php?rest_route=%2Fwp%2Fv2%2Fcomments&post=325536"}],"version-history":[{"count":1,"href":"https:\/\/zakrasnejsivimperk.cz\/index.php?rest_route=\/wp\/v2\/posts\/325536\/revisions"}],"predecessor-version":[{"id":325538,"href":"https:\/\/zakrasnejsivimperk.cz\/index.php?rest_route=\/wp\/v2\/posts\/325536\/revisions\/325538"}],"wp:featuredmedia":[{"embeddable":true,"href":"https:\/\/zakrasnejsivimperk.cz\/index.php?rest_route=\/wp\/v2\/media\/325537"}],"wp:attachment":[{"href":"https:\/\/zakrasnejsivimperk.cz\/index.php?rest_route=%2Fwp%2Fv2%2Fmedia&parent=325536"}],"wp:term":[{"taxonomy":"category","embeddable":true,"href":"https:\/\/zakrasnejsivimperk.cz\/index.php?rest_route=%2Fwp%2Fv2%2Fcategories&post=325536"},{"taxonomy":"post_tag","embeddable":true,"href":"https:\/\/zakrasnejsivimperk.cz\/index.php?rest_route=%2Fwp%2Fv2%2Ftags&post=325536"}],"curies":[{"name":"wp","href":"https:\/\/api.w.org\/{rel}","templated":true}]}}