{"id":325533,"date":"2024-10-15T13:04:06","date_gmt":"2024-10-15T12:04:06","guid":{"rendered":"https:\/\/zakrasnejsivimperk.cz\/?p=325533"},"modified":"2024-10-15T13:04:06","modified_gmt":"2024-10-15T12:04:06","slug":"z-prvni-ruky-odbory-odmitly-navrh-ministerstva-zdravotnictvi-na-sjednoceni-odmenovani-zdravotniku","status":"publish","type":"post","link":"https:\/\/zakrasnejsivimperk.cz\/?p=325533","title":{"rendered":"Z PRVN\u00cd RUKY: Odbory odm\u00edtly n\u00e1vrh Ministerstva zdravotnictv\u00ed na sjednocen\u00ed odm\u011b\u0148ov\u00e1n\u00ed zdravotn\u00edk\u016f"},"content":{"rendered":"<h6><b><img loading=\"lazy\" decoding=\"async\" class=\"size-medium wp-image-201164 alignleft\" src=\"https:\/\/zakrasnejsivimperk.cz\/wp-content\/uploads\/2020\/08\/24\/ministerstvo-zdravotnictv\u00ed-logo-300x105.png\" alt=\"\" width=\"300\" height=\"105\" srcset=\"https:\/\/zakrasnejsivimperk.cz\/wp-content\/uploads\/2020\/08\/24\/ministerstvo-zdravotnictv\u00ed-logo-300x105.png 300w, https:\/\/zakrasnejsivimperk.cz\/wp-content\/uploads\/2020\/08\/24\/ministerstvo-zdravotnictv\u00ed-logo.png 379w\" sizes=\"(max-width: 300px) 100vw, 300px\" \/>Ministerstvo zdravotnictv\u00ed dnes p\u0159es ve\u0161kerou snahu nena\u0161lo shodu s odbory ohledn\u011b n\u00e1vrhu z\u00e1kona o odm\u011b\u0148ov\u00e1n\u00ed zdravotn\u00edk\u016f. Podle n\u00e1vrhu Ministerstva zdravotnictv\u00ed by l\u00e9ka\u0159 po \u0161kole m\u011bl jistotu 60 677 K\u010d oproti dne\u0161n\u00edm 46 380 K\u010d, l\u00e9ka\u0159 po kmeni 65 012 K\u010d oproti dne\u0161n\u00edm 57 150 K\u010d a l\u00e9ka\u0159 po atestaci by m\u011bl jistotu 78 014 oproti dne\u0161n\u00edm 70 160 K\u010d. Tento n\u00e1vrh, stejn\u011b jako v\u0161echny p\u0159edchoz\u00ed, byl dnes ze strany odbor\u016f odm\u00edtnut. Plat\u00ed tud\u00ed\u017e dohoda vl\u00e1dy s \u010ceskomoravskou konfederac\u00ed odborov\u00fdch svaz\u016f na zv\u00fd\u0161en\u00ed o 1400 K\u010d v p\u0159\u00ed\u0161t\u00edm roce.<\/b><\/h6>\n<p>Odbory dlouhodob\u011b odm\u00edtaly v\u0161echny n\u00e1vrhy Ministerstva zdravotnictv\u00ed. Jak ten \u00favodn\u00ed, tak dal\u0161\u00ed dva modifikovan\u00e9, kter\u00e9 zapracov\u00e1valy jimi vzn\u00e1\u0161en\u00e9 p\u0159ipom\u00ednky. Ministerstvo zdravotnictv\u00ed p\u0159esto nad\u00e1le vyjad\u0159uje ochotu jednat. Zd\u016fraz\u0148uje v\u0161ak, \u017ee po\u017eadavky na nav\u00fd\u0161en\u00ed plat\u016f nemohou b\u00fdt realizov\u00e1ny na \u00fakor jin\u00fdch segment\u016f zdravotnictv\u00ed nebo zv\u00fd\u0161en\u00ed dan\u00ed \u010di zdravotn\u00edho poji\u0161t\u011bn\u00ed.<\/p>\n<p><i>\u201eBohu\u017eel, p\u0159es ve\u0161kerou na\u0161i snahu jsme nebyli schopni naj\u00edt shodu. Odbory ze sv\u00fdch po\u017eadavk\u016f neslevily a \u017e\u00e1daly finan\u010dn\u00ed prost\u0159edky, kter\u00e9 syst\u00e9m zdravotn\u00edho poji\u0161t\u011bn\u00ed nem\u016f\u017ee pokr\u00fdt. Je mi to l\u00edto, ale j\u00e1 jsem sv\u016fj slib splnil. Nejsem ale ochoten kv\u016fli po\u017eadavku na zv\u00fd\u0161en\u00ed plat\u016f br\u00e1t ostatn\u00edm nebo zvy\u0161ovat dan\u011b a zdravotn\u00ed poji\u0161t\u011bn\u00ed. To by nebylo ani re\u00e1ln\u00e9, ani spr\u00e1vn\u00e9,\u201c<\/i>\u00a0uvedl ministr zdravotnictv\u00ed Vlastimil V\u00e1lek.<\/p>\n<p><i>\u201eMinisterstvo bylo v tomto maxim\u00e1ln\u011b transparentn\u00ed a s odbory jednalo na rovinu. Fin\u00e1ln\u00ed n\u00e1vrh p\u0159edstaven\u00fd dnes obsahoval principy n\u00e1vrhu Sekce mlad\u00fdch l\u00e9ka\u0159\u016f \u010cLK. Pr\u00e1v\u011b jejich n\u00e1vrh byl opravdu v\u00edce kompromisn\u00ed ne\u017e p\u016fvodn\u00ed naprosto nerealistick\u00e9 n\u00e1vrhy \u010cLK a odbor\u016f. Tyto principy jsme zapracovali, ale bylo nezbytn\u00e9 pon\u00ed\u017eit v\u00fd\u0161i navrhovan\u00fdch plat\u016f tak, aby na n\u011b syst\u00e9m m\u011bl prost\u0159edky,\u201d<\/i>\u00a0doplnil n\u00e1m\u011bstek ministra zdravotnictv\u00ed V\u00e1clav Pl\u00e1ten\u00edk.<\/p>\n<p>Podle dne\u0161n\u00edho n\u00e1vrhu Ministerstva zdravotnictv\u00ed by l\u00e9ka\u0159 po \u0161kole m\u011bl jistotu 60 677 K\u010d oproti 46 380 K\u010d, l\u00e9ka\u0159 po kmeni 65 012 K\u010d oproti 57 150 K\u010d a l\u00e9ka\u0159 po atestaci by m\u011bl jistotu 78 014 oproti 70 160 K\u010d. I tento n\u00e1vrh byl na dne\u0161n\u00edm jedn\u00e1n\u00ed bohu\u017eel odm\u00edtnut.<\/p>\n<p>Navrhovan\u00e1 \u00faprava je finan\u010dn\u011b maximem mo\u017en\u00e9ho v r\u00e1mci prost\u0159edk\u016f ze syst\u00e9mu zdravotn\u00edho poji\u0161t\u011bn\u00ed. N\u00e1vrh tak\u00e9 obsahuje z\u00e1ruku, \u017ee nikdo ze zdravotn\u00edk\u016f by si oproti st\u00e1vaj\u00edc\u00edm podm\u00ednk\u00e1m nepohor\u0161il. Tento n\u00e1vrh v\u0161ak odborov\u00e9 organizace odm\u00edtly a p\u0159edlo\u017eily vlastn\u00ed alternativu, kter\u00e1 by vy\u017eadovala dodate\u010dn\u00e9 des\u00edtky miliard K\u010d.<\/p>\n<p><strong>(tz-mz)<\/strong><\/p>\n<hr \/>\n<p>&nbsp;<\/p>\n<h6>Informujeme:<\/h6>\n<h4 class=\"entry-title\"><a href=\"https:\/\/zakrasnejsivimperk.cz\/?p=325511\" target=\"_blank\" rel=\"noopener\">Dekora\u010dn\u00ed sv\u00edtidlo kv\u011btiny p\u0159edstavuje pro spot\u0159ebitele v\u00e1\u017en\u00e9 riziko \u00farazu elektrick\u00fdm proudem<\/a><\/h4>\n<h4 class=\"entry-title\"><a href=\"https:\/\/zakrasnejsivimperk.cz\/?p=325505\" target=\"_blank\" rel=\"noopener\">Ministr Jure\u010dka p\u0159edstavil zm\u011bny podpory v nezam\u011bstnanosti pro v\u011bt\u0161\u00ed ochranu a motivaci p\u0159i hled\u00e1n\u00ed pr\u00e1ce<\/a><\/h4>\n<h4 class=\"entry-title\"><a href=\"https:\/\/zakrasnejsivimperk.cz\/?p=325487\" target=\"_blank\" rel=\"noopener\">Respira\u010dn\u00edch infekc\u00ed p\u0159ib\u00fdv\u00e1, je ide\u00e1ln\u00ed \u010das pro o\u010dkov\u00e1n\u00ed proti covidu-19 i ch\u0159ipce<\/a><\/h4>\n<h4 class=\"entry-title\"><a href=\"https:\/\/zakrasnejsivimperk.cz\/?p=325484\" target=\"_blank\" rel=\"noopener\">Na\u0161tvan\u00ed prakti\u010dt\u00ed l\u00e9ka\u0159i chystaj\u00ed protest. Sedm tis\u00edc ordinac\u00ed hroz\u00ed uzav\u0159en\u00edm na dva dny<\/a><\/h4>\n<h4 class=\"entry-title\"><a href=\"https:\/\/zakrasnejsivimperk.cz\/?p=325461\" target=\"_blank\" rel=\"noopener\">P\u0158E\u010cT\u011aTE SI U N\u00c1S: Den\u00edk Metro \u2013 15. \u0159\u00edjna 2024<\/a><\/h4>\n<h4 class=\"entry-title\"><a href=\"https:\/\/zakrasnejsivimperk.cz\/?p=325443\" target=\"_blank\" rel=\"noopener\">Ministerstvo zdravotnictv\u00ed aktualizovalo EZKartu. Nov\u011b v n\u00ed najdete hrazen\u00e1 o\u010dkov\u00e1n\u00ed od roku 2010 u osob mlad\u0161\u00edch 18 let<\/a><\/h4>\n<h4 class=\"entry-title\"><a href=\"https:\/\/zakrasnejsivimperk.cz\/?p=325407\" target=\"_blank\" rel=\"noopener\">M\u00fdty a fakty o Keltech a Germ\u00e1nech provede nov\u00fd kurz. Zdarma<\/a><\/h4>\n<h4 class=\"entry-title\"><a href=\"https:\/\/zakrasnejsivimperk.cz\/?p=325342\" target=\"_blank\" rel=\"noopener\">P\u0158E\u010cT\u011aTE SI U N\u00c1S: Den\u00edk Metro \u2013 14. \u0159\u00edjna 2024<\/a><\/h4>\n<hr \/>\n<p>&nbsp;<\/p>\n","protected":false},"excerpt":{"rendered":"<p>Ministerstvo zdravotnictv\u00ed <\/p>\n","protected":false},"author":2,"featured_media":325534,"comment_status":"open","ping_status":"open","sticky":false,"template":"","format":"gallery","meta":{"footnotes":""},"categories":[70],"tags":[],"jetpack_featured_media_url":"https:\/\/zakrasnejsivimperk.cz\/wp-content\/uploads\/2024\/10\/15\/z-ruky-mz.jpg","_links":{"self":[{"href":"https:\/\/zakrasnejsivimperk.cz\/index.php?rest_route=\/wp\/v2\/posts\/325533"}],"collection":[{"href":"https:\/\/zakrasnejsivimperk.cz\/index.php?rest_route=\/wp\/v2\/posts"}],"about":[{"href":"https:\/\/zakrasnejsivimperk.cz\/index.php?rest_route=\/wp\/v2\/types\/post"}],"author":[{"embeddable":true,"href":"https:\/\/zakrasnejsivimperk.cz\/index.php?rest_route=\/wp\/v2\/users\/2"}],"replies":[{"embeddable":true,"href":"https:\/\/zakrasnejsivimperk.cz\/index.php?rest_route=%2Fwp%2Fv2%2Fcomments&post=325533"}],"version-history":[{"count":1,"href":"https:\/\/zakrasnejsivimperk.cz\/index.php?rest_route=\/wp\/v2\/posts\/325533\/revisions"}],"predecessor-version":[{"id":325535,"href":"https:\/\/zakrasnejsivimperk.cz\/index.php?rest_route=\/wp\/v2\/posts\/325533\/revisions\/325535"}],"wp:featuredmedia":[{"embeddable":true,"href":"https:\/\/zakrasnejsivimperk.cz\/index.php?rest_route=\/wp\/v2\/media\/325534"}],"wp:attachment":[{"href":"https:\/\/zakrasnejsivimperk.cz\/index.php?rest_route=%2Fwp%2Fv2%2Fmedia&parent=325533"}],"wp:term":[{"taxonomy":"category","embeddable":true,"href":"https:\/\/zakrasnejsivimperk.cz\/index.php?rest_route=%2Fwp%2Fv2%2Fcategories&post=325533"},{"taxonomy":"post_tag","embeddable":true,"href":"https:\/\/zakrasnejsivimperk.cz\/index.php?rest_route=%2Fwp%2Fv2%2Ftags&post=325533"}],"curies":[{"name":"wp","href":"https:\/\/api.w.org\/{rel}","templated":true}]}}