{"id":325511,"date":"2024-10-15T10:45:02","date_gmt":"2024-10-15T09:45:02","guid":{"rendered":"https:\/\/zakrasnejsivimperk.cz\/?p=325511"},"modified":"2024-10-15T10:45:20","modified_gmt":"2024-10-15T09:45:20","slug":"z-prvni-ruky-dekoracni-svitidlo-kvetiny-predstavuje-pro-spotrebitele-vazne-riziko-urazu-elektrickym-proudem","status":"publish","type":"post","link":"https:\/\/zakrasnejsivimperk.cz\/?p=325511","title":{"rendered":"Z PRVN\u00cd RUKY: Dekora\u010dn\u00ed sv\u00edtidlo kv\u011btiny p\u0159edstavuje pro spot\u0159ebitele v\u00e1\u017en\u00e9 riziko \u00farazu elektrick\u00fdm proudem"},"content":{"rendered":"<h6><img loading=\"lazy\" decoding=\"async\" class=\"alignleft wp-image-201761\" src=\"https:\/\/zakrasnejsivimperk.cz\/wp-content\/uploads\/2020\/08\/31\/\u010doi-logo-300x146.jpg\" alt=\"\" width=\"200\" height=\"97\" srcset=\"https:\/\/zakrasnejsivimperk.cz\/wp-content\/uploads\/2020\/08\/31\/\u010doi-logo-300x146.jpg 300w, https:\/\/zakrasnejsivimperk.cz\/wp-content\/uploads\/2020\/08\/31\/\u010doi-logo-326x159.jpg 326w, https:\/\/zakrasnejsivimperk.cz\/wp-content\/uploads\/2020\/08\/31\/\u010doi-logo.jpg 632w\" sizes=\"(max-width: 200px) 100vw, 200px\" \/>(Praha, 15. \u0159\u00edjen 2024) \u010cesk\u00e1 obchodn\u00ed inspekce zjistila, \u017ee na vnit\u0159n\u00edm trhu je v nab\u00eddce elektrick\u00e9 za\u0159\u00edzen\u00ed, kter\u00e9 m\u016f\u017ee znamenat pro spot\u0159ebitele v\u00e1\u017en\u00e9 riziko \u00farazu elektrick\u00fdm proudem. Jedn\u00e1 se o v\u00fdrobek \u201eDekora\u010dn\u00ed sv\u00edtidlo kv\u011btiny\u201c.<\/h6>\n<p>&nbsp;<\/p>\n<p><img loading=\"lazy\" decoding=\"async\" class=\"alignright wp-image-325513 size-full\" src=\"https:\/\/zakrasnejsivimperk.cz\/wp-content\/uploads\/2024\/10\/15\/nebezpecna-svitilna.jpg\" alt=\"\" width=\"581\" height=\"717\" srcset=\"https:\/\/zakrasnejsivimperk.cz\/wp-content\/uploads\/2024\/10\/15\/nebezpecna-svitilna.jpg 581w, https:\/\/zakrasnejsivimperk.cz\/wp-content\/uploads\/2024\/10\/15\/nebezpecna-svitilna-243x300.jpg 243w, https:\/\/zakrasnejsivimperk.cz\/wp-content\/uploads\/2024\/10\/15\/nebezpecna-svitilna-289x357.jpg 289w, https:\/\/zakrasnejsivimperk.cz\/wp-content\/uploads\/2024\/10\/15\/nebezpecna-svitilna-391x483.jpg 391w\" sizes=\"(max-width: 581px) 100vw, 581px\" \/>Dekora\u010dn\u00ed sv\u00edtidlo kv\u011btiny<\/p>\n<p><strong>N\u00e1zev v\u00fdrobku:<\/strong> Dekora\u010dn\u00ed sv\u00edtidlo kv\u011btiny<\/p>\n<p><strong>Typ \/ \u010d\u00edslo modelu:<\/strong> neuvedeno<\/p>\n<p><strong>EAN:<\/strong> neuveden<\/p>\n<p><strong>Identifika\u010dn\u00ed \u00fadaje v\u00fdrobce:<\/strong> neuvedeny<\/p>\n<p><strong>Identifika\u010dn\u00ed \u00fadaje dovozce:<\/strong> neuvedeny<\/p>\n<p><strong>Distributor:<\/strong> Thi Thuy L\u00e9, \u0160t\u00farova 1164, 363 01 Ostrov<\/p>\n<p><strong>Zem\u011b p\u016fvodu:<\/strong> \u010c\u00edna<\/p>\n<p>&nbsp;<\/p>\n<p>Jedn\u00e1 se o dekora\u010dn\u00ed sv\u00edtidlo s motivem kv\u011btin s nevym\u011bniteln\u00fdmi LED sv\u011bteln\u00fdmi zdroji, vybaven\u00e9 elektronickou jednotkou pro sv\u011bteln\u00e9 efekty. V\u00fdrobek byl nab\u00edzen bez obalu. Dvojp\u00f3lov\u00e1 vidlice byla ozna\u010dena zna\u010dkou shody CE, 2,5A, 250V a zna\u010dkou pro st\u0159\u00eddav\u00fd proud. Na elektronick\u00e9 jednotce bylo uvedeno: EK-04, CE, EMC, LVD, zna\u010dka t\u0159\u00eddy ochrany II, IP44, 8PROGRAMS MINI CONTROLLER a anglicky uveden\u00fd stru\u010dn\u00fd n\u00e1vod na obsluhu p\u0159ep\u00edna\u010de.<\/p>\n<p>U v\u00fdrobku bylo zji\u0161t\u011bno v\u00e1\u017en\u00e9 riziko \u00farazu elektrick\u00fdm proudem a\u017e smrti u\u017eivatele t\u00edm, \u017ee se u\u017eivatel dotkne p\u0159\u00edstupn\u00fdch \u017eiv\u00fdch \u010d\u00e1st\u00ed v\u00fdrobku v d\u016fsledku vytr\u017een\u00ed nap\u00e1jec\u00edho p\u0159\u00edvodu z elektronick\u00e9 jednotky nebo odstran\u011bn\u00ed krytu elektronick\u00e9 jednotky.<\/p>\n<p>Nap\u00e1jec\u00ed p\u0159\u00edvod nen\u00ed k elektronick\u00e9 jednotce bezpe\u010dn\u011b ukotven a dostate\u010dn\u011b zaji\u0161t\u011bn proti vytr\u017een\u00ed, je p\u0159ipojen pouze tavnou hmotou a p\u00e1jen\u00edm. P\u0159i manipulaci s p\u0159\u00edvodem m\u016f\u017ee doj\u00edt k vytr\u017een\u00ed p\u0159\u00edvodu z jednotky, \u010d\u00edm\u017e dojde ke zp\u0159\u00edstupn\u011bn\u00ed \u017eiv\u00fdch \u010d\u00e1st\u00ed v\u00fdrobku. U\u017eivatel se m\u016f\u017ee dotknout \u017eiv\u00e9 \u010d\u00e1sti v\u00fdrobku, kter\u00e1 je pod nap\u011bt\u00edm, a m\u016f\u017ee doj\u00edt k v\u00e1\u017en\u00e9mu \u00farazu a\u017e smrti u\u017eivatele z\u00e1sahem elektrick\u00e9ho proudu. D\u00e1le bylo zji\u0161t\u011bno, \u017ee mechanick\u00e1 pevnost elektronick\u00e9 jednotky nen\u00ed dostate\u010dn\u00e1. Z ovlada\u010de lze rukou bez vynalo\u017een\u00ed s\u00edly nebo pou\u017eit\u00ed n\u00e1stroje snadno odstranit kryt, \u010d\u00edm\u017e dojde ke zp\u0159\u00edstupn\u011bn\u00ed \u017eiv\u00fdch \u010d\u00e1st\u00ed v\u00fdrobku. Pokud se u\u017eivatel dotkne \u017eiv\u00e9 \u010d\u00e1sti v\u00fdrobku, kter\u00e1 je pod nap\u011bt\u00edm, m\u016f\u017ee doj\u00edt k v\u00e1\u017en\u00e9mu \u00farazu a\u017e smrti u\u017eivatele z\u00e1sahem elektrick\u00e9ho proudu.<\/p>\n<p>Spr\u00e1vn\u00ed org\u00e1n, Inspektor\u00e1t \u010cOI pro Plze\u0148sk\u00fd a Karlovarsk\u00fd kraj, ulo\u017eil prodejci ochrann\u00e9 opat\u0159en\u00ed dle ust. \u00a7 50 odst. 3 z\u00e1kona \u010d. 90\/2016 Sb., o posuzov\u00e1n\u00ed shody stanoven\u00fdch v\u00fdrobk\u016f p\u0159i jejich dod\u00e1v\u00e1n\u00ed na trh, kter\u00fdm je z\u00e1kaz dod\u00e1v\u00e1n\u00ed uveden\u00e9ho nebezpe\u010dn\u00e9ho v\u00fdrobku na trh. V\u00fdrobek byl nahl\u00e1\u0161en kontaktn\u00edmu bodu na MPO a informace o n\u011bm zve\u0159ejn\u011bny v syst\u00e9mu SAFETY GATE.<\/p>\n<p><strong>(tz-\u010doi)<\/strong><\/p>\n<hr \/>\n<p>&nbsp;<\/p>\n<h6>Informujeme:<\/h6>\n<h4 class=\"entry-title\"><a href=\"https:\/\/zakrasnejsivimperk.cz\/?p=325505\" target=\"_blank\" rel=\"noopener\">Ministr Jure\u010dka p\u0159edstavil zm\u011bny podpory v nezam\u011bstnanosti pro v\u011bt\u0161\u00ed ochranu a motivaci p\u0159i hled\u00e1n\u00ed pr\u00e1ce<\/a><\/h4>\n<h4 class=\"entry-title\"><a href=\"https:\/\/zakrasnejsivimperk.cz\/?p=325487\" target=\"_blank\" rel=\"noopener\">Respira\u010dn\u00edch infekc\u00ed p\u0159ib\u00fdv\u00e1, je ide\u00e1ln\u00ed \u010das pro o\u010dkov\u00e1n\u00ed proti covidu-19 i ch\u0159ipce<\/a><\/h4>\n<h4 class=\"entry-title\"><a href=\"https:\/\/zakrasnejsivimperk.cz\/?p=325484\" target=\"_blank\" rel=\"noopener\">Na\u0161tvan\u00ed prakti\u010dt\u00ed l\u00e9ka\u0159i chystaj\u00ed protest. Sedm tis\u00edc ordinac\u00ed hroz\u00ed uzav\u0159en\u00edm na dva dny<\/a><\/h4>\n<h4 class=\"entry-title\"><a href=\"https:\/\/zakrasnejsivimperk.cz\/?p=325461\" target=\"_blank\" rel=\"noopener\">P\u0158E\u010cT\u011aTE SI U N\u00c1S: Den\u00edk Metro \u2013 15. \u0159\u00edjna 2024<\/a><\/h4>\n<h4 class=\"entry-title\"><a href=\"https:\/\/zakrasnejsivimperk.cz\/?p=325443\" target=\"_blank\" rel=\"noopener\">Ministerstvo zdravotnictv\u00ed aktualizovalo EZKartu. Nov\u011b v n\u00ed najdete hrazen\u00e1 o\u010dkov\u00e1n\u00ed od roku 2010 u osob mlad\u0161\u00edch 18 let<\/a><\/h4>\n<h4 class=\"entry-title\"><a href=\"https:\/\/zakrasnejsivimperk.cz\/?p=325407\" target=\"_blank\" rel=\"noopener\">M\u00fdty a fakty o Keltech a Germ\u00e1nech provede nov\u00fd kurz. Zdarma<\/a><\/h4>\n<h4 class=\"entry-title\"><a href=\"https:\/\/zakrasnejsivimperk.cz\/?p=325342\" target=\"_blank\" rel=\"noopener\">P\u0158E\u010cT\u011aTE SI U N\u00c1S: Den\u00edk Metro \u2013 14. \u0159\u00edjna 2024<\/a><\/h4>\n<hr \/>\n<p>&nbsp;<\/p>\n","protected":false},"excerpt":{"rendered":"<p>(Praha, 15. <\/p>\n","protected":false},"author":2,"featured_media":325516,"comment_status":"open","ping_status":"open","sticky":false,"template":"","format":"gallery","meta":{"footnotes":""},"categories":[70],"tags":[],"jetpack_featured_media_url":"https:\/\/zakrasnejsivimperk.cz\/wp-content\/uploads\/2024\/10\/15\/z-ruky-coi.jpg","_links":{"self":[{"href":"https:\/\/zakrasnejsivimperk.cz\/index.php?rest_route=\/wp\/v2\/posts\/325511"}],"collection":[{"href":"https:\/\/zakrasnejsivimperk.cz\/index.php?rest_route=\/wp\/v2\/posts"}],"about":[{"href":"https:\/\/zakrasnejsivimperk.cz\/index.php?rest_route=\/wp\/v2\/types\/post"}],"author":[{"embeddable":true,"href":"https:\/\/zakrasnejsivimperk.cz\/index.php?rest_route=\/wp\/v2\/users\/2"}],"replies":[{"embeddable":true,"href":"https:\/\/zakrasnejsivimperk.cz\/index.php?rest_route=%2Fwp%2Fv2%2Fcomments&post=325511"}],"version-history":[{"count":3,"href":"https:\/\/zakrasnejsivimperk.cz\/index.php?rest_route=\/wp\/v2\/posts\/325511\/revisions"}],"predecessor-version":[{"id":325515,"href":"https:\/\/zakrasnejsivimperk.cz\/index.php?rest_route=\/wp\/v2\/posts\/325511\/revisions\/325515"}],"wp:featuredmedia":[{"embeddable":true,"href":"https:\/\/zakrasnejsivimperk.cz\/index.php?rest_route=\/wp\/v2\/media\/325516"}],"wp:attachment":[{"href":"https:\/\/zakrasnejsivimperk.cz\/index.php?rest_route=%2Fwp%2Fv2%2Fmedia&parent=325511"}],"wp:term":[{"taxonomy":"category","embeddable":true,"href":"https:\/\/zakrasnejsivimperk.cz\/index.php?rest_route=%2Fwp%2Fv2%2Fcategories&post=325511"},{"taxonomy":"post_tag","embeddable":true,"href":"https:\/\/zakrasnejsivimperk.cz\/index.php?rest_route=%2Fwp%2Fv2%2Ftags&post=325511"}],"curies":[{"name":"wp","href":"https:\/\/api.w.org\/{rel}","templated":true}]}}