{"id":325505,"date":"2024-10-15T10:21:20","date_gmt":"2024-10-15T09:21:20","guid":{"rendered":"https:\/\/zakrasnejsivimperk.cz\/?p=325505"},"modified":"2024-10-15T10:21:20","modified_gmt":"2024-10-15T09:21:20","slug":"z-prvni-ruky-ministr-jurecka-predstavil-zmeny-podpory-v-nezamestnanosti-pro-vetsi-ochranu-a-motivaci-pri-hledani-prace","status":"publish","type":"post","link":"https:\/\/zakrasnejsivimperk.cz\/?p=325505","title":{"rendered":"Z PRVN\u00cd RUKY: Ministr Jure\u010dka p\u0159edstavil zm\u011bny podpory v nezam\u011bstnanosti pro v\u011bt\u0161\u00ed ochranu a motivaci p\u0159i hled\u00e1n\u00ed pr\u00e1ce"},"content":{"rendered":"<h6><img loading=\"lazy\" decoding=\"async\" class=\"size-medium wp-image-204105 alignleft\" src=\"https:\/\/zakrasnejsivimperk.cz\/wp-content\/uploads\/2020\/09\/25\/mpsv-logo-300x135.jpg\" alt=\"\" width=\"300\" height=\"135\" srcset=\"https:\/\/zakrasnejsivimperk.cz\/wp-content\/uploads\/2020\/09\/25\/mpsv-logo-300x135.jpg 300w, https:\/\/zakrasnejsivimperk.cz\/wp-content\/uploads\/2020\/09\/25\/mpsv-logo-768x346.jpg 768w, https:\/\/zakrasnejsivimperk.cz\/wp-content\/uploads\/2020\/09\/25\/mpsv-logo.jpg 793w\" sizes=\"(max-width: 300px) 100vw, 300px\" \/>Ministr pr\u00e1ce a soci\u00e1ln\u00edch v\u011bc\u00ed Marian Jure\u010dka p\u0159edstavil z\u00e1sadn\u00ed zm\u011bny pravidel v oblasti podpory v nezam\u011bstnanosti a rekvalifikac\u00ed. Hlavn\u00ed novinkou je zv\u00fd\u0161en\u00ed podpory v nezam\u011bstnanosti v prvn\u00edm podp\u016frn\u00e9m obdob\u00ed a\u017e na 80 % p\u0159edchoz\u00edho p\u0159\u00edjmu. Novela tak\u00e9 zav\u00e1d\u00ed jednotnou maxim\u00e1ln\u00ed v\u00fd\u0161i podpory v nezam\u011bstnanosti a p\u0159i rekvalifikaci, kter\u00e1 bude odpov\u00eddat 80 % pr\u016fm\u011brn\u00e9 mzdy \u2013 letos by to \u010dinilo 33 942 K\u010d.<\/h6>\n<p><a href=\"https:\/\/zakrasnejsivimperk.cz\/wp-content\/uploads\/2024\/10\/15\/TZ_15_10_2024_Ministr-Jurecka-predstavil-zmeny-podpory-v-nezamestnanosti-pro-vetsi-ochranu-a-motivaci-pri-hledani-prace.pdf\" target=\"_blank\" rel=\"noopener\"><strong>CEL\u00c1 ZPR\u00c1VA<\/strong><\/a> <em>(Soubor PDF)<\/em><\/p>\n<p>&nbsp;<\/p>\n<p><strong>(tz-mpsv)<\/strong><\/p>\n<hr \/>\n<p>&nbsp;<\/p>\n<h6>Informujeme:<\/h6>\n<h4 class=\"entry-title\"><a href=\"https:\/\/zakrasnejsivimperk.cz\/?p=325487\" target=\"_blank\" rel=\"noopener\">Respira\u010dn\u00edch infekc\u00ed p\u0159ib\u00fdv\u00e1, je ide\u00e1ln\u00ed \u010das pro o\u010dkov\u00e1n\u00ed proti covidu-19 i ch\u0159ipce<\/a><\/h4>\n<h4 class=\"entry-title\"><a href=\"https:\/\/zakrasnejsivimperk.cz\/?p=325484\" target=\"_blank\" rel=\"noopener\">Na\u0161tvan\u00ed prakti\u010dt\u00ed l\u00e9ka\u0159i chystaj\u00ed protest. Sedm tis\u00edc ordinac\u00ed hroz\u00ed uzav\u0159en\u00edm na dva dny<\/a><\/h4>\n<h4 class=\"entry-title\"><a href=\"https:\/\/zakrasnejsivimperk.cz\/?p=325461\" target=\"_blank\" rel=\"noopener\">P\u0158E\u010cT\u011aTE SI U N\u00c1S: Den\u00edk Metro \u2013 15. \u0159\u00edjna 2024<\/a><\/h4>\n<h4 class=\"entry-title\"><a href=\"https:\/\/zakrasnejsivimperk.cz\/?p=325443\" target=\"_blank\" rel=\"noopener\">Ministerstvo zdravotnictv\u00ed aktualizovalo EZKartu. Nov\u011b v n\u00ed najdete hrazen\u00e1 o\u010dkov\u00e1n\u00ed od roku 2010 u osob mlad\u0161\u00edch 18 let<\/a><\/h4>\n<h4 class=\"entry-title\"><a href=\"https:\/\/zakrasnejsivimperk.cz\/?p=325407\" target=\"_blank\" rel=\"noopener\">M\u00fdty a fakty o Keltech a Germ\u00e1nech provede nov\u00fd kurz. Zdarma<\/a><\/h4>\n<h4 class=\"entry-title\"><a href=\"https:\/\/zakrasnejsivimperk.cz\/?p=325342\" target=\"_blank\" rel=\"noopener\">P\u0158E\u010cT\u011aTE SI U N\u00c1S: Den\u00edk Metro \u2013 14. \u0159\u00edjna 2024<\/a><\/h4>\n<hr \/>\n<p>&nbsp;<\/p>\n","protected":false},"excerpt":{"rendered":"<p>Ministr pr\u00e1ce <\/p>\n","protected":false},"author":2,"featured_media":325508,"comment_status":"open","ping_status":"open","sticky":false,"template":"","format":"gallery","meta":{"footnotes":""},"categories":[70],"tags":[],"jetpack_featured_media_url":"https:\/\/zakrasnejsivimperk.cz\/wp-content\/uploads\/2024\/10\/15\/z-ruky-mpsv.jpg","_links":{"self":[{"href":"https:\/\/zakrasnejsivimperk.cz\/index.php?rest_route=\/wp\/v2\/posts\/325505"}],"collection":[{"href":"https:\/\/zakrasnejsivimperk.cz\/index.php?rest_route=\/wp\/v2\/posts"}],"about":[{"href":"https:\/\/zakrasnejsivimperk.cz\/index.php?rest_route=\/wp\/v2\/types\/post"}],"author":[{"embeddable":true,"href":"https:\/\/zakrasnejsivimperk.cz\/index.php?rest_route=\/wp\/v2\/users\/2"}],"replies":[{"embeddable":true,"href":"https:\/\/zakrasnejsivimperk.cz\/index.php?rest_route=%2Fwp%2Fv2%2Fcomments&post=325505"}],"version-history":[{"count":1,"href":"https:\/\/zakrasnejsivimperk.cz\/index.php?rest_route=\/wp\/v2\/posts\/325505\/revisions"}],"predecessor-version":[{"id":325509,"href":"https:\/\/zakrasnejsivimperk.cz\/index.php?rest_route=\/wp\/v2\/posts\/325505\/revisions\/325509"}],"wp:featuredmedia":[{"embeddable":true,"href":"https:\/\/zakrasnejsivimperk.cz\/index.php?rest_route=\/wp\/v2\/media\/325508"}],"wp:attachment":[{"href":"https:\/\/zakrasnejsivimperk.cz\/index.php?rest_route=%2Fwp%2Fv2%2Fmedia&parent=325505"}],"wp:term":[{"taxonomy":"category","embeddable":true,"href":"https:\/\/zakrasnejsivimperk.cz\/index.php?rest_route=%2Fwp%2Fv2%2Fcategories&post=325505"},{"taxonomy":"post_tag","embeddable":true,"href":"https:\/\/zakrasnejsivimperk.cz\/index.php?rest_route=%2Fwp%2Fv2%2Ftags&post=325505"}],"curies":[{"name":"wp","href":"https:\/\/api.w.org\/{rel}","templated":true}]}}