{"id":325496,"date":"2024-10-15T10:00:14","date_gmt":"2024-10-15T09:00:14","guid":{"rendered":"https:\/\/zakrasnejsivimperk.cz\/?p=325496"},"modified":"2024-10-15T10:01:16","modified_gmt":"2024-10-15T09:01:16","slug":"jizni-cechy-co-se-deje-v-prachaticich-informace-o-jednani-rady-mesta-7-10","status":"publish","type":"post","link":"https:\/\/zakrasnejsivimperk.cz\/?p=325496","title":{"rendered":"JI\u017dN\u00cd \u010cECHY: Co se d\u011bje v Prachatic\u00edch. Informace o jedn\u00e1n\u00ed rady m\u011bsta \u2013 7.10."},"content":{"rendered":"<figure id=\"attachment_279929\" aria-describedby=\"caption-attachment-279929\" style=\"width: 1100px\" class=\"wp-caption aligncenter\"><img loading=\"lazy\" decoding=\"async\" class=\"wp-image-279929 size-full\" src=\"https:\/\/zakrasnejsivimperk.cz\/wp-content\/uploads\/2023\/05\/30\/prachatice-7.jpg\" alt=\"\" width=\"1100\" height=\"655\" srcset=\"https:\/\/zakrasnejsivimperk.cz\/wp-content\/uploads\/2023\/05\/30\/prachatice-7.jpg 1100w, https:\/\/zakrasnejsivimperk.cz\/wp-content\/uploads\/2023\/05\/30\/prachatice-7-300x179.jpg 300w, https:\/\/zakrasnejsivimperk.cz\/wp-content\/uploads\/2023\/05\/30\/prachatice-7-1024x610.jpg 1024w, https:\/\/zakrasnejsivimperk.cz\/wp-content\/uploads\/2023\/05\/30\/prachatice-7-768x457.jpg 768w, https:\/\/zakrasnejsivimperk.cz\/wp-content\/uploads\/2023\/05\/30\/prachatice-7-600x357.jpg 600w, https:\/\/zakrasnejsivimperk.cz\/wp-content\/uploads\/2023\/05\/30\/prachatice-7-811x483.jpg 811w\" sizes=\"(max-width: 1100px) 100vw, 1100px\" \/><figcaption id=\"caption-attachment-279929\" class=\"wp-caption-text\">Prachatice \/ Foto: (red) \u2013 Za kr\u00e1sn\u011bj\u0161\u00ed Vimperk<\/figcaption><\/figure>\n<hr \/>\n<p>&nbsp;<\/p>\n<h6>Do Prachatic zav\u00edt\u00e1 op\u011bt sv\u011btov\u00fd \u0161ampion\u00e1t v rallye (WRC)<\/h6>\n<p>V\u00a0p\u00e1tek 18. \u0159\u00edjna prob\u011bhne na Prachaticku v\u00fdznamn\u00e1 automobilov\u00e1 ud\u00e1lost Central European Rally, nejv\u011bt\u0161\u00ed motoristick\u00e1 akce v\u00a0\u010cesk\u00e9 republice, po\u0159\u00e1dan\u00e1 na \u00fazem\u00ed 3 st\u00e1t\u016f. St\u0159edoevropsk\u00e1 rallye, p\u0159edposledn\u00ed z\u00e1vod leto\u0161n\u00edho ro\u010dn\u00edku mistrovstv\u00ed sv\u011bta v automobilov\u00fdch sout\u011b\u017e\u00edch se kon\u00e1 od 17. do 20. \u0159\u00edjna v \u010cesku, Rakousku a N\u011bmecku. Lo\u0148sk\u00e1 premi\u00e9ra v podob\u011b bitvy o body do sv\u011btov\u00e9ho \u0161ampion\u00e1tu p\u0159il\u00e1kala k trat\u00edm p\u0159es 125\u00a0000 div\u00e1k\u016f a po\u0159\u00e1d\u00e1n\u00ed sout\u011b\u017ee na \u00fazem\u00ed t\u0159ech r\u016fzn\u00fdch zem\u00ed z\u016fst\u00e1v\u00e1 sv\u011btov\u00fdm unik\u00e1tem.<\/p>\n<p>V\u00a0Prachatic\u00edch se m\u016f\u017eeme v\u00a0p\u00e1tek 18. \u0159\u00edjna t\u011b\u0161it na tzv. pr\u016fjezdn\u00ed kontrolu s kr\u00e1tkou zast\u00e1vkou ka\u017ed\u00e9 sout\u011b\u017en\u00ed pos\u00e1dky, b\u011bhem kter\u00e9 se jezdci budou podepisovat fanou\u0161k\u016fm a poskytovat rozhovory m\u00e9di\u00edm. Dle \u017e\u00e1dosti, kterou se radn\u00ed zab\u00fdvali na sv\u00e9m pond\u011bln\u00edm jedn\u00e1n\u00ed, budou Prachatice jedn\u00edm z v\u00fdznamn\u00fdch bod\u016f na trase popul\u00e1rn\u00edho motoristick\u00e9ho podniku, je\u017e je sou\u010d\u00e1st\u00ed FIA WORLD RALLY CHAMPIONSHIP. WRC je profesion\u00e1ln\u011b organizovanou akc\u00ed pod p\u0159\u00edsn\u00fdm dohledem FIA a bezpe\u010dnostn\u00edch komisa\u0159\u016f. Bezpe\u010dnost p\u0159i sv\u011btov\u00fdch \u0161ampion\u00e1tech hraje kl\u00ed\u010dovou roli. Zaji\u0161t\u011bn\u00ed bezpe\u010dnostn\u00edch standard\u016f bude dle organiz\u00e1tor\u016f vy\u017eadovat striktn\u011b dodr\u017eovan\u00e1 dopravn\u00ed omezen\u00ed, kooperaci s\u00a0Polici\u00ed \u010cR, m\u011bstskou polici\u00ed a celou soustavou IZS v\u010detn\u011b sdru\u017een\u00ed dobrovoln\u00fdch hasi\u010d\u016f. Kl\u00ed\u010dov\u00e1 je t\u00e9\u017e div\u00e1ck\u00e1 discipl\u00edna.<\/p>\n<p><em>\u201eV\u00a0leto\u0161n\u00edm roce bude v\u00a0Prachatic\u00edch na Velk\u00e9m n\u00e1m\u011bst\u00ed um\u00edst\u011bna ofici\u00e1ln\u00ed pr\u016fjezdn\u00ed kontrola, do kter\u00e9 by dle organiz\u00e1tor\u016f m\u011bly prvn\u00ed vozy naj\u00ed\u017ed\u011bt kr\u00e1tce p\u0159ed 11 tou hodinou. Z\u00e1\u017eitkem pro \u00fa\u010dastn\u00edky bude ur\u010dit\u011b fotogenick\u00fd pr\u016fjezd Doln\u00ed branou, po kter\u00e9m m\u00e1 n\u00e1sledovat kr\u00e1tk\u00e1 zast\u00e1vka s\u00a0ob\u010derstven\u00edm pos\u00e1dek p\u0159ed budovou na\u0161eho m\u011bstsk\u00e9ho \u00fa\u0159adu. Cel\u00e9 Velk\u00e9 n\u00e1m\u011bst\u00ed z\u016fstane po dobu nezbytn\u011b nutnou uzav\u0159en\u00e9 pro ve\u0161ker\u00fd provoz, aby tu<\/em>dy projelo kompletn\u00ed startovn\u00ed pole. Moderovan\u00fd program by m\u011bl prob\u00edhat p\u0159ibli\u017en\u011b do p\u016fl druh\u00e9 odpoledne,\u201c up\u0159esnil \u010dasov\u00fd harmonogram Central Europen Rally v\u00a0centru Prachatic starosta Jan Bauer. <em>\u201ePros\u00edme ur\u010dit\u011b na\u0161e ob\u010dany i n\u00e1v\u0161t\u011bvn\u00edky o toleranci a respektov\u00e1n\u00ed dopravn\u00edho zna\u010den\u00ed a uzav\u00edrek po dobu kon\u00e1n\u00ed sv\u011btov\u011b v\u00fdznamn\u00e9 akce, ji\u017e jsou Prachatice poct\u011bny,\u201c<\/em> po\u017e\u00e1dal starosta.<\/p>\n<p>Podrobn\u00e9 informace k\u00a0rallye naleznete na\u00a0<strong><a href=\"https:\/\/www.centraleuropeanrally.eu\/\" target=\"_blank\" rel=\"noopener\">https:\/\/www.centraleuropeanrally.eu\/<\/a>.<\/strong><\/p>\n<p>&nbsp;<\/p>\n<p>Rada m\u011bsta d\u00e1le schv\u00e1lila Z\u00e1kladn\u00ed \u0161kole Prachatice, Zlat\u00e1 Stezka 240 p\u0159evod finan\u010dn\u00edch prost\u0159edk\u016f z rezervn\u00edho fondu do investi\u010dn\u00edho fondu \u0161koly na opravu radi\u00e1tor\u016f a plotu, na v\u00fdm\u011bnu podlahov\u00fdch krytin ve vestibulu a ve dvou kabinetech a na tisk nov\u00fdch panel\u016f na nau\u010dnou stezku kolem \u0161koly. Z\u00e1kladn\u00ed \u0161kole Prachatice, Vod\u0148ansk\u00e1 287 radn\u00ed odsouhlasili p\u0159evod \u010d\u00e1sti prost\u0159edk\u016f z fondu investic do provozn\u00edho p\u0159\u00edsp\u011bvku na pokryt\u00ed v\u00fddaj\u016f vypl\u00fdvaj\u00edc\u00edch z poskytnut\u00e9 dotace z OP \u017dP 2021-2027 na dokon\u010denou realizaci projektu Rekonstrukce GASTROPROVOZU. D\u00e1le radn\u00ed vyhov\u011bli \u017e\u00e1dosti o individu\u00e1ln\u00ed dotaci studentsk\u00e9 firm\u011b OBZORY p\u0159i Gymn\u00e1ziu Prachatice, kter\u00e1 po\u0159\u00e1d\u00e1 vzd\u011bl\u00e1vac\u00ed akce a \u010d\u00e1st vstupn\u00e9ho m\u00e1 b\u00fdt pou\u017eita na charitativn\u00ed \u00fa\u010dely dle tematick\u00e9ho zam\u011b\u0159en\u00ed. Radn\u00ed v\u00a0z\u00e1v\u011bru sv\u00e9ho jedn\u00e1n\u00ed zvolili nov\u011b do funkce \u010dlena Komise zdrav\u00e9ho m\u011bsta a MA 21, \u017eivotn\u00edho prost\u0159ed\u00ed a environment\u00e1ln\u00ed v\u00fdchovy pan\u00ed Jind\u0159i\u0161ku Pokornou nominovanou hnut\u00edm ANO.<\/p>\n<p>&nbsp;<\/p>\n<p><strong>Jana HULE\u0160OV\u00c1, M\u011bsto Prachatice<\/strong><\/p>\n<hr \/>\n<p>&nbsp;<\/p>\n<h6>Jin\u00e9 zpr\u00e1vy z Prachatic:<\/h6>\n<h4 class=\"entry-title\"><a href=\"https:\/\/zakrasnejsivimperk.cz\/?p=324158\" target=\"_blank\" rel=\"noopener\">JI\u017dN\u00cd \u010cECHY: Prachatice maj\u00ed nejp\u0159\u00edv\u011btiv\u011bj\u0161\u00ed m\u011bstsk\u00fd \u00fa\u0159ad v Jiho\u010desk\u00e9m kraji<\/a><\/h4>\n<h4 class=\"entry-title\"><a href=\"https:\/\/zakrasnejsivimperk.cz\/?p=323452\" target=\"_blank\" rel=\"noopener\">JI\u017dN\u00cd \u010cECHY: Co se d\u011bje v Prachatic\u00edch. Informace o jedn\u00e1n\u00ed rady m\u011bsta \u2013 23. 9.<\/a><\/h4>\n<h4 class=\"entry-title\"><a href=\"https:\/\/zakrasnejsivimperk.cz\/?p=321160\" target=\"_blank\" rel=\"noopener\">JI\u017dN\u00cd \u010cECHY: Co se d\u011bje v Prachatic\u00edch. Informace z jedn\u00e1n\u00ed zastupitel\u016f m\u011bsta<\/a><\/h4>\n<h4><a href=\"https:\/\/zakrasnejsivimperk.cz\/?p=320521\" target=\"_blank\" rel=\"noopener\">JI\u017dN\u00cd \u010cECHY: Nemocnice chyst\u00e1 projekt na prevenci kolorekt\u00e1ln\u00edho karcinomu<\/a><\/h4>\n<h4><a href=\"https:\/\/zakrasnejsivimperk.cz\/?p=319364\" target=\"_blank\" rel=\"noopener\">JI\u017dN\u00cd \u010cECHY: Co se d\u011bje v Prachatic\u00edch. Informace o jedn\u00e1n\u00ed rady m\u011bsta \u2013 26. 8.<\/a><\/h4>\n<h4><a href=\"https:\/\/zakrasnejsivimperk.cz\/?p=319096\" target=\"_blank\" rel=\"noopener\">JI\u017dN\u00cd \u010cECHY: Stavba\u0159i na t\u0159i dny uzav\u0159ou silnici z Prachatic na Lib\u00ednsk\u00e9 Sedlo<\/a><\/h4>\n<h4><a href=\"https:\/\/zakrasnejsivimperk.cz\/?p=317672\" target=\"_blank\" rel=\"noopener\">JI\u017dN\u00cd \u010cECHY: Prachatick\u00e9 Kole\u010dko bude slou\u017eit lidem, kte\u0159\u00ed se po nehod\u011b, \u00farazu \u010di nemoci ocitli na voz\u00ed\u010dku<\/a><\/h4>\n<h4><a href=\"https:\/\/zakrasnejsivimperk.cz\/?p=316967\" target=\"_blank\" rel=\"noopener\">JI\u017dN\u00cd \u010cECHY: Prachatick\u00e1 nemocnice po rekonstrukci znovu otev\u00edr\u00e1 porodn\u00ed s\u00e1ly<\/a><\/h4>\n<h4><a href=\"https:\/\/zakrasnejsivimperk.cz\/?p=315416\" target=\"_blank\" rel=\"noopener\">JI\u017dN\u00cd \u010cECHY: Co se d\u011bje v Prachatic\u00edch. Informace o jedn\u00e1n\u00ed rady m\u011bsta \u2013 22. 7.<\/a><\/h4>\n<h4><a href=\"https:\/\/zakrasnejsivimperk.cz\/?p=312427\" target=\"_blank\" rel=\"noopener\">JI\u017dN\u00cd \u010cECHY: Co se d\u011bje v Prachatic\u00edch. Informace o jedn\u00e1n\u00ed rady m\u011bsta \u2013 24. 6.<\/a><\/h4>\n<h4><a href=\"https:\/\/zakrasnejsivimperk.cz\/?p=311044\" target=\"_blank\" rel=\"noopener\">JI\u017dN\u00cd \u010cECHY: Co se d\u011bje v Prachatic\u00edch. Informace o jedn\u00e1n\u00ed rady m\u011bsta \u2013 10. 6.<\/a><\/h4>\n<h4 class=\"entry-title\"><a href=\"https:\/\/zakrasnejsivimperk.cz\/?p=309241\" target=\"_blank\" rel=\"noopener\">JI\u017dN\u00cd \u010cECHY: Co se d\u011bje v Prachatic\u00edch. Informace o jedn\u00e1n\u00ed rady m\u011bsta \u2013 27. 5.<\/a><\/h4>\n<h4><a href=\"https:\/\/zakrasnejsivimperk.cz\/?p=308244\" target=\"_blank\" rel=\"noopener\">JI\u017dN\u00cd \u010cECHY: Prachatice maj\u00ed novou kv\u011btinovou v\u00fdzdobu v centru m\u011bsta<\/a><\/h4>\n<h4><a href=\"https:\/\/zakrasnejsivimperk.cz\/?p=306574\" target=\"_blank\" rel=\"noopener\">JI\u017dN\u00cd \u010cECHY: Co se d\u011bje v Prachatic\u00edch. Informace o jedn\u00e1n\u00ed rady m\u011bsta 29. 4.<\/a><\/h4>\n<h4><a href=\"https:\/\/zakrasnejsivimperk.cz\/?p=306137\" target=\"_blank\" rel=\"noopener\">JI\u017dN\u00cd \u010cECHY: Co se d\u011bje v Prachatic\u00edch. Informace o jedn\u00e1n\u00ed zastupitel\u016f 29. 4.<\/a><\/h4>\n<h4><a href=\"https:\/\/zakrasnejsivimperk.cz\/?p=306578\" target=\"_blank\" rel=\"noopener\">JI\u017dN\u00cd \u010cECHY: Uzav\u0159en\u00edm Po\u0161tovn\u00ed ulice vznikl klidn\u00fd ve\u0159ejn\u00fd prostor v centru<\/a><\/h4>\n<h4><a href=\"https:\/\/zakrasnejsivimperk.cz\/?p=299453\" target=\"_blank\" rel=\"noopener\">JI\u017dN\u00cd \u010cECHY: Prachatice op\u011bt odpust\u00ed poplatek za provozov\u00e1n\u00ed p\u0159edzahr\u00e1dek<\/a><\/h4>\n<h4><a href=\"https:\/\/zakrasnejsivimperk.cz\/?p=305487\" target=\"_blank\" rel=\"noopener\">JI\u017dN\u00cd \u010cECHY: Oprava unik\u00e1tn\u00edch slune\u010dn\u00edch hodin na Mal\u00e9m n\u00e1m\u011bst\u00ed v Prachatic\u00edch je dokon\u010dena<\/a><\/h4>\n<h4><a href=\"https:\/\/zakrasnejsivimperk.cz\/?p=303157\" target=\"_blank\" rel=\"noopener\">JI\u017dN\u00cd \u010cECHY: Prachatice v sobotu slavnostn\u011b otev\u0159ely kongresov\u00e9 centrum, jak\u00e9 Vimperk m\u016f\u017ee jen z\u00e1vid\u011bt<\/a><\/h4>\n<hr \/>\n<p>&nbsp;<\/p>\n","protected":false},"excerpt":{"rendered":"<p>&nbsp; Do <\/p>\n","protected":false},"author":2,"featured_media":279929,"comment_status":"open","ping_status":"open","sticky":false,"template":"","format":"gallery","meta":{"footnotes":""},"categories":[24],"tags":[],"jetpack_featured_media_url":"https:\/\/zakrasnejsivimperk.cz\/wp-content\/uploads\/2023\/05\/30\/prachatice-7.jpg","_links":{"self":[{"href":"https:\/\/zakrasnejsivimperk.cz\/index.php?rest_route=\/wp\/v2\/posts\/325496"}],"collection":[{"href":"https:\/\/zakrasnejsivimperk.cz\/index.php?rest_route=\/wp\/v2\/posts"}],"about":[{"href":"https:\/\/zakrasnejsivimperk.cz\/index.php?rest_route=\/wp\/v2\/types\/post"}],"author":[{"embeddable":true,"href":"https:\/\/zakrasnejsivimperk.cz\/index.php?rest_route=\/wp\/v2\/users\/2"}],"replies":[{"embeddable":true,"href":"https:\/\/zakrasnejsivimperk.cz\/index.php?rest_route=%2Fwp%2Fv2%2Fcomments&post=325496"}],"version-history":[{"count":2,"href":"https:\/\/zakrasnejsivimperk.cz\/index.php?rest_route=\/wp\/v2\/posts\/325496\/revisions"}],"predecessor-version":[{"id":325498,"href":"https:\/\/zakrasnejsivimperk.cz\/index.php?rest_route=\/wp\/v2\/posts\/325496\/revisions\/325498"}],"wp:featuredmedia":[{"embeddable":true,"href":"https:\/\/zakrasnejsivimperk.cz\/index.php?rest_route=\/wp\/v2\/media\/279929"}],"wp:attachment":[{"href":"https:\/\/zakrasnejsivimperk.cz\/index.php?rest_route=%2Fwp%2Fv2%2Fmedia&parent=325496"}],"wp:term":[{"taxonomy":"category","embeddable":true,"href":"https:\/\/zakrasnejsivimperk.cz\/index.php?rest_route=%2Fwp%2Fv2%2Fcategories&post=325496"},{"taxonomy":"post_tag","embeddable":true,"href":"https:\/\/zakrasnejsivimperk.cz\/index.php?rest_route=%2Fwp%2Fv2%2Ftags&post=325496"}],"curies":[{"name":"wp","href":"https:\/\/api.w.org\/{rel}","templated":true}]}}