{"id":325487,"date":"2024-10-15T10:03:18","date_gmt":"2024-10-15T09:03:18","guid":{"rendered":"https:\/\/zakrasnejsivimperk.cz\/?p=325487"},"modified":"2024-10-15T10:03:18","modified_gmt":"2024-10-15T09:03:18","slug":"z-prvni-ruky-respiracnich-infekci-pribyva-je-idealni-cas-pro-ockovani-proti-covidu-19-i-chripce","status":"publish","type":"post","link":"https:\/\/zakrasnejsivimperk.cz\/?p=325487","title":{"rendered":"Z PRVN\u00cd RUKY: Respira\u010dn\u00edch infekc\u00ed p\u0159ib\u00fdv\u00e1, je ide\u00e1ln\u00ed \u010das pro o\u010dkov\u00e1n\u00ed proti covidu-19 i ch\u0159ipce"},"content":{"rendered":"<h6><img loading=\"lazy\" decoding=\"async\" class=\"size-medium wp-image-269346 alignleft\" src=\"https:\/\/zakrasnejsivimperk.cz\/wp-content\/uploads\/2022\/12\/12\/sz\u00fa-logo-300x288.jpg\" alt=\"\" width=\"300\" height=\"288\" srcset=\"https:\/\/zakrasnejsivimperk.cz\/wp-content\/uploads\/2022\/12\/12\/sz\u00fa-logo-300x288.jpg 300w, https:\/\/zakrasnejsivimperk.cz\/wp-content\/uploads\/2022\/12\/12\/sz\u00fa-logo-768x737.jpg 768w, https:\/\/zakrasnejsivimperk.cz\/wp-content\/uploads\/2022\/12\/12\/sz\u00fa-logo-1024x983.jpg 1024w, https:\/\/zakrasnejsivimperk.cz\/wp-content\/uploads\/2022\/12\/12\/sz\u00fa-logo-372x357.jpg 372w, https:\/\/zakrasnejsivimperk.cz\/wp-content\/uploads\/2022\/12\/12\/sz\u00fa-logo-503x483.jpg 503w, https:\/\/zakrasnejsivimperk.cz\/wp-content\/uploads\/2022\/12\/12\/sz\u00fa-logo.jpg 1100w\" sizes=\"(max-width: 300px) 100vw, 300px\" \/>Nemocnost akutn\u00edmi respira\u010dn\u00edmi infekcemi (ARI) v \u010cR ve 41. kalend\u00e1\u0159n\u00edm t\u00fddnu roku 2024 dos\u00e1hla \u00farovn\u011b 1320 na 100 000 obyvatel, co\u017e p\u0159edstavuje n\u00e1r\u016fst o v\u00edce ne\u017e 8 % oproti minul\u00e9mu t\u00fddnu. Vzestup nemocnosti je evidov\u00e1n ve v\u0161ech v\u011bkov\u00fdch skupin\u00e1ch a ve v\u011bt\u0161in\u011b region\u016f. P\u0159ipom\u00edn\u00e1me proto d\u016fle\u017eitost ochrany o\u010dkov\u00e1n\u00edm proti covidu-19 i proti ch\u0159ipce. Pr\u00e1v\u011b te\u010f je vhodn\u00fd \u010das, ob\u011b vakc\u00edny lze podat i v jeden den. Od 1. z\u00e1\u0159\u00ed 2024 podstoupilo o\u010dkov\u00e1n\u00ed proti ch\u0159ipce p\u0159es 268 tis\u00edc osob a proti covid-19 p\u0159es 95 tis\u00edc osob. V obou p\u0159\u00edpadech je nejvy\u0161\u0161\u00ed z\u00e1jem o o\u010dkov\u00e1n\u00ed mezi osobami vy\u0161\u0161\u00edho v\u011bku.<\/h6>\n<p><em>\u201eVzestup nemocnosti souvis\u00ed s\u00a0ochlazen\u00edm, pobytem v\u00a0uzav\u0159en\u00fdch prostor\u00e1ch a kolektivech, a tak\u00e9 s vy\u0161\u0161\u00edm v\u00fdskytem covidu-19. Po\u010dty nemocn\u00fdch ale st\u00e1le je\u0161t\u011b odpov\u00eddaj\u00ed situaci obvykl\u00e9 pro dan\u00e9 ro\u010dn\u00ed obdob\u00ed. Nejvy\u0161\u0161\u00ed po\u010dty infikovan\u00fdch akutn\u00edmi respira\u010dn\u00edmi infekcemi (ARI) jsou aktu\u00e1ln\u011b hl\u00e1\u0161eny z\u00a0Olomouck\u00e9ho a Jihomoravsk\u00e9ho kraje, ale mezi jednotliv\u00fdmi regiony nejsou v\u00fdznamn\u00e9 rozd\u00edly. Vid\u00edme tak\u00e9 v\u00fdrazn\u00fd, v\u00edce ne\u017e 83 procentn\u00ed mezit\u00fddenn\u00ed n\u00e1r\u016fst nemocnosti u ch\u0159ipce podobn\u00fdch infekc\u00ed (ILI) u senior\u016f nad 65 let,\u201c<\/em>\u00a0komentuje v\u00fdvoj vedouc\u00ed Odd\u011blen\u00ed epidemiologie infek\u010dn\u00edch nemoc\u00ed St\u00e1tn\u00edho zdravotn\u00edho \u00fastavu MUDr. Jan Kyn\u010dl, Ph.D.<\/p>\n<p><em>\u201eI tento rychl\u00fd mezit\u00fddenn\u00ed n\u00e1r\u016fst infikovan\u00fdch mezi 65let\u00fdmi a star\u0161\u00edmi co se t\u00fdk\u00e1 ch\u0159ipky a ch\u0159ipce podobn\u00fdch infekc\u00ed, kdy do t\u00e9to kategorie spad\u00e1 i infekce covidem \u2013 19, podtrhuje vn\u00edmavost senior\u016f v\u016f\u010di t\u011bmto respira\u010dn\u00edm infekc\u00edm a zd\u016fraz\u0148uje pot\u0159ebu ochrany o\u010dkov\u00e1n\u00edm. V sou\u010dasnosti je ide\u00e1ln\u00ed \u010das na o\u010dkov\u00e1n\u00ed zejm\u00e9na proti ch\u0159ipce a covidu-19. Vakc\u00edny proti ob\u011bma infekc\u00edm mohou l\u00e9ka\u0159i aplikovat i v\u00a0jedin\u00fd den, ka\u017edou do jin\u00e9 pa\u017ee. O\u010dkov\u00e1n\u00ed chr\u00e1n\u00ed proti t\u011b\u017ek\u00e9mu pr\u016fb\u011bhu nemoci a m\u016f\u017ee znamenat i rozd\u00edl mezi zdrav\u00edm a celo\u017eivotn\u00edmi n\u00e1sledky. Zv\u00e1\u017eit by lid\u00e9 m\u011bli i vakc\u00ednu proti pneumokokov\u00fdm onemocn\u011bn\u00edm,\u201c\u00a0<\/em>upozor\u0148uje hlavn\u00ed hygieni\u010dka a \u0159editelka St\u00e1tn\u00edho zdravotn\u00edho \u00fastavu MUDr. Barbora Mackov\u00e1, MHA.<\/p>\n<p><em>\u00a0\u201eS ohledem na \u0161\u00ed\u0159en\u00ed respira\u010dn\u00edch infekc\u00ed, kter\u00fdch bude v\u00a0tomto obdob\u00ed d\u00e1le p\u0159ib\u00fdvat, p\u0159ipom\u00edn\u00e1m tak\u00e9 dodr\u017eov\u00e1n\u00ed z\u00e1kladn\u00edch hygienick\u00fdch pravidel, jako je myt\u00ed \u010di dezinfekce rukou, ohleduplnost. Tedy m\u00e1m-li p\u0159\u00edznaky respira\u010dn\u00edho onemocn\u011bn\u00ed, sna\u017e\u00edm se vyvarovat kolektivu dal\u0161\u00edch osob. Chra\u0148me p\u0159ed infekc\u00ed sebe i sv\u00e9 bl\u00edzk\u00e9,<\/em>\u201c\u00a0dopl\u0148uje \u0159editel Odboru ochrany ve\u0159ejn\u00e9ho zdrav\u00ed MZ\u010cR Maty\u00e1\u0161 Fo\u0161um.<\/p>\n<p><strong>(tz-sz\u00fa)<\/strong><\/p>\n<hr \/>\n<p>&nbsp;<\/p>\n<h6>Informujeme:<\/h6>\n<h4 class=\"entry-title\"><a href=\"https:\/\/zakrasnejsivimperk.cz\/?p=325484\" target=\"_blank\" rel=\"noopener\">Na\u0161tvan\u00ed prakti\u010dt\u00ed l\u00e9ka\u0159i chystaj\u00ed protest. Sedm tis\u00edc ordinac\u00ed hroz\u00ed uzav\u0159en\u00edm na dva dny<\/a><\/h4>\n<h4 class=\"entry-title\"><a href=\"https:\/\/zakrasnejsivimperk.cz\/?p=325461\" target=\"_blank\" rel=\"noopener\">P\u0158E\u010cT\u011aTE SI U N\u00c1S: Den\u00edk Metro \u2013 15. \u0159\u00edjna 2024<\/a><\/h4>\n<h4 class=\"entry-title\"><a href=\"https:\/\/zakrasnejsivimperk.cz\/?p=325443\" target=\"_blank\" rel=\"noopener\">Ministerstvo zdravotnictv\u00ed aktualizovalo EZKartu. Nov\u011b v n\u00ed najdete hrazen\u00e1 o\u010dkov\u00e1n\u00ed od roku 2010 u osob mlad\u0161\u00edch 18 let<\/a><\/h4>\n<h4 class=\"entry-title\"><a href=\"https:\/\/zakrasnejsivimperk.cz\/?p=325407\" target=\"_blank\" rel=\"noopener\">M\u00fdty a fakty o Keltech a Germ\u00e1nech provede nov\u00fd kurz. Zdarma<\/a><\/h4>\n<h4 class=\"entry-title\"><a href=\"https:\/\/zakrasnejsivimperk.cz\/?p=325342\" target=\"_blank\" rel=\"noopener\">P\u0158E\u010cT\u011aTE SI U N\u00c1S: Den\u00edk Metro \u2013 14. \u0159\u00edjna 2024<\/a><\/h4>\n<hr \/>\n<p>&nbsp;<\/p>\n","protected":false},"excerpt":{"rendered":"<p>Nemocnost akutn\u00edmi <\/p>\n","protected":false},"author":2,"featured_media":325488,"comment_status":"open","ping_status":"open","sticky":false,"template":"","format":"gallery","meta":{"footnotes":""},"categories":[70],"tags":[],"jetpack_featured_media_url":"https:\/\/zakrasnejsivimperk.cz\/wp-content\/uploads\/2024\/10\/15\/z-ruky-szu.jpg","_links":{"self":[{"href":"https:\/\/zakrasnejsivimperk.cz\/index.php?rest_route=\/wp\/v2\/posts\/325487"}],"collection":[{"href":"https:\/\/zakrasnejsivimperk.cz\/index.php?rest_route=\/wp\/v2\/posts"}],"about":[{"href":"https:\/\/zakrasnejsivimperk.cz\/index.php?rest_route=\/wp\/v2\/types\/post"}],"author":[{"embeddable":true,"href":"https:\/\/zakrasnejsivimperk.cz\/index.php?rest_route=\/wp\/v2\/users\/2"}],"replies":[{"embeddable":true,"href":"https:\/\/zakrasnejsivimperk.cz\/index.php?rest_route=%2Fwp%2Fv2%2Fcomments&post=325487"}],"version-history":[{"count":1,"href":"https:\/\/zakrasnejsivimperk.cz\/index.php?rest_route=\/wp\/v2\/posts\/325487\/revisions"}],"predecessor-version":[{"id":325489,"href":"https:\/\/zakrasnejsivimperk.cz\/index.php?rest_route=\/wp\/v2\/posts\/325487\/revisions\/325489"}],"wp:featuredmedia":[{"embeddable":true,"href":"https:\/\/zakrasnejsivimperk.cz\/index.php?rest_route=\/wp\/v2\/media\/325488"}],"wp:attachment":[{"href":"https:\/\/zakrasnejsivimperk.cz\/index.php?rest_route=%2Fwp%2Fv2%2Fmedia&parent=325487"}],"wp:term":[{"taxonomy":"category","embeddable":true,"href":"https:\/\/zakrasnejsivimperk.cz\/index.php?rest_route=%2Fwp%2Fv2%2Fcategories&post=325487"},{"taxonomy":"post_tag","embeddable":true,"href":"https:\/\/zakrasnejsivimperk.cz\/index.php?rest_route=%2Fwp%2Fv2%2Ftags&post=325487"}],"curies":[{"name":"wp","href":"https:\/\/api.w.org\/{rel}","templated":true}]}}