{"id":325484,"date":"2024-10-15T09:18:23","date_gmt":"2024-10-15T08:18:23","guid":{"rendered":"https:\/\/zakrasnejsivimperk.cz\/?p=325484"},"modified":"2024-10-15T09:18:23","modified_gmt":"2024-10-15T08:18:23","slug":"z-prvni-ruky-nastvani-prakticti-lekari-chystaji-protest-sedm-tisic-ordinaci-hrozi-uzavrenim-na-dva-dny","status":"publish","type":"post","link":"https:\/\/zakrasnejsivimperk.cz\/?p=325484","title":{"rendered":"Z PRVN\u00cd RUKY: Na\u0161tvan\u00ed prakti\u010dt\u00ed l\u00e9ka\u0159i chystaj\u00ed protest. Sedm tis\u00edc ordinac\u00ed hroz\u00ed uzav\u0159en\u00edm na dva dny"},"content":{"rendered":"<h1 style=\"text-align: center;\">\u010cl\u00e1nek otev\u0159ete kliknut\u00edm na obr\u00e1zek:<\/h1>\n<p>&nbsp;<\/p>\n<p><a href=\"https:\/\/www.novinky.cz\/clanek\/domaci-nastvani-prakticti-lekari-chystaji-protest-sedm-tisic-ordinaci-hrozi-uzavrenim-na-dva-dny-40493052\" target=\"_blank\" rel=\"noopener\"><img loading=\"lazy\" decoding=\"async\" class=\"aligncenter wp-image-3530 size-full\" src=\"https:\/\/zakrasnejsivimperk.cz\/wp-content\/uploads\/2014\/12\/novinky.cz_.jpg\" alt=\"\" width=\"600\" height=\"338\" srcset=\"https:\/\/zakrasnejsivimperk.cz\/wp-content\/uploads\/2014\/12\/novinky.cz_.jpg 600w, https:\/\/zakrasnejsivimperk.cz\/wp-content\/uploads\/2014\/12\/novinky.cz_-300x169.jpg 300w\" sizes=\"(max-width: 600px) 100vw, 600px\" \/><\/a><\/p>\n<hr \/>\n<p>&nbsp;<\/p>\n<h6>Informujeme:<\/h6>\n<h4 class=\"entry-title\"><a href=\"https:\/\/zakrasnejsivimperk.cz\/?p=325461\" target=\"_blank\" rel=\"noopener\">P\u0158E\u010cT\u011aTE SI U N\u00c1S: Den\u00edk Metro \u2013 15. \u0159\u00edjna 2024<\/a><\/h4>\n<h4 class=\"entry-title\"><a href=\"https:\/\/zakrasnejsivimperk.cz\/?p=325443\" target=\"_blank\" rel=\"noopener\">Ministerstvo zdravotnictv\u00ed aktualizovalo EZKartu. Nov\u011b v n\u00ed najdete hrazen\u00e1 o\u010dkov\u00e1n\u00ed od roku 2010 u osob mlad\u0161\u00edch 18 let<\/a><\/h4>\n<h4 class=\"entry-title\"><a href=\"https:\/\/zakrasnejsivimperk.cz\/?p=325407\" target=\"_blank\" rel=\"noopener\">M\u00fdty a fakty o Keltech a Germ\u00e1nech provede nov\u00fd kurz. Zdarma<\/a><\/h4>\n<h4 class=\"entry-title\"><a href=\"https:\/\/zakrasnejsivimperk.cz\/?p=325342\" target=\"_blank\" rel=\"noopener\">P\u0158E\u010cT\u011aTE SI U N\u00c1S: Den\u00edk Metro \u2013 14. \u0159\u00edjna 2024<\/a><\/h4>\n<hr \/>\n<p>&nbsp;<\/p>\n","protected":false},"excerpt":{"rendered":"<p>\u010cl\u00e1nek otev\u0159ete <\/p>\n","protected":false},"author":2,"featured_media":325485,"comment_status":"open","ping_status":"open","sticky":false,"template":"","format":"gallery","meta":{"footnotes":""},"categories":[70],"tags":[],"jetpack_featured_media_url":"https:\/\/zakrasnejsivimperk.cz\/wp-content\/uploads\/2024\/10\/15\/z-ruky-sedm-tisic.jpg","_links":{"self":[{"href":"https:\/\/zakrasnejsivimperk.cz\/index.php?rest_route=\/wp\/v2\/posts\/325484"}],"collection":[{"href":"https:\/\/zakrasnejsivimperk.cz\/index.php?rest_route=\/wp\/v2\/posts"}],"about":[{"href":"https:\/\/zakrasnejsivimperk.cz\/index.php?rest_route=\/wp\/v2\/types\/post"}],"author":[{"embeddable":true,"href":"https:\/\/zakrasnejsivimperk.cz\/index.php?rest_route=\/wp\/v2\/users\/2"}],"replies":[{"embeddable":true,"href":"https:\/\/zakrasnejsivimperk.cz\/index.php?rest_route=%2Fwp%2Fv2%2Fcomments&post=325484"}],"version-history":[{"count":1,"href":"https:\/\/zakrasnejsivimperk.cz\/index.php?rest_route=\/wp\/v2\/posts\/325484\/revisions"}],"predecessor-version":[{"id":325486,"href":"https:\/\/zakrasnejsivimperk.cz\/index.php?rest_route=\/wp\/v2\/posts\/325484\/revisions\/325486"}],"wp:featuredmedia":[{"embeddable":true,"href":"https:\/\/zakrasnejsivimperk.cz\/index.php?rest_route=\/wp\/v2\/media\/325485"}],"wp:attachment":[{"href":"https:\/\/zakrasnejsivimperk.cz\/index.php?rest_route=%2Fwp%2Fv2%2Fmedia&parent=325484"}],"wp:term":[{"taxonomy":"category","embeddable":true,"href":"https:\/\/zakrasnejsivimperk.cz\/index.php?rest_route=%2Fwp%2Fv2%2Fcategories&post=325484"},{"taxonomy":"post_tag","embeddable":true,"href":"https:\/\/zakrasnejsivimperk.cz\/index.php?rest_route=%2Fwp%2Fv2%2Ftags&post=325484"}],"curies":[{"name":"wp","href":"https:\/\/api.w.org\/{rel}","templated":true}]}}