{"id":325443,"date":"2024-10-14T18:36:05","date_gmt":"2024-10-14T17:36:05","guid":{"rendered":"https:\/\/zakrasnejsivimperk.cz\/?p=325443"},"modified":"2024-10-14T18:36:05","modified_gmt":"2024-10-14T17:36:05","slug":"z-prvni-ruky-ministerstvo-zdravotnictvi-aktualizovalo-ezkartu-nove-v-ni-najdete-hrazena-ockovani-od-roku-2010-u-osob-mladsich-18-let","status":"publish","type":"post","link":"https:\/\/zakrasnejsivimperk.cz\/?p=325443","title":{"rendered":"Z PRVN\u00cd RUKY: Ministerstvo zdravotnictv\u00ed aktualizovalo EZKartu. Nov\u011b v n\u00ed najdete hrazen\u00e1 o\u010dkov\u00e1n\u00ed od roku 2010 u osob mlad\u0161\u00edch 18 let"},"content":{"rendered":"<h6><b><img loading=\"lazy\" decoding=\"async\" class=\"size-medium wp-image-201164 alignleft\" src=\"https:\/\/zakrasnejsivimperk.cz\/wp-content\/uploads\/2020\/08\/24\/ministerstvo-zdravotnictv\u00ed-logo-300x105.png\" alt=\"\" width=\"300\" height=\"105\" srcset=\"https:\/\/zakrasnejsivimperk.cz\/wp-content\/uploads\/2020\/08\/24\/ministerstvo-zdravotnictv\u00ed-logo-300x105.png 300w, https:\/\/zakrasnejsivimperk.cz\/wp-content\/uploads\/2020\/08\/24\/ministerstvo-zdravotnictv\u00ed-logo.png 379w\" sizes=\"(max-width: 300px) 100vw, 300px\" \/>Ministerstvo zdravotnictv\u00ed dnes vydalo dal\u0161\u00ed aktualizaci pro aplikaci EZKarta, kter\u00e1 zahrnuje tak\u00e9 \u00fadaje o o\u010dkov\u00e1n\u00ed hrazen\u00e9m z ve\u0159ejn\u00e9ho zdravotn\u00edho poji\u0161t\u011bn\u00ed u osob mlad\u0161\u00edch 18 let. Jedn\u00e1 se o \u00fadaje o o\u010dkov\u00e1n\u00ed, kter\u00e9 vyk\u00e1zal o\u010dkuj\u00edc\u00ed l\u00e9ka\u0159 v\u016f\u010di pacientov\u011b zdravotn\u00ed poji\u0161\u0165ovn\u011b v letech 2010\u20132022. Aktualizace se nevztahuje na o\u010dkov\u00e1n\u00ed, kter\u00e9 si pacienti hrad\u00ed sami.<\/b><\/h6>\n<p><em>\u201eNov\u011b p\u0159idan\u00e1 data v EZKart\u011b jsou p\u0159\u00ednosn\u00e1 zejm\u00e9na pro rodi\u010de, kte\u0159\u00ed nyn\u00ed z\u00edskaj\u00ed lep\u0161\u00ed p\u0159ehled o o\u010dkov\u00e1n\u00ed sv\u00fdch d\u011bt\u00ed v elektronick\u00e9 podob\u011b. Tato aktualizace tak p\u0159edstavuje dal\u0161\u00ed krok pro roz\u0161\u00ed\u0159en\u00ed samotn\u00e9 aplikace, kter\u00e1 tvo\u0159\u00ed br\u00e1nu k nov\u00fdm slu\u017eb\u00e1m elektronizace zdravotnictv\u00ed,\u201d<\/em>\u00a0uvedl ministr zdravotnictv\u00ed Vlastimil V\u00e1lek. Doplnil, \u017ee v budoucnu se pl\u00e1nuje p\u0159id\u00e1n\u00ed dal\u0161\u00edch funkc\u00ed, kter\u00e9 umo\u017en\u00ed pacient\u016fm p\u0159\u00edstup ke sv\u00e9 zdravotnick\u00e9 dokumentaci a uchov\u00e1n\u00ed l\u00e9ka\u0159sk\u00e9 zpr\u00e1vy p\u0159\u00edmo v mobiln\u00ed aplikaci.<\/p>\n<p><strong>(tz-mz)<\/strong><\/p>\n<hr \/>\n<p>&nbsp;<\/p>\n<h6>Informujeme:<\/h6>\n<h4 class=\"entry-title\"><a href=\"https:\/\/zakrasnejsivimperk.cz\/?p=325407\" target=\"_blank\" rel=\"noopener\">M\u00fdty a fakty o Keltech a Germ\u00e1nech provede nov\u00fd kurz. Zdarma<\/a><\/h4>\n<h4 class=\"entry-title\"><a href=\"https:\/\/zakrasnejsivimperk.cz\/?p=325342\" target=\"_blank\" rel=\"noopener\">P\u0158E\u010cT\u011aTE SI U N\u00c1S: Den\u00edk Metro \u2013 14. \u0159\u00edjna 2024<\/a><\/h4>\n<hr \/>\n<p>&nbsp;<\/p>\n","protected":false},"excerpt":{"rendered":"<p>Ministerstvo zdravotnictv\u00ed <\/p>\n","protected":false},"author":2,"featured_media":325444,"comment_status":"open","ping_status":"open","sticky":false,"template":"","format":"gallery","meta":{"footnotes":""},"categories":[70],"tags":[],"jetpack_featured_media_url":"https:\/\/zakrasnejsivimperk.cz\/wp-content\/uploads\/2024\/10\/14\/z-ruky-karta.jpg","_links":{"self":[{"href":"https:\/\/zakrasnejsivimperk.cz\/index.php?rest_route=\/wp\/v2\/posts\/325443"}],"collection":[{"href":"https:\/\/zakrasnejsivimperk.cz\/index.php?rest_route=\/wp\/v2\/posts"}],"about":[{"href":"https:\/\/zakrasnejsivimperk.cz\/index.php?rest_route=\/wp\/v2\/types\/post"}],"author":[{"embeddable":true,"href":"https:\/\/zakrasnejsivimperk.cz\/index.php?rest_route=\/wp\/v2\/users\/2"}],"replies":[{"embeddable":true,"href":"https:\/\/zakrasnejsivimperk.cz\/index.php?rest_route=%2Fwp%2Fv2%2Fcomments&post=325443"}],"version-history":[{"count":1,"href":"https:\/\/zakrasnejsivimperk.cz\/index.php?rest_route=\/wp\/v2\/posts\/325443\/revisions"}],"predecessor-version":[{"id":325445,"href":"https:\/\/zakrasnejsivimperk.cz\/index.php?rest_route=\/wp\/v2\/posts\/325443\/revisions\/325445"}],"wp:featuredmedia":[{"embeddable":true,"href":"https:\/\/zakrasnejsivimperk.cz\/index.php?rest_route=\/wp\/v2\/media\/325444"}],"wp:attachment":[{"href":"https:\/\/zakrasnejsivimperk.cz\/index.php?rest_route=%2Fwp%2Fv2%2Fmedia&parent=325443"}],"wp:term":[{"taxonomy":"category","embeddable":true,"href":"https:\/\/zakrasnejsivimperk.cz\/index.php?rest_route=%2Fwp%2Fv2%2Fcategories&post=325443"},{"taxonomy":"post_tag","embeddable":true,"href":"https:\/\/zakrasnejsivimperk.cz\/index.php?rest_route=%2Fwp%2Fv2%2Ftags&post=325443"}],"curies":[{"name":"wp","href":"https:\/\/api.w.org\/{rel}","templated":true}]}}