{"id":325439,"date":"2024-10-14T18:24:54","date_gmt":"2024-10-14T17:24:54","guid":{"rendered":"https:\/\/zakrasnejsivimperk.cz\/?p=325439"},"modified":"2024-10-14T18:24:54","modified_gmt":"2024-10-14T17:24:54","slug":"cesky-hydrometeorologicky-ustav-vyvoj-situace-a-predpoved-pocasi-pro-ceskou-republiku-do-22-rijna","status":"publish","type":"post","link":"https:\/\/zakrasnejsivimperk.cz\/?p=325439","title":{"rendered":"\u010cESK\u00dd HYDROMETEOROLOGICK\u00dd \u00daSTAV: V\u00fdvoj situace a p\u0159edpov\u011b\u010f po\u010das\u00ed pro \u010ceskou republiku do 22. \u0159\u00edjna"},"content":{"rendered":"<figure id=\"attachment_325440\" aria-describedby=\"caption-attachment-325440\" style=\"width: 1100px\" class=\"wp-caption aligncenter\"><img loading=\"lazy\" decoding=\"async\" class=\"wp-image-325440 size-full\" src=\"https:\/\/zakrasnejsivimperk.cz\/wp-content\/uploads\/2024\/10\/14\/podzim.jpg\" alt=\"\" width=\"1100\" height=\"825\" srcset=\"https:\/\/zakrasnejsivimperk.cz\/wp-content\/uploads\/2024\/10\/14\/podzim.jpg 1100w, https:\/\/zakrasnejsivimperk.cz\/wp-content\/uploads\/2024\/10\/14\/podzim-300x225.jpg 300w, https:\/\/zakrasnejsivimperk.cz\/wp-content\/uploads\/2024\/10\/14\/podzim-1024x768.jpg 1024w, https:\/\/zakrasnejsivimperk.cz\/wp-content\/uploads\/2024\/10\/14\/podzim-768x576.jpg 768w, https:\/\/zakrasnejsivimperk.cz\/wp-content\/uploads\/2024\/10\/14\/podzim-476x357.jpg 476w, https:\/\/zakrasnejsivimperk.cz\/wp-content\/uploads\/2024\/10\/14\/podzim-644x483.jpg 644w\" sizes=\"(max-width: 1100px) 100vw, 1100px\" \/><figcaption id=\"caption-attachment-325440\" class=\"wp-caption-text\">Ilustra\u010dn\u00ed foto: (red) \u2013 Za kr\u00e1sn\u011bj\u0161\u00ed Vimperk<\/figcaption><\/figure>\n<hr \/>\n<p>&nbsp;<\/p>\n<h6 class=\"textik1\">Situace: V\u00a0\u00fater\u00fd se bude p\u0159es\u00a0st\u0159edn\u00ed Evropu p\u0159esouvat k\u00a0v\u00fdchodu tlakov\u00e1 v\u00fd\u0161e. Kolem n\u00ed k\u00a0n\u00e1m bude v\u00a0dal\u0161\u00edch dnech proudit zejm\u00e9na ve vy\u0161\u0161\u00edch vrstv\u00e1ch atmosf\u00e9ry proudit tepl\u00fd vzduch od jihu.<\/h6>\n<p>&nbsp;<\/p>\n<h6 class=\"textik1\"><img loading=\"lazy\" decoding=\"async\" class=\"alignright wp-image-191184\" src=\"https:\/\/zakrasnejsivimperk.cz\/wp-content\/uploads\/2020\/05\/07\/\u010dhm\u00fa-logo-nov\u00e9-300x123.jpg\" alt=\"\" width=\"400\" height=\"164\" srcset=\"https:\/\/zakrasnejsivimperk.cz\/wp-content\/uploads\/2020\/05\/07\/\u010dhm\u00fa-logo-nov\u00e9-300x123.jpg 300w, https:\/\/zakrasnejsivimperk.cz\/wp-content\/uploads\/2020\/05\/07\/\u010dhm\u00fa-logo-nov\u00e9-768x316.jpg 768w, https:\/\/zakrasnejsivimperk.cz\/wp-content\/uploads\/2020\/05\/07\/\u010dhm\u00fa-logo-nov\u00e9.jpg 861w\" sizes=\"(max-width: 400px) 100vw, 400px\" \/>P\u0159edpov\u011b\u010f na \u00fater\u00fd 15. \u0159\u00edjna:<\/h6>\n<p class=\"textik2\">V\u00a0noci zpo\u010d\u00e1tku zata\u017eeno a\u017e obla\u010dno, na v\u011bt\u0161in\u011b \u00fazem\u00ed ob\u010das\u00a0d\u00e9\u0161\u0165, v\u00a0Krkono\u0161\u00edch, Jesen\u00edk\u00e1ch a Beskydech nad 1200 m i sn\u011b\u017een\u00ed. Od z\u00e1padu ust\u00e1v\u00e1n\u00ed sr\u00e1\u017eek. P\u0159es\u00a0den obla\u010dno a\u017e polojasno, r\u00e1no a dopoledne ojedin\u011ble mlhy a m\u00edsty zata\u017eeno n\u00edzkou obla\u010dnost\u00ed, kter\u00e1 se na jihoz\u00e1pad\u011b \u010cech ojedin\u011ble udr\u017e\u00ed po v\u011bt\u0161inu dne. Ve\u010der ub\u00fdv\u00e1n\u00ed obla\u010dnosti. Nejni\u017e\u0161\u00ed no\u010dn\u00ed teploty 8 a\u017e 4\u00a0\u00b0C, na severu a z\u00e1pad\u011b a\u017e 1\u00a0\u00b0C a m\u00edsty p\u0159\u00edzemn\u00ed mraz\u00edky. Nejvy\u0161\u0161\u00ed denn\u00ed teploty 10 a\u017e 14\u00a0\u00b0C, v\u00a01000 m na hor\u00e1ch kolem 6\u00a0\u00b0C, na \u0160umav\u011b a\u017e 9\u00a0\u00b0C. Slab\u00fd, p\u0159es\u00a0den m\u00edrn\u00fd severov\u00fdchodn\u00ed a\u017e v\u00fdchodn\u00ed 2 a\u017e 5 m\/s.<\/p>\n<p>&nbsp;<\/p>\n<h6 class=\"textik1\">P\u0159edpov\u011b\u010f na st\u0159edu 16. \u0159\u00edjna<\/h6>\n<p class=\"textik2\">Polojasno a\u017e jasno. M\u00edsty, b\u011bhem dne jen ojedin\u011ble mlhy nebo zata\u017eeno n\u00edzkou obla\u010dnost\u00ed. Nejni\u017e\u0161\u00ed no\u010dn\u00ed teploty 6 a\u017e 2\u00a0\u00b0C, na v\u00fdchod\u011b kolem 0\u00a0\u00b0C a \u010detn\u00e9 p\u0159\u00edzemn\u00ed mraz\u00edky. Nejvy\u0161\u0161\u00ed denn\u00ed teploty 12 a\u017e 16\u00a0\u00b0C, p\u0159i d\u00e9letrvaj\u00edc\u00ed n\u00edzk\u00e9 obla\u010dnosti kolem 10\u00a0\u00b0C. M\u00edrn\u00fd jihov\u00fdchodn\u00ed v\u00edtr 3 a\u017e 7 m\/s, zejm\u00e9na na \u010ceskomoravsk\u00e9 vrchovin\u011b \u010derstv\u00fd 5 a\u017e 10 m\/s\u00a0s\u00a0n\u00e1razy kolem 15 m\/s, na hor\u00e1ch na severoz\u00e1pad\u011b a severu kolem 20 m\/s\u00a0(70 km\/h). Na z\u00e1pad\u011b a severov\u00fdchod\u011b jen slab\u00fd prom\u011bnliv\u00fd do 4 m\/s.<\/p>\n<p>&nbsp;<\/p>\n<h6 class=\"textik1\">P\u0159edpov\u011b\u010f na \u010dtvrtek 17. \u0159\u00edjna:<\/h6>\n<p class=\"textik2\">Obla\u010dno a\u017e zata\u017eeno, m\u00edsty polojasno a\u017e jasno. M\u00edsty mlhy. Nejni\u017e\u0161\u00ed no\u010dn\u00ed teploty 9 a\u017e 5\u00a0\u00b0C, p\u0159i slab\u0161\u00edm v\u011btru, zejm\u00e9na na v\u00fdchod\u011b, kolem 2\u00a0\u00b0C s\u00a0p\u0159\u00edzemn\u00edmi mraz\u00edky. Nejvy\u0161\u0161\u00ed denn\u00ed teploty 10 a\u017e 14\u00a0\u00b0C, p\u0159i polojasnu kolem 16\u00a0\u00b0C. M\u00edrn\u00fd jihov\u00fdchodn\u00ed v\u00edtr 3 a\u017e 7 m\/s, zejm\u00e9na na \u010ceskomoravsk\u00e9 vrchovin\u011b \u010derstv\u00fd 5 a\u017e 10 m\/s\u00a0s\u00a0n\u00e1razy kolem 15 m\/s, na hor\u00e1ch na severoz\u00e1pad\u011b a severu kolem 20 m\/s\u00a0(70 km\/h). Na z\u00e1pad\u011b a severov\u00fdchod\u011b jen slab\u00fd prom\u011bnliv\u00fd v\u00edtr 1 a\u017e 4 m\/s.<\/p>\n<p>&nbsp;<\/p>\n<h6 class=\"textik1\">P\u0159edpov\u011b\u010f na p\u00e1tek 18. \u0159\u00edjna:<\/h6>\n<p class=\"textik2\">Obla\u010dno a\u017e zata\u017eeno, m\u00edsty polojasno. M\u00edsty mlhy. Ojedin\u011ble slab\u00fd d\u00e9\u0161\u0165 nebo mrholen\u00ed. Nejni\u017e\u0161\u00ed no\u010dn\u00ed teploty 10 a\u017e 6\u00a0\u00b0C, na severov\u00fdchod\u011b kolem 3\u00a0\u00b0C. Nejvy\u0161\u0161\u00ed denn\u00ed teploty 10 a\u017e 14\u00a0\u00b0C, p\u0159i polojasnu kolem 17\u00a0\u00b0C. M\u00edrn\u00fd jihov\u00fdchodn\u00ed v\u00edtr 3 a\u017e 7 m\/s, zejm\u00e9na na \u010ceskomoravsk\u00e9 vrchovin\u011b \u010derstv\u00fd 5 a\u017e 10 m\/s\u00a0s\u00a0n\u00e1razy kolem 15 m\/s, na hor\u00e1ch na severoz\u00e1pad\u011b a severu kolem 20 m\/s\u00a0(70 km\/h). Na z\u00e1pad\u011b a severov\u00fdchod\u011b jen slab\u00fd prom\u011bnliv\u00fd v\u00edtr 1 a\u017e 4 m\/s.<\/p>\n<p>&nbsp;<\/p>\n<h6 class=\"textik1\">P\u0159edpov\u011b\u010f na sobotu 19. \u0159\u00edjna:<\/h6>\n<p class=\"textik2\">Obla\u010dno a\u017e zata\u017eeno, m\u00edsty polojasno. Ojedin\u011ble mlhy. Ojedin\u011ble slab\u00fd d\u00e9\u0161\u0165 nebo mrholen\u00ed. Nejni\u017e\u0161\u00ed no\u010dn\u00ed teploty 10 a\u017e 6\u00a0\u00b0C. Nejvy\u0161\u0161\u00ed denn\u00ed teploty 10 a\u017e 14\u00a0\u00b0C, p\u0159i polojasnu kolem 16\u00a0\u00b0C. M\u00edrn\u00fd jihov\u00fdchodn\u00ed v\u00edtr 2 a\u017e 6 m\/s, zejm\u00e9na na \u010ceskomoravsk\u00e9 vrchovin\u011b \u010derstv\u00fd 5 a\u017e 9 m\/s\u00a0s\u00a0n\u00e1razy kolem 15 m\/s, na hor\u00e1ch na severoz\u00e1pad\u011b a severu kolem 20 m\/s\u00a0(70 km\/h). Na z\u00e1pad\u011b a severov\u00fdchod\u011b jen slab\u00fd prom\u011bnliv\u00fd v\u00edtr 1 a\u017e 4 m\/s.<\/p>\n<p>&nbsp;<\/p>\n<h6 class=\"textik1\">Vyhl\u00eddka po\u010das\u00ed od ned\u011ble 20. \u0159\u00edjna do \u00fater\u00fd 22. \u0159\u00edjna:<\/h6>\n<p class=\"textik2\">Skoro jasno a\u017e polojasno, m\u00edsty mlhy nebo n\u00edzk\u00e1 obla\u010dnost. Ojedin\u011ble mrholen\u00ed. Nejni\u017e\u0161\u00ed no\u010dn\u00ed teploty 7 a\u017e 2\u00a0\u00b0C. Nejvy\u0161\u0161\u00ed denn\u00ed teploty 13 a\u017e 17\u00a0\u00b0C, p\u0159i n\u00edzk\u00e9 obla\u010dnosti kolem 10\u00a0\u00b0C.<\/p>\n<p>&nbsp;<\/p>\n<p>&nbsp;<\/p>\n<p><a href=\"https:\/\/www.chmi.cz\/\" target=\"_blank\" rel=\"noopener\"><strong>\u010cESK\u00dd HYDROMETEOROLOGICK\u00dd \u00daSTAV<\/strong><\/a><\/p>\n<p>&nbsp;<\/p>\n<h4><a href=\"https:\/\/zakrasnejsivimperk.cz\/?p=231510\" target=\"_blank\" rel=\"noopener\">V\u00fdstrahy \u010cesk\u00e9ho hydrometeorologick\u00e9ho \u00fastavu pro regiony a m\u011bsta najdete ZDE<\/a><\/h4>\n<hr \/>\n<p>&nbsp;<\/p>\n","protected":false},"excerpt":{"rendered":"<p>&nbsp; Situace: <\/p>\n","protected":false},"author":2,"featured_media":325441,"comment_status":"open","ping_status":"open","sticky":false,"template":"","format":"gallery","meta":{"footnotes":""},"categories":[110],"tags":[],"jetpack_featured_media_url":"https:\/\/zakrasnejsivimperk.cz\/wp-content\/uploads\/2024\/10\/14\/ram-pocasi.jpg","_links":{"self":[{"href":"https:\/\/zakrasnejsivimperk.cz\/index.php?rest_route=\/wp\/v2\/posts\/325439"}],"collection":[{"href":"https:\/\/zakrasnejsivimperk.cz\/index.php?rest_route=\/wp\/v2\/posts"}],"about":[{"href":"https:\/\/zakrasnejsivimperk.cz\/index.php?rest_route=\/wp\/v2\/types\/post"}],"author":[{"embeddable":true,"href":"https:\/\/zakrasnejsivimperk.cz\/index.php?rest_route=\/wp\/v2\/users\/2"}],"replies":[{"embeddable":true,"href":"https:\/\/zakrasnejsivimperk.cz\/index.php?rest_route=%2Fwp%2Fv2%2Fcomments&post=325439"}],"version-history":[{"count":1,"href":"https:\/\/zakrasnejsivimperk.cz\/index.php?rest_route=\/wp\/v2\/posts\/325439\/revisions"}],"predecessor-version":[{"id":325442,"href":"https:\/\/zakrasnejsivimperk.cz\/index.php?rest_route=\/wp\/v2\/posts\/325439\/revisions\/325442"}],"wp:featuredmedia":[{"embeddable":true,"href":"https:\/\/zakrasnejsivimperk.cz\/index.php?rest_route=\/wp\/v2\/media\/325441"}],"wp:attachment":[{"href":"https:\/\/zakrasnejsivimperk.cz\/index.php?rest_route=%2Fwp%2Fv2%2Fmedia&parent=325439"}],"wp:term":[{"taxonomy":"category","embeddable":true,"href":"https:\/\/zakrasnejsivimperk.cz\/index.php?rest_route=%2Fwp%2Fv2%2Fcategories&post=325439"},{"taxonomy":"post_tag","embeddable":true,"href":"https:\/\/zakrasnejsivimperk.cz\/index.php?rest_route=%2Fwp%2Fv2%2Ftags&post=325439"}],"curies":[{"name":"wp","href":"https:\/\/api.w.org\/{rel}","templated":true}]}}