{"id":325407,"date":"2024-10-14T13:59:27","date_gmt":"2024-10-14T12:59:27","guid":{"rendered":"https:\/\/zakrasnejsivimperk.cz\/?p=325407"},"modified":"2024-10-14T13:59:27","modified_gmt":"2024-10-14T12:59:27","slug":"z-prvni-ruky-myty-a-fakty-o-keltech-a-germanech-provede-novy-kurz-zdarma","status":"publish","type":"post","link":"https:\/\/zakrasnejsivimperk.cz\/?p=325407","title":{"rendered":"Z PRVN\u00cd RUKY: M\u00fdty a fakty o Keltech a Germ\u00e1nech provede nov\u00fd kurz. Zdarma"},"content":{"rendered":"<h6><img loading=\"lazy\" decoding=\"async\" class=\"size-medium wp-image-243085 alignleft\" src=\"https:\/\/zakrasnejsivimperk.cz\/wp-content\/uploads\/2021\/12\/19\/akademie-v\u011bd-av-cr-logo-300x80.png\" alt=\"\" width=\"300\" height=\"80\" srcset=\"https:\/\/zakrasnejsivimperk.cz\/wp-content\/uploads\/2021\/12\/19\/akademie-v\u011bd-av-cr-logo-300x80.png 300w, https:\/\/zakrasnejsivimperk.cz\/wp-content\/uploads\/2021\/12\/19\/akademie-v\u011bd-av-cr-logo-768x206.png 768w, https:\/\/zakrasnejsivimperk.cz\/wp-content\/uploads\/2021\/12\/19\/akademie-v\u011bd-av-cr-logo-1024x275.png 1024w, https:\/\/zakrasnejsivimperk.cz\/wp-content\/uploads\/2021\/12\/19\/akademie-v\u011bd-av-cr-logo-1331x357.png 1331w, https:\/\/zakrasnejsivimperk.cz\/wp-content\/uploads\/2021\/12\/19\/akademie-v\u011bd-av-cr-logo-1801x483.png 1801w\" sizes=\"(max-width: 300px) 100vw, 300px\" \/>Germ\u00e1ny vytvo\u0159il Caesar. Keltsk\u00e1 hudba neexistuje. Keltsk\u00e9 jazyky vznikly v novov\u011bku a germ\u00e1nsk\u00e9 a\u017e v 19. stolet\u00ed. P\u0159ekvapeni? Zapojte se do online kurzu, kter\u00fd p\u0159ipravil Vladim\u00edr Sala\u010d z Archeologick\u00e9ho \u00fastavu AV \u010cR, Praha. Kurz odhal\u00ed, jak p\u0159e\u017e\u00edvaj\u00ed m\u00fdty, kter\u00e9 jsou desetilet\u00ed p\u0159ekonan\u00e9, a pom\u016f\u017ee zvyknout si kl\u00e1st ot\u00e1zku: A odkud to v\u0161echno vlastn\u011b v\u00edme? Online kurz Na\u0161i Keltov\u00e9 a Germ\u00e1ni je k dispozici zdarma od 15. \u0159\u00edjna 2024.<\/h6>\n<p>Germ\u00e1ni a zejm\u00e9na Keltov\u00e9 jsou velmi popul\u00e1rn\u00ed. Poj\u00ed se s nimi mnoh\u00e9 legendy. Co kdy\u017e ale je v\u0161echno trochu jinak?<\/p>\n<p>P\u0159edn\u011b jsou ob\u011b skupiny pova\u017eov\u00e1ny za etnika, p\u0159i\u010dem\u017e se archeologov\u00e9, historikov\u00e9, lingvist\u00e9 a dal\u0161\u00ed badatel\u00e9 spol\u00e9haj\u00ed p\u0159i ur\u010dov\u00e1n\u00ed etnicity Kelt\u016f a Germ\u00e1n\u016f na antick\u00e9 p\u00edsemn\u00e9 prameny. Probl\u00e9m ale je, \u017ee definic etnika je mnoho a \u017e\u00e1dn\u00e1 nen\u00ed obecn\u011b platn\u00e1. A kdov\u00ed, jak etnikum (jestli v\u016fbec) ch\u00e1pali a vn\u00edmali anti\u010dt\u00ed auto\u0159i\u2026<\/p>\n<p>Co v\u0161echno se o Germ\u00e1nech a Keltech tedy v\u00ed? Jsou \u010ce\u0161i opravdu potomci Kelt\u016f? V \u010dem n\u00e1m pom\u016f\u017ee pod\u00edvat se na Germ\u00e1ny nap\u0159\u00edklad jako na velryby \u010di \u0161pen\u00e1t? A pro\u010d se z u\u010debnic a nau\u010dn\u00fdch knih st\u00e1le dozv\u00edd\u00e1me informace, kter\u00e9 u\u017e mnoho let neplat\u00ed?<\/p>\n<p>V unik\u00e1tn\u00edm kurzu pro \u0161irokou ve\u0159ejnost toto t\u00e9ma shrnuje Vladim\u00edr Sala\u010d z Archeologick\u00e9ho \u00fastavu AV \u010cR, Praha, a Katedry archeologie Z\u00e1pado\u010desk\u00e9 univerzity v Plzni. Vysv\u011btluje, kdo vlastn\u011b Keltov\u00e9 a Germ\u00e1ni byli, z jak\u00fdch pramen\u016f \u010derp\u00e1me a co si mysl\u00edme, \u017ee v\u00edme. V\u011bnuje se tak\u00e9 pojm\u016fm etnikum \u010di n\u00e1rod a odpov\u00edd\u00e1 na ot\u00e1zku, zda se Keltov\u00e9 \u010di Germ\u00e1ni daj\u00ed takto ozna\u010dovat.<\/p>\n<h6>Odkud jsou Keltov\u00e9?<\/h6>\n<p>Nejen archeologov\u00e9 doufaj\u00ed, \u017ee \u010d\u00edm je p\u00edsemn\u00fd pramen star\u0161\u00ed, t\u00edm l\u00e9pe umo\u017e\u0148uje poznat po\u010d\u00e1tky Kelt\u016f a Germ\u00e1n\u016f. Nejstar\u0161\u00ed dochovan\u00fd p\u00edsemn\u00fd pramen zmi\u0148uj\u00edc\u00ed Kelty p\u0159edstavuj\u00ed zlomky t\u0159\u00ed v\u011bt Hekataia Mil\u00e9tsk\u00e9ho, sepsan\u00e9 okolo roku 500 p\u0159. Kr.<\/p>\n<p><em>\u201eV\u00fdznam pojmu Keltov\u00e9 nen\u00ed u Hekataia z\u0159ejm\u00fd, nelze dolo\u017eit, \u017ee ozna\u010duje etnikum. Hekataios zmi\u0148uje Kelty p\u0159i francouzsk\u00e9m pob\u0159e\u017e\u00ed St\u0159edozemn\u00edho mo\u0159e, jeho \u00fadaje ale nijak nedokl\u00e1daj\u00ed jejich p\u0159\u00edtomnost ve st\u0159edn\u00ed Evrop\u011b,\u201c<\/em> popisuje nejstar\u0161\u00ed zm\u00ednku o Keltech Vladim\u00edr Sala\u010d z Archeologick\u00e9ho \u00fastavu AV \u010cR, Praha.<\/p>\n<p>Za nejstar\u0161\u00ed informaci o Keltech ve st\u0159edn\u00ed Evrop\u011b se pova\u017euje H\u00e9rodotova zm\u00ednka, \u017ee Dunaj pramen\u00ed v zemi Kelt\u016f, zaznamenan\u00e1 po r. 450 p\u0159. Kr.<\/p>\n<p><em>\u201eH\u00e9rodotos ov\u0161em z\u00e1rove\u0148 tvrd\u00ed, \u017ee Keltov\u00e9 \u017eij\u00ed za H\u00e9raklov\u00fdmi sloupy (Gibraltar) a soused\u00ed s nejz\u00e1padn\u011bj\u0161\u00edm evropsk\u00fdm lidem Kyn\u00e9sii. Nen\u00ed z\u0159ejm\u00e9, zda H\u00e9rodotos v\u011bd\u011bl, kde Dunaj pramen\u00ed,<\/em>\u201c uv\u00e1d\u00ed na pravou m\u00edru dal\u0161\u00ed fakta Vladim\u00edr Sala\u010d. \u201e<em>H\u00e9rodotova zpr\u00e1va nem\u016f\u017ee b\u00fdt dokladem p\u0159\u00edtomnosti Kelt\u016f ve st\u0159edn\u00ed Evrop\u011b v 5. stol. p\u0159. Kr.\u201c<\/em><\/p>\n<h6>Kurz si u\u017eij\u00ed odborn\u00edci i laikov\u00e9<\/h6>\n<p>Prvn\u00ed \u010d\u00e1st kurzu tvo\u0159\u00ed anketa na t\u00e9ma, co se lidem vybav\u00ed, kdy\u017e se \u0159ekne Keltov\u00e9 nebo Germ\u00e1ni. N\u00e1sleduj\u00edc\u00ed dv\u011b \u010d\u00e1sti se v detailu zam\u011b\u0159\u00ed na oba pojmy \u2013 Keltov\u00e9 i Germ\u00e1ni. Posledn\u00ed, \u010dtvrt\u00e1 \u010d\u00e1st se v\u011bnuje pojm\u016fm etnikum \u010di n\u00e1rod a zda se Keltov\u00e9 \u010di Germ\u00e1ni daj\u00ed takto ozna\u010dovat. A pro\u010d bychom m\u011bli ps\u00e1t slova keltov\u00e9 a germ\u00e1ni s mal\u00fdmi p\u00edsmeny.<\/p>\n<p>D\u00edky kurzu budou \u00fa\u010dastn\u00edci vybaveni k mnoh\u00fdm debat\u00e1m \u2013 a\u0165 u\u017e ve \u0161kole, v pr\u00e1ci, v hospod\u011b nebo na soci\u00e1ln\u00edch s\u00edt\u00edch.<\/p>\n<p><em>\u201eKdy\u017e se setk\u00e1te s n\u011bjak\u00fdm m\u00fdtem, rozezn\u00e1te ho a budete schopni s podporou argument\u016f schopni uv\u00e9st informace na pravou m\u00edru. A to i p\u0159esto, kdy\u017e se ostatn\u00ed budou odkazovat na r\u016fzn\u00e9 \u010dl\u00e1nky, encyklopedie nebo i odborn\u00e9 knihy,\u201c<\/em> popisuje v\u00fdstup kurzu Vladim\u00edr Sala\u010d.<\/p>\n<h6>MOOC kurz<\/h6>\n<p>MOOC je zkratka pro Massive Open Online Course, co\u017e je form\u00e1t online vzd\u011bl\u00e1vac\u00edch kurz\u016f, kter\u00e9 jsou p\u0159\u00edstupn\u00e9 \u0161irok\u00e9 ve\u0159ejnosti. Jsou otev\u0159en\u00e9 tis\u00edc\u016fm a\u017e desetitis\u00edc\u016fm \u00fa\u010dastn\u00edk\u016f (proto masivn\u00ed), obvykle zdarma (tud\u00ed\u017e otev\u0159en\u00e9), v\u017edy pln\u011b online a zahrnuj\u00ed u\u010debn\u00ed pl\u00e1n, studijn\u00ed materi\u00e1ly v\u010detn\u011b videolekc\u00ed, interaktivn\u00ed \u00fakoly, diskuze, testy a z\u00e1v\u011bre\u010dn\u00e9 hodnocen\u00ed (kurz).<\/p>\n<p>Po \u00fasp\u011b\u0161n\u00e9m absolvov\u00e1n\u00ed kurzu mohou \u00fa\u010dastn\u00edci obdr\u017eet certifik\u00e1t, kter\u00fd potvrzuje jejich z\u00edskan\u00e9 znalosti a dovednosti.<\/p>\n<p>Kurz Na\u0161i Keltov\u00e9 a Germ\u00e1ni podpo\u0159ily Filozofick\u00e1 fakulta Z\u00e1pado\u010desk\u00e9 univerzity v Plzni a v\u00fdzkumn\u00fd program Anatomie evropsk\u00e9 spole\u010dnosti v r\u00e1mci Strategie AV21 Akademie v\u011bd \u010cesk\u00e9 republiky. S p\u0159\u00edpravou a realizac\u00ed kurzu pom\u00e1hal t\u00fdm odd\u011blen\u00ed Celo\u017eivotn\u00edho a distan\u010dn\u00edho vzd\u011bl\u00e1v\u00e1n\u00ed Z\u010cU. Kurzem a rozhovorem prov\u00e1z\u00ed herec Daniel Mo\u017enar. Kurz Na\u0161i Keltov\u00e9 a Germ\u00e1ni je zcela zdarma.<\/p>\n<p><strong>(tz-av\u010dr)<\/strong><\/p>\n<hr \/>\n<p>&nbsp;<\/p>\n<h6>Informujeme:<\/h6>\n<h4 class=\"entry-title\"><a href=\"https:\/\/zakrasnejsivimperk.cz\/?p=325342\" target=\"_blank\" rel=\"noopener\">P\u0158E\u010cT\u011aTE SI U N\u00c1S: Den\u00edk Metro \u2013 14. \u0159\u00edjna 2024<\/a><\/h4>\n<hr \/>\n<p>&nbsp;<\/p>\n","protected":false},"excerpt":{"rendered":"<p>Germ\u00e1ny vytvo\u0159il <\/p>\n","protected":false},"author":2,"featured_media":325408,"comment_status":"open","ping_status":"open","sticky":false,"template":"","format":"gallery","meta":{"footnotes":""},"categories":[70],"tags":[],"jetpack_featured_media_url":"https:\/\/zakrasnejsivimperk.cz\/wp-content\/uploads\/2024\/10\/14\/z-ruky-av.jpg","_links":{"self":[{"href":"https:\/\/zakrasnejsivimperk.cz\/index.php?rest_route=\/wp\/v2\/posts\/325407"}],"collection":[{"href":"https:\/\/zakrasnejsivimperk.cz\/index.php?rest_route=\/wp\/v2\/posts"}],"about":[{"href":"https:\/\/zakrasnejsivimperk.cz\/index.php?rest_route=\/wp\/v2\/types\/post"}],"author":[{"embeddable":true,"href":"https:\/\/zakrasnejsivimperk.cz\/index.php?rest_route=\/wp\/v2\/users\/2"}],"replies":[{"embeddable":true,"href":"https:\/\/zakrasnejsivimperk.cz\/index.php?rest_route=%2Fwp%2Fv2%2Fcomments&post=325407"}],"version-history":[{"count":1,"href":"https:\/\/zakrasnejsivimperk.cz\/index.php?rest_route=\/wp\/v2\/posts\/325407\/revisions"}],"predecessor-version":[{"id":325409,"href":"https:\/\/zakrasnejsivimperk.cz\/index.php?rest_route=\/wp\/v2\/posts\/325407\/revisions\/325409"}],"wp:featuredmedia":[{"embeddable":true,"href":"https:\/\/zakrasnejsivimperk.cz\/index.php?rest_route=\/wp\/v2\/media\/325408"}],"wp:attachment":[{"href":"https:\/\/zakrasnejsivimperk.cz\/index.php?rest_route=%2Fwp%2Fv2%2Fmedia&parent=325407"}],"wp:term":[{"taxonomy":"category","embeddable":true,"href":"https:\/\/zakrasnejsivimperk.cz\/index.php?rest_route=%2Fwp%2Fv2%2Fcategories&post=325407"},{"taxonomy":"post_tag","embeddable":true,"href":"https:\/\/zakrasnejsivimperk.cz\/index.php?rest_route=%2Fwp%2Fv2%2Ftags&post=325407"}],"curies":[{"name":"wp","href":"https:\/\/api.w.org\/{rel}","templated":true}]}}