{"id":325356,"date":"2024-10-14T13:44:11","date_gmt":"2024-10-14T12:44:11","guid":{"rendered":"https:\/\/zakrasnejsivimperk.cz\/?p=325356"},"modified":"2024-10-17T12:34:16","modified_gmt":"2024-10-17T11:34:16","slug":"jizni-cechy-zacina-sezona-vylovu-u-munickeho-rybniku-na-hluboke-zazni-hudba-a-bude-varit-sefkuchar","status":"publish","type":"post","link":"https:\/\/zakrasnejsivimperk.cz\/?p=325356","title":{"rendered":"JI\u017dN\u00cd \u010cECHY:  Za\u010d\u00edn\u00e1 sezona v\u00fdlov\u016f. U Munick\u00e9ho rybn\u00edku na Hlubok\u00e9 zazn\u00ed hudba a bude va\u0159it \u0161\u00e9fkucha\u0159"},"content":{"rendered":"<p><img loading=\"lazy\" decoding=\"async\" class=\"aligncenter wp-image-205214 size-full\" src=\"https:\/\/zakrasnejsivimperk.cz\/wp-content\/uploads\/2020\/10\/09\/v\u00fdlovy-foto-jccr-3.jpg\" alt=\"\" width=\"1024\" height=\"683\" srcset=\"https:\/\/zakrasnejsivimperk.cz\/wp-content\/uploads\/2020\/10\/09\/v\u00fdlovy-foto-jccr-3.jpg 1024w, https:\/\/zakrasnejsivimperk.cz\/wp-content\/uploads\/2020\/10\/09\/v\u00fdlovy-foto-jccr-3-300x200.jpg 300w, https:\/\/zakrasnejsivimperk.cz\/wp-content\/uploads\/2020\/10\/09\/v\u00fdlovy-foto-jccr-3-768x512.jpg 768w, https:\/\/zakrasnejsivimperk.cz\/wp-content\/uploads\/2020\/10\/09\/v\u00fdlovy-foto-jccr-3-535x357.jpg 535w, https:\/\/zakrasnejsivimperk.cz\/wp-content\/uploads\/2020\/10\/09\/v\u00fdlovy-foto-jccr-3-724x483.jpg 724w\" sizes=\"(max-width: 1024px) 100vw, 1024px\" \/><\/p>\n<p>&nbsp;<\/p>\n<h6>Podzim a v\u00fdlovy, to je v ji\u017en\u00edch \u010cech\u00e1ch pevn\u00e9 spojen\u00ed. Ani z\u00e1\u0159ijov\u00e9 povodn\u011b neohrozily kon\u00e1n\u00ed tradi\u010dn\u00edch akc\u00ed u v\u011bt\u0161iny rybn\u00edk\u016f v kraji. V\u00fdjimkou je Ro\u017emberk, kde se letos lovit nebude. N\u00e1v\u0161t\u011bvn\u00edci v\u0161ak maj\u00ed a\u017e do druh\u00e9 poloviny listopadu z \u010deho vyb\u00edrat. Mezi hlavn\u00ed bude pat\u0159it v\u00fdlov Munick\u00e9ho rybn\u00edka u Hlubok\u00e9 nad Vltavou.<\/h6>\n<p><img loading=\"lazy\" decoding=\"async\" class=\"size-medium wp-image-119660 alignright\" src=\"https:\/\/zakrasnejsivimperk.cz\/wp-content\/uploads\/2018\/01\/11\/jccr-300x225.jpg\" alt=\"\" width=\"300\" height=\"225\" srcset=\"https:\/\/zakrasnejsivimperk.cz\/wp-content\/uploads\/2018\/01\/11\/jccr-300x225.jpg 300w, https:\/\/zakrasnejsivimperk.cz\/wp-content\/uploads\/2018\/01\/11\/jccr-768x576.jpg 768w, https:\/\/zakrasnejsivimperk.cz\/wp-content\/uploads\/2018\/01\/11\/jccr-476x357.jpg 476w, https:\/\/zakrasnejsivimperk.cz\/wp-content\/uploads\/2018\/01\/11\/jccr-644x483.jpg 644w, https:\/\/zakrasnejsivimperk.cz\/wp-content\/uploads\/2018\/01\/11\/jccr.jpg 800w\" sizes=\"(max-width: 300px) 100vw, 300px\" \/>Se za\u010d\u00e1tkem \u0159\u00edjna za\u010daly v\u00fdlovy jiho\u010desk\u00fdch rybn\u00edk\u016f. Potrvaj\u00ed p\u0159ibli\u017en\u011b do druh\u00e9 poloviny listopadu. N\u00e1v\u0161t\u011bvn\u00edci se tak i p\u0159es z\u00e1\u0159ijov\u00e9 povodn\u011b mohou t\u011b\u0161it na tuto klasiku, kter\u00e1 k podzimu zejm\u00e9na v ji\u017en\u00edch \u010cech\u00e1ch neodmysliteln\u011b pat\u0159\u00ed. Velk\u00e1 voda zru\u0161ila pouze v\u00fdlov nejv\u011bt\u0161\u00edho \u010desk\u00e9ho rybn\u00edka. U Ro\u017emberku m\u011bli ryb\u00e1\u0159i napnout s\u00edt\u011b od 11. do 13. \u0159\u00edjna, ale akce musela b\u00fdt p\u0159edem odlo\u017een\u00e1 na neur\u010dito. Letos u\u017e se ur\u010dit\u011b konat nebude.<\/p>\n<p>Ve\u0159ejnost v\u0161ak nemus\u00ed litovat. Tradi\u010dn\u00ed ryb\u00e1\u0159sk\u00e9 \u0159emeslo, ryb\u00ed pochutiny \u010di autentick\u00fd z\u00e1\u017eitek pro\u017eij\u00ed i na jin\u00fdch m\u00edstech. Mezi ty nejvyhled\u00e1van\u011bj\u0161\u00ed ur\u010dit\u011b bude pat\u0159it v\u00fdlov Munick\u00e9ho rybn\u00edka u Hlubok\u00e9 nad Vltavou. Ten p\u0159ipad\u00e1 na datum od 27. do 29. \u0159\u00edjna. Akce spad\u00e1 do t\u00fddne ryb\u00edch specialit, kter\u00fd bude v hlubock\u00fdch restaurac\u00edch od 25. do 31. \u0159\u00edjna. Den p\u0159ed samotn\u00fdm v\u00fdlovem m\u016f\u017eete vyrazit na ryb\u00e1\u0159sk\u00fd den v N\u00e1rodn\u00edm zem\u011bd\u011blsk\u00e9m muzeu Ohrada.<\/p>\n<p>Na hr\u00e1zi rybn\u00edka bude \u017eivo hlavn\u011b na st\u00e1tn\u00ed sv\u00e1tek 28. \u0159\u00edjna, kdy nebude chyb\u011bt \u017eiv\u00e1 hudba a trhy. Sv\u00e9 um\u011bn\u00ed uk\u00e1\u017ee i \u0161\u00e9fkucha\u0159 Vladim\u00edr T\u016fma. Prvn\u00ed z\u00e1tah je v pl\u00e1nu na sedmou hodinu rann\u00ed. Ryb\u00e1\u0159stv\u00ed Hlubok\u00e1 t\u00edm za\u010dne s\u00e9rii v\u00fdlov\u016f, kter\u00e1 bude pokra\u010dovat na Blatci v D\u00edv\u010dic\u00edch (24. &#8211; 25. \u0159\u00edjna), Deht\u00e1\u0159em (31. \u0159\u00edjna \u2013 5. listopadu) a Vole\u0161kem (11. &#8211; 13. listopadu).<\/p>\n<p><em>\u201eV\u00fdlovy maj\u00ed svou origin\u00e1ln\u00ed atmosf\u00e9ru, kter\u00e1 se mus\u00ed za\u017e\u00edt na vlastn\u00ed k\u016f\u017ei. Stejn\u011b tak je obl\u00edben\u00e9 ochutnat na m\u00edst\u011b \u010derstv\u00e9 ryb\u00ed speciality, \u010dasto je p\u0159ipraven\u00fd i doprovodn\u00fd program. Ka\u017edoro\u010dn\u011b na jiho\u010desk\u00e9 v\u00fdlovy vyr\u00e1\u017eej\u00ed n\u00e1v\u0161t\u011bvn\u00edci i z jin\u00fdch region\u016f \u010cesk\u00e9 republiky a t\u011b\u0161\u00edme se na n\u011b i v letos<\/em>,\u201c okomentovala vedouc\u00ed odd\u011blen\u00ed pro dom\u00e1c\u00ed cestovn\u00ed ruch JCCR Tereza Proch\u00e1zkov\u00e1.<\/p>\n<p>V\u00fdlov\u016f na jihu \u010cech jsou i letos des\u00edtky. Doporu\u010dujeme z nich nap\u0159\u00edklad v\u00fdlov nejv\u00fd\u0161e polo\u017een\u00e9ho rybn\u00edka v \u010cesk\u00e9 republice, rybn\u00edku Ol\u0161ina v Poln\u00e9 na \u0160umav\u011b (26. \u0159\u00edjna). I zde v\u00e1s \u010dek\u00e1 doprovodn\u00fd program, prodej \u010derstv\u00fdch ryb p\u0159\u00edmo na hr\u00e1zi a mnoho dal\u0161\u00edho. Nenechte si uj\u00edt ani ten v Putimi (19. \u0159\u00edjna), v\u00fdlovy rybn\u00edk\u016f ve Vod\u0148anech nebo Labu\u0165 na P\u00edsecku (29. &#8211; 31. \u0159\u00edjna). Z listopadov\u00e9 nab\u00eddky m\u016f\u017ee zaujmout akce u Z\u00e1blatsk\u00e9ho rybn\u00edka (4. &#8211; 7. listopadu) nebo u Velk\u00e9ho Tis\u00e9ho (18. &#8211; 21. listopadu). Kompletn\u00ed program a dal\u0161\u00ed informace k v\u00fdlov\u016fm naleznete na\u00a0<strong><a href=\"https:\/\/www.jiznicechy.cz\/top\/51-podzimni-vylovy?utm_source=web&amp;utm_medium=email&amp;utm_campaign=tiskov%C3%A1+zpr%C3%A1va+V%C3%BDlovy\" target=\"_blank\" rel=\"noopener\">Podzimn\u00ed v\u00fdlovy<\/a><\/strong>.<\/p>\n<h6><strong>V\u00fdb\u011br z v\u00fdlov\u016f v ji\u017en\u00edch \u010cech\u00e1ch:<\/strong><\/h6>\n<ul>\n<li>15.\u201317. \u0159\u00edjna Velkorojick\u00fd rybn\u00edk<\/li>\n<li>19. \u0159\u00edjna Podkosteln\u00ed<\/li>\n<li>22. \u0159\u00edjna Podrou\u017eek<\/li>\n<li>24. a 25. \u0159\u00edjna Blatec<\/li>\n<li>25. \u0159\u00edjna Horusick\u00fd rybn\u00edk<\/li>\n<li>26. \u0159\u00edjna Ol\u0161ina<\/li>\n<li>27.\u201329. \u0159\u00edjna Munick\u00fd rybn\u00edk<\/li>\n<li>29.\u201331. \u0159\u00edjna Labu\u0165<\/li>\n<li>30. \u0159\u00edjna \u2013 5. listopadu Deht\u00e1\u0159<\/li>\n<li>4.-7. listopadu Z\u00e1blatsk\u00fd rybn\u00edk<\/li>\n<li>11.\u201313. listopadu Vole\u0161ek<\/li>\n<li>18.\u201321. listopadu Velk\u00fd Tis\u00fd<\/li>\n<\/ul>\n<p>&nbsp;<\/p>\n<p><strong>Text a foto: (tz-jccr)<\/strong><\/p>\n<p>&nbsp;<\/p>\n<p><img loading=\"lazy\" decoding=\"async\" class=\"aligncenter wp-image-205216 size-full\" src=\"https:\/\/zakrasnejsivimperk.cz\/wp-content\/uploads\/2020\/10\/09\/v\u00fdlovy-foto-jccr-5.jpg\" alt=\"\" width=\"1024\" height=\"768\" srcset=\"https:\/\/zakrasnejsivimperk.cz\/wp-content\/uploads\/2020\/10\/09\/v\u00fdlovy-foto-jccr-5.jpg 1024w, https:\/\/zakrasnejsivimperk.cz\/wp-content\/uploads\/2020\/10\/09\/v\u00fdlovy-foto-jccr-5-300x225.jpg 300w, https:\/\/zakrasnejsivimperk.cz\/wp-content\/uploads\/2020\/10\/09\/v\u00fdlovy-foto-jccr-5-768x576.jpg 768w, https:\/\/zakrasnejsivimperk.cz\/wp-content\/uploads\/2020\/10\/09\/v\u00fdlovy-foto-jccr-5-476x357.jpg 476w, https:\/\/zakrasnejsivimperk.cz\/wp-content\/uploads\/2020\/10\/09\/v\u00fdlovy-foto-jccr-5-644x483.jpg 644w\" sizes=\"(max-width: 1024px) 100vw, 1024px\" \/><\/p>\n<p>&nbsp;<\/p>\n<p><img loading=\"lazy\" decoding=\"async\" class=\"aligncenter wp-image-205215 size-full\" src=\"https:\/\/zakrasnejsivimperk.cz\/wp-content\/uploads\/2020\/10\/09\/v\u00fdlovy-foto-jccr-4.jpg\" alt=\"\" width=\"1024\" height=\"683\" srcset=\"https:\/\/zakrasnejsivimperk.cz\/wp-content\/uploads\/2020\/10\/09\/v\u00fdlovy-foto-jccr-4.jpg 1024w, https:\/\/zakrasnejsivimperk.cz\/wp-content\/uploads\/2020\/10\/09\/v\u00fdlovy-foto-jccr-4-300x200.jpg 300w, https:\/\/zakrasnejsivimperk.cz\/wp-content\/uploads\/2020\/10\/09\/v\u00fdlovy-foto-jccr-4-768x512.jpg 768w, https:\/\/zakrasnejsivimperk.cz\/wp-content\/uploads\/2020\/10\/09\/v\u00fdlovy-foto-jccr-4-535x357.jpg 535w, https:\/\/zakrasnejsivimperk.cz\/wp-content\/uploads\/2020\/10\/09\/v\u00fdlovy-foto-jccr-4-724x483.jpg 724w\" sizes=\"(max-width: 1024px) 100vw, 1024px\" \/><\/p>\n<hr \/>\n<p>&nbsp;<\/p>\n","protected":false},"excerpt":{"rendered":"<p>&nbsp; Podzim <\/p>\n","protected":false},"author":2,"featured_media":325357,"comment_status":"open","ping_status":"open","sticky":false,"template":"","format":"gallery","meta":{"footnotes":""},"categories":[72,83,107],"tags":[],"jetpack_featured_media_url":"https:\/\/zakrasnejsivimperk.cz\/wp-content\/uploads\/2024\/10\/14\/ram-vylovy.jpg","_links":{"self":[{"href":"https:\/\/zakrasnejsivimperk.cz\/index.php?rest_route=\/wp\/v2\/posts\/325356"}],"collection":[{"href":"https:\/\/zakrasnejsivimperk.cz\/index.php?rest_route=\/wp\/v2\/posts"}],"about":[{"href":"https:\/\/zakrasnejsivimperk.cz\/index.php?rest_route=\/wp\/v2\/types\/post"}],"author":[{"embeddable":true,"href":"https:\/\/zakrasnejsivimperk.cz\/index.php?rest_route=\/wp\/v2\/users\/2"}],"replies":[{"embeddable":true,"href":"https:\/\/zakrasnejsivimperk.cz\/index.php?rest_route=%2Fwp%2Fv2%2Fcomments&post=325356"}],"version-history":[{"count":1,"href":"https:\/\/zakrasnejsivimperk.cz\/index.php?rest_route=\/wp\/v2\/posts\/325356\/revisions"}],"predecessor-version":[{"id":325358,"href":"https:\/\/zakrasnejsivimperk.cz\/index.php?rest_route=\/wp\/v2\/posts\/325356\/revisions\/325358"}],"wp:featuredmedia":[{"embeddable":true,"href":"https:\/\/zakrasnejsivimperk.cz\/index.php?rest_route=\/wp\/v2\/media\/325357"}],"wp:attachment":[{"href":"https:\/\/zakrasnejsivimperk.cz\/index.php?rest_route=%2Fwp%2Fv2%2Fmedia&parent=325356"}],"wp:term":[{"taxonomy":"category","embeddable":true,"href":"https:\/\/zakrasnejsivimperk.cz\/index.php?rest_route=%2Fwp%2Fv2%2Fcategories&post=325356"},{"taxonomy":"post_tag","embeddable":true,"href":"https:\/\/zakrasnejsivimperk.cz\/index.php?rest_route=%2Fwp%2Fv2%2Ftags&post=325356"}],"curies":[{"name":"wp","href":"https:\/\/api.w.org\/{rel}","templated":true}]}}