{"id":325284,"date":"2024-10-13T11:15:21","date_gmt":"2024-10-13T10:15:21","guid":{"rendered":"https:\/\/zakrasnejsivimperk.cz\/?p=325284"},"modified":"2024-10-14T13:43:20","modified_gmt":"2024-10-14T12:43:20","slug":"ceska-republika-tetrevi-v-beskydech-lesnici-jich-vypustili-do-hor-sestadvacet","status":"publish","type":"post","link":"https:\/\/zakrasnejsivimperk.cz\/?p=325284","title":{"rendered":"\u010cESK\u00c1 REPUBLIKA: Tet\u0159evi v Beskydech. Lesn\u00edci jich vypustili do hor \u0161estadvacet"},"content":{"rendered":"<p><img loading=\"lazy\" decoding=\"async\" class=\"aligncenter wp-image-325286 size-full\" src=\"https:\/\/zakrasnejsivimperk.cz\/wp-content\/uploads\/2024\/10\/13\/tetrev-lesy-cr-1.jpg\" alt=\"\" width=\"1366\" height=\"911\" srcset=\"https:\/\/zakrasnejsivimperk.cz\/wp-content\/uploads\/2024\/10\/13\/tetrev-lesy-cr-1.jpg 1366w, https:\/\/zakrasnejsivimperk.cz\/wp-content\/uploads\/2024\/10\/13\/tetrev-lesy-cr-1-300x200.jpg 300w, https:\/\/zakrasnejsivimperk.cz\/wp-content\/uploads\/2024\/10\/13\/tetrev-lesy-cr-1-1024x683.jpg 1024w, https:\/\/zakrasnejsivimperk.cz\/wp-content\/uploads\/2024\/10\/13\/tetrev-lesy-cr-1-768x512.jpg 768w, https:\/\/zakrasnejsivimperk.cz\/wp-content\/uploads\/2024\/10\/13\/tetrev-lesy-cr-1-535x357.jpg 535w, https:\/\/zakrasnejsivimperk.cz\/wp-content\/uploads\/2024\/10\/13\/tetrev-lesy-cr-1-724x483.jpg 724w\" sizes=\"(max-width: 1366px) 100vw, 1366px\" \/><\/p>\n<p>&nbsp;<\/p>\n<h6>Patn\u00e1ct kohout\u016f a jeden\u00e1ct slepic tet\u0159eva hlu\u0161ce, kriticky ohro\u017een\u00e9ho druhu, letos odchovaly Lesy \u010cR v beskydsk\u00e9m speci\u00e1ln\u00edm za\u0159\u00edzen\u00ed v obci Kr\u00e1sn\u00e1 pod Lysou horou. Koncem z\u00e1\u0159\u00ed je lesn\u00edci vypustili z aklimatiza\u010dn\u00ed horsk\u00e9 voli\u00e9ry do p\u0159\u00edrody.<\/h6>\n<p><em><img loading=\"lazy\" decoding=\"async\" class=\"size-medium wp-image-136995 alignright\" src=\"https:\/\/zakrasnejsivimperk.cz\/wp-content\/uploads\/2018\/08\/03\/logo-lesy-cr-300x134.gif\" alt=\"\" width=\"300\" height=\"134\" srcset=\"https:\/\/zakrasnejsivimperk.cz\/wp-content\/uploads\/2018\/08\/03\/logo-lesy-cr-300x134.gif 300w, https:\/\/zakrasnejsivimperk.cz\/wp-content\/uploads\/2018\/08\/03\/logo-lesy-cr-745x333.gif 745w\" sizes=\"(max-width: 300px) 100vw, 300px\" \/>\u201eVytv\u00e1\u0159\u00edme ml\u00e1\u010fat\u016fm co nejp\u0159irozen\u011bj\u0161\u00ed podm\u00ednky a ve\u0161kerou p\u00e9\u010di o n\u011b nech\u00e1v\u00e1me na samic\u00edch. P\u0159echod do voln\u00e9 p\u0159\u00edrody pak zvl\u00e1dnou podstatn\u011b l\u00e9pe,\u201c<\/em> \u0159\u00edk\u00e1 Ad\u00e9la Jon\u00e1kov\u00e1 z Les\u016f \u010cR.<\/p>\n<p>Aktu\u00e1ln\u011b z\u016fst\u00e1v\u00e1 ve speci\u00e1ln\u00edm objektu v Kr\u00e1sn\u00e9 pod Lysou horou chovn\u00e9 hejno, kter\u00e9 se v posledn\u00edch letech po\u010detn\u011b roz\u0161\u00ed\u0159ilo a geneticky obohatilo. V\u00edce o tom zde: <a href=\"https:\/\/lesycr.cz\/tiskova-zprava\/nove-geny-a-pet-volier-v-beskydske-odchovne-tetreva-hlusce\/\" target=\"_blank\" rel=\"noopener\"><strong>Nov\u00e9 geny a p\u011bt voli\u00e9r v beskydsk\u00e9 odchovn\u011b tet\u0159eva hlu\u0161ce | Lesy \u010cesk\u00e9 republiky, s. p. (lesycr.cz).<\/strong><\/a><\/p>\n<p><em>\u201eP\u0159ib\u00fdv\u00e1 hl\u00e1\u0161en\u00ed o pozorov\u00e1n\u00ed tet\u0159ev\u016f i n\u00e1lezech jejich pobytov\u00fdch znak\u016f, jako jsou otisky kon\u010detin, trus i hlasov\u00e9 projevy. Znamen\u00e1 to, \u017ee se tet\u0159evi postupn\u011b zase st\u00e1vaj\u00ed sou\u010d\u00e1st\u00ed beskydsk\u00e9 p\u0159\u00edrody,\u201c<\/em> dod\u00e1v\u00e1 Jon\u00e1kov\u00e1.<\/p>\n<p>Tet\u0159ev hlu\u0161ec pat\u0159\u00ed mezi kriticky ohro\u017een\u00e9 \u017eivo\u010di\u0161n\u00e9 druhy. Vyhled\u00e1v\u00e1 zejm\u00e9na jehli\u010dnat\u00e9 lesy, v nich\u017e se \u017eiv\u00ed nap\u0159\u00edklad bor\u016fv\u010d\u00edm nebo je\u0159abinami. V tuzemsku \u017eije m\u00e1lo po\u010detn\u00e1 populace na \u0160umav\u011b, a pr\u00e1v\u011b v Beskydech, kde je za\u0159\u00edzen\u00ed Les\u016f \u010cR v provozu od roku 2017. Od t\u00e9 doby se do p\u0159\u00edrody dostalo 109 odchovan\u00fdch tet\u0159ev\u016f.<\/p>\n<p>Krom\u011b vypou\u0161t\u011bn\u00ed pt\u00e1k\u016f tak\u00e9 lesn\u00edci tlum\u00ed v tet\u0159ev\u00edm teritoriu tlak pred\u00e1tor\u016f a p\u0159izp\u016fsobuj\u00ed i hospoda\u0159en\u00ed, t\u0159eba v\u00fdsadbou jedle, listn\u00e1\u010d\u016f a bobulovit\u00fdch ke\u0159\u016f. Upravuj\u00ed i turistick\u00e9 zna\u010den\u00ed, aby ve\u0159ejnost tet\u0159evy zbyte\u010dn\u011b neru\u0161ila. Podnik spolupracuje se Spr\u00e1vou CHKO Beskydy i Klubem \u010desk\u00fdch turist\u016f.<\/p>\n<p>&nbsp;<\/p>\n<p><strong>Eva JOUKLOV\u00c1, Lesy \u010cR<\/strong><\/p>\n<p><strong>Foto: Jakub Hrouda a Kamil Perutka<\/strong><\/p>\n<p>&nbsp;<\/p>\n<p><img loading=\"lazy\" decoding=\"async\" class=\"aligncenter wp-image-325287 size-full\" src=\"https:\/\/zakrasnejsivimperk.cz\/wp-content\/uploads\/2024\/10\/13\/tetrev-lesy-cr-2.jpg\" alt=\"\" width=\"1574\" height=\"911\" srcset=\"https:\/\/zakrasnejsivimperk.cz\/wp-content\/uploads\/2024\/10\/13\/tetrev-lesy-cr-2.jpg 1574w, https:\/\/zakrasnejsivimperk.cz\/wp-content\/uploads\/2024\/10\/13\/tetrev-lesy-cr-2-300x174.jpg 300w, https:\/\/zakrasnejsivimperk.cz\/wp-content\/uploads\/2024\/10\/13\/tetrev-lesy-cr-2-1024x593.jpg 1024w, https:\/\/zakrasnejsivimperk.cz\/wp-content\/uploads\/2024\/10\/13\/tetrev-lesy-cr-2-768x445.jpg 768w, https:\/\/zakrasnejsivimperk.cz\/wp-content\/uploads\/2024\/10\/13\/tetrev-lesy-cr-2-1536x889.jpg 1536w, https:\/\/zakrasnejsivimperk.cz\/wp-content\/uploads\/2024\/10\/13\/tetrev-lesy-cr-2-617x357.jpg 617w, https:\/\/zakrasnejsivimperk.cz\/wp-content\/uploads\/2024\/10\/13\/tetrev-lesy-cr-2-835x483.jpg 835w\" sizes=\"(max-width: 1574px) 100vw, 1574px\" \/><\/p>\n<p>&nbsp;<\/p>\n<p><img loading=\"lazy\" decoding=\"async\" class=\"aligncenter wp-image-325289 size-full\" src=\"https:\/\/zakrasnejsivimperk.cz\/wp-content\/uploads\/2024\/10\/13\/tetrev-lesy-cr-4.jpg\" alt=\"\" width=\"1367\" height=\"911\" srcset=\"https:\/\/zakrasnejsivimperk.cz\/wp-content\/uploads\/2024\/10\/13\/tetrev-lesy-cr-4.jpg 1367w, https:\/\/zakrasnejsivimperk.cz\/wp-content\/uploads\/2024\/10\/13\/tetrev-lesy-cr-4-300x200.jpg 300w, https:\/\/zakrasnejsivimperk.cz\/wp-content\/uploads\/2024\/10\/13\/tetrev-lesy-cr-4-1024x682.jpg 1024w, https:\/\/zakrasnejsivimperk.cz\/wp-content\/uploads\/2024\/10\/13\/tetrev-lesy-cr-4-768x512.jpg 768w, https:\/\/zakrasnejsivimperk.cz\/wp-content\/uploads\/2024\/10\/13\/tetrev-lesy-cr-4-536x357.jpg 536w, https:\/\/zakrasnejsivimperk.cz\/wp-content\/uploads\/2024\/10\/13\/tetrev-lesy-cr-4-725x483.jpg 725w\" sizes=\"(max-width: 1367px) 100vw, 1367px\" \/><\/p>\n<p>&nbsp;<\/p>\n<p><img loading=\"lazy\" decoding=\"async\" class=\"aligncenter wp-image-325288 size-full\" src=\"https:\/\/zakrasnejsivimperk.cz\/wp-content\/uploads\/2024\/10\/13\/tetrev-lesy-cr-3.jpg\" alt=\"\" width=\"1365\" height=\"911\" srcset=\"https:\/\/zakrasnejsivimperk.cz\/wp-content\/uploads\/2024\/10\/13\/tetrev-lesy-cr-3.jpg 1365w, https:\/\/zakrasnejsivimperk.cz\/wp-content\/uploads\/2024\/10\/13\/tetrev-lesy-cr-3-300x200.jpg 300w, https:\/\/zakrasnejsivimperk.cz\/wp-content\/uploads\/2024\/10\/13\/tetrev-lesy-cr-3-1024x683.jpg 1024w, https:\/\/zakrasnejsivimperk.cz\/wp-content\/uploads\/2024\/10\/13\/tetrev-lesy-cr-3-768x513.jpg 768w, https:\/\/zakrasnejsivimperk.cz\/wp-content\/uploads\/2024\/10\/13\/tetrev-lesy-cr-3-535x357.jpg 535w, https:\/\/zakrasnejsivimperk.cz\/wp-content\/uploads\/2024\/10\/13\/tetrev-lesy-cr-3-724x483.jpg 724w\" sizes=\"(max-width: 1365px) 100vw, 1365px\" \/><\/p>\n<hr \/>\n<p>&nbsp;<\/p>\n","protected":false},"excerpt":{"rendered":"<p>&nbsp; Patn\u00e1ct <\/p>\n","protected":false},"author":2,"featured_media":325293,"comment_status":"open","ping_status":"open","sticky":false,"template":"","format":"gallery","meta":{"footnotes":""},"categories":[72,107],"tags":[],"jetpack_featured_media_url":"https:\/\/zakrasnejsivimperk.cz\/wp-content\/uploads\/2024\/10\/13\/ram-teprevi.jpg","_links":{"self":[{"href":"https:\/\/zakrasnejsivimperk.cz\/index.php?rest_route=\/wp\/v2\/posts\/325284"}],"collection":[{"href":"https:\/\/zakrasnejsivimperk.cz\/index.php?rest_route=\/wp\/v2\/posts"}],"about":[{"href":"https:\/\/zakrasnejsivimperk.cz\/index.php?rest_route=\/wp\/v2\/types\/post"}],"author":[{"embeddable":true,"href":"https:\/\/zakrasnejsivimperk.cz\/index.php?rest_route=\/wp\/v2\/users\/2"}],"replies":[{"embeddable":true,"href":"https:\/\/zakrasnejsivimperk.cz\/index.php?rest_route=%2Fwp%2Fv2%2Fcomments&post=325284"}],"version-history":[{"count":3,"href":"https:\/\/zakrasnejsivimperk.cz\/index.php?rest_route=\/wp\/v2\/posts\/325284\/revisions"}],"predecessor-version":[{"id":325294,"href":"https:\/\/zakrasnejsivimperk.cz\/index.php?rest_route=\/wp\/v2\/posts\/325284\/revisions\/325294"}],"wp:featuredmedia":[{"embeddable":true,"href":"https:\/\/zakrasnejsivimperk.cz\/index.php?rest_route=\/wp\/v2\/media\/325293"}],"wp:attachment":[{"href":"https:\/\/zakrasnejsivimperk.cz\/index.php?rest_route=%2Fwp%2Fv2%2Fmedia&parent=325284"}],"wp:term":[{"taxonomy":"category","embeddable":true,"href":"https:\/\/zakrasnejsivimperk.cz\/index.php?rest_route=%2Fwp%2Fv2%2Fcategories&post=325284"},{"taxonomy":"post_tag","embeddable":true,"href":"https:\/\/zakrasnejsivimperk.cz\/index.php?rest_route=%2Fwp%2Fv2%2Ftags&post=325284"}],"curies":[{"name":"wp","href":"https:\/\/api.w.org\/{rel}","templated":true}]}}