{"id":325113,"date":"2024-10-13T18:33:47","date_gmt":"2024-10-13T17:33:47","guid":{"rendered":"https:\/\/zakrasnejsivimperk.cz\/?p=325113"},"modified":"2024-10-13T18:36:35","modified_gmt":"2024-10-13T17:36:35","slug":"region-pozvanka-do-hoslovic-4","status":"publish","type":"post","link":"https:\/\/zakrasnejsivimperk.cz\/?p=325113","title":{"rendered":"REGION: Pozv\u00e1nka do Hoslovic"},"content":{"rendered":"<figure id=\"attachment_202049\" aria-describedby=\"caption-attachment-202049\" style=\"width: 1100px\" class=\"wp-caption aligncenter\"><img loading=\"lazy\" decoding=\"async\" class=\"wp-image-202049 size-full\" src=\"https:\/\/zakrasnejsivimperk.cz\/wp-content\/uploads\/2020\/08\/25\/hoslovice-ml\u00fdn-8.jpg\" alt=\"\" width=\"1100\" height=\"619\" srcset=\"https:\/\/zakrasnejsivimperk.cz\/wp-content\/uploads\/2020\/08\/25\/hoslovice-ml\u00fdn-8.jpg 1100w, https:\/\/zakrasnejsivimperk.cz\/wp-content\/uploads\/2020\/08\/25\/hoslovice-ml\u00fdn-8-300x169.jpg 300w, https:\/\/zakrasnejsivimperk.cz\/wp-content\/uploads\/2020\/08\/25\/hoslovice-ml\u00fdn-8-768x432.jpg 768w, https:\/\/zakrasnejsivimperk.cz\/wp-content\/uploads\/2020\/08\/25\/hoslovice-ml\u00fdn-8-1024x576.jpg 1024w, https:\/\/zakrasnejsivimperk.cz\/wp-content\/uploads\/2020\/08\/25\/hoslovice-ml\u00fdn-8-634x357.jpg 634w, https:\/\/zakrasnejsivimperk.cz\/wp-content\/uploads\/2020\/08\/25\/hoslovice-ml\u00fdn-8-858x483.jpg 858w\" sizes=\"(max-width: 1100px) 100vw, 1100px\" \/><figcaption id=\"caption-attachment-202049\" class=\"wp-caption-text\">Vodn\u00ed ml\u00fdn Hoslovice \/ Foto: (red) &#8211; Za kr\u00e1sn\u011bj\u0161\u00ed Vimperk<\/figcaption><\/figure>\n<hr \/>\n<p>&nbsp;<\/p>\n<h6 class=\"-wm-MsoNormal\">R\u00e1di bychom V\u00e1s pozvali do vodn\u00edho ml\u00fdna v Hoslovic\u00edch na posledn\u00ed akci t\u00e9to sezony.<\/h6>\n<h1><b><a href=\"https:\/\/mlyn-hoslovice.cz\/2024\/09\/27\/podzim_na_vsi\/\" target=\"_blank\" rel=\"noopener\"><img loading=\"lazy\" decoding=\"async\" class=\"size-medium wp-image-313629 alignright\" src=\"https:\/\/zakrasnejsivimperk.cz\/wp-content\/uploads\/2024\/07\/11\/muzeum-st-130-300x133.jpg\" alt=\"\" width=\"300\" height=\"133\" srcset=\"https:\/\/zakrasnejsivimperk.cz\/wp-content\/uploads\/2024\/07\/11\/muzeum-st-130-300x133.jpg 300w, https:\/\/zakrasnejsivimperk.cz\/wp-content\/uploads\/2024\/07\/11\/muzeum-st-130.jpg 309w\" sizes=\"(max-width: 300px) 100vw, 300px\" \/>Podzim na vsi<\/a><\/b><b><\/b><\/h1>\n<h4 class=\"-wm-MsoNormal\">Sobota 19. \u0159\u00edjna \/ 10 &#8211; 16 hodin<\/h4>\n<p class=\"-wm-MsoNormal\">V\u00a0r\u00e1mci z\u00e1v\u011bre\u010dn\u00e9 akce se m\u016f\u017eete t\u011b\u0161it na\u00a0<b>prodej zabija\u010dkov\u00fdch dobrot<\/b>. Pe\u010den\u00ed chleba, zel\u0148\u00e1k\u016f a kol\u00e1\u010d\u016f spojen\u00e9 s ochutn\u00e1vkou. D\u00edlni\u010dky pro d\u011bti a \u0159emesln\u00fd jarmark.<\/p>\n<p class=\"-wm-MsoNormal\">Nakoupit si budete moci nap\u0159\u00edklad keramiku, d\u0159ev\u011bn\u00e9 hr\u00e1b\u011b, dr\u00e1tkovan\u00e9 v\u00fdrobky, ho\u0159\u010dice ze \u0160umavy, slovensk\u00e9 v\u00edno, vydlab\u00e1van\u00e9 d\u0159ev\u011bn\u00e9 m\u00edsy a vy\u0159ez\u00e1van\u00e9 pt\u00e1\u010dky, dom\u00e1c\u00ed marmel\u00e1dy, \u0161it\u00e9 ta\u0161ky, vinut\u00e9 perle \u010di kor\u00e1lkov\u00e9 n\u00e1ramky.<\/p>\n<p class=\"-wm-MsoNormal\">Pro d\u011bti jsme p\u0159ipravili malov\u00e1n\u00ed na obli\u010dej, n\u00e1ramkovou d\u00edlnu, malov\u00e1n\u00ed s\u00e1drov\u00fdch odlitk\u016f a dal\u0161\u00ed podzimn\u00ed aktivity.<\/p>\n<p class=\"-wm-MsoNormal\">Zahraj\u00ed Me\u010dichov\u0161t\u00ed \u0160uma\u0159i.<\/p>\n<p class=\"-wm-MsoNormal\">Vstupn\u00e9: 50 K\u010d<\/p>\n<p class=\"-wm-MsoNormal\"><b>Zm\u011bna programu vyhrazena.<\/b><\/p>\n<p class=\"-wm-MsoNormal\"><b>Pros\u00edme n\u00e1v\u0161t\u011bvn\u00edky, aby respektovali z\u00e1kaz vjezdu do obce Hoslovice a k\u00a0parkov\u00e1n\u00ed vyu\u017eili odstavn\u00e1 parkovi\u0161t\u011b P1 a P2.<\/b><\/p>\n<p class=\"-wm-MsoNormal\"><b>Do are\u00e1lu je tak\u00e9 z\u00e1kaz vstupu pejsk\u016fm, m\u011bjte pros\u00edm ohled na na\u0161e zv\u00ed\u0159\u00e1tka.<\/b><\/p>\n<p class=\"-wm-MsoNormal\"><b>D\u00e1le informovujeme o uzav\u00edrce v\u00a0obci N\u011bm\u011btice. V\u00edce\u00a0<a href=\"https:\/\/mlyn-hoslovice.cz\/2024\/09\/12\/dopravni-uzavirka-na-ceste-do-vodniho-mlyna-v-hoslovicich\/\" target=\"_blank\" rel=\"noopener\">zde<\/a>.<\/b><\/p>\n<p class=\"-wm-MsoNormal\">Na vid\u011bnou se t\u011b\u0161\u00ed<\/p>\n<p class=\"-wm-MsoNormal\"><b>Odd\u011blen\u00ed programu a propagace Muzea st\u0159edn\u00edho Pootav\u00ed Strakonice<\/b><\/p>\n<p>&nbsp;<\/p>\n<p><img loading=\"lazy\" decoding=\"async\" class=\"aligncenter wp-image-325114 size-full\" src=\"https:\/\/zakrasnejsivimperk.cz\/wp-content\/uploads\/2024\/10\/11\/plakat-hoslovice-1910.jpg\" alt=\"\" width=\"849\" height=\"1200\" srcset=\"https:\/\/zakrasnejsivimperk.cz\/wp-content\/uploads\/2024\/10\/11\/plakat-hoslovice-1910.jpg 849w, https:\/\/zakrasnejsivimperk.cz\/wp-content\/uploads\/2024\/10\/11\/plakat-hoslovice-1910-212x300.jpg 212w, https:\/\/zakrasnejsivimperk.cz\/wp-content\/uploads\/2024\/10\/11\/plakat-hoslovice-1910-724x1024.jpg 724w, https:\/\/zakrasnejsivimperk.cz\/wp-content\/uploads\/2024\/10\/11\/plakat-hoslovice-1910-768x1086.jpg 768w, https:\/\/zakrasnejsivimperk.cz\/wp-content\/uploads\/2024\/10\/11\/plakat-hoslovice-1910-253x357.jpg 253w, https:\/\/zakrasnejsivimperk.cz\/wp-content\/uploads\/2024\/10\/11\/plakat-hoslovice-1910-342x483.jpg 342w\" sizes=\"(max-width: 849px) 100vw, 849px\" \/><\/p>\n<hr \/>\n<p>&nbsp;<\/p>\n","protected":false},"excerpt":{"rendered":"<p>&nbsp; R\u00e1di <\/p>\n","protected":false},"author":2,"featured_media":325115,"comment_status":"open","ping_status":"open","sticky":false,"template":"","format":"gallery","meta":{"footnotes":""},"categories":[71],"tags":[],"jetpack_featured_media_url":"https:\/\/zakrasnejsivimperk.cz\/wp-content\/uploads\/2024\/10\/11\/ram-hoslovice.jpg","_links":{"self":[{"href":"https:\/\/zakrasnejsivimperk.cz\/index.php?rest_route=\/wp\/v2\/posts\/325113"}],"collection":[{"href":"https:\/\/zakrasnejsivimperk.cz\/index.php?rest_route=\/wp\/v2\/posts"}],"about":[{"href":"https:\/\/zakrasnejsivimperk.cz\/index.php?rest_route=\/wp\/v2\/types\/post"}],"author":[{"embeddable":true,"href":"https:\/\/zakrasnejsivimperk.cz\/index.php?rest_route=\/wp\/v2\/users\/2"}],"replies":[{"embeddable":true,"href":"https:\/\/zakrasnejsivimperk.cz\/index.php?rest_route=%2Fwp%2Fv2%2Fcomments&post=325113"}],"version-history":[{"count":5,"href":"https:\/\/zakrasnejsivimperk.cz\/index.php?rest_route=\/wp\/v2\/posts\/325113\/revisions"}],"predecessor-version":[{"id":325325,"href":"https:\/\/zakrasnejsivimperk.cz\/index.php?rest_route=\/wp\/v2\/posts\/325113\/revisions\/325325"}],"wp:featuredmedia":[{"embeddable":true,"href":"https:\/\/zakrasnejsivimperk.cz\/index.php?rest_route=\/wp\/v2\/media\/325115"}],"wp:attachment":[{"href":"https:\/\/zakrasnejsivimperk.cz\/index.php?rest_route=%2Fwp%2Fv2%2Fmedia&parent=325113"}],"wp:term":[{"taxonomy":"category","embeddable":true,"href":"https:\/\/zakrasnejsivimperk.cz\/index.php?rest_route=%2Fwp%2Fv2%2Fcategories&post=325113"},{"taxonomy":"post_tag","embeddable":true,"href":"https:\/\/zakrasnejsivimperk.cz\/index.php?rest_route=%2Fwp%2Fv2%2Ftags&post=325113"}],"curies":[{"name":"wp","href":"https:\/\/api.w.org\/{rel}","templated":true}]}}