{"id":324975,"date":"2024-10-10T17:31:08","date_gmt":"2024-10-10T16:31:08","guid":{"rendered":"https:\/\/zakrasnejsivimperk.cz\/?p=324975"},"modified":"2024-10-10T17:31:39","modified_gmt":"2024-10-10T16:31:39","slug":"policie-cr-devet-zadrzenych-migrantu-mirilo-do-nemecka","status":"publish","type":"post","link":"https:\/\/zakrasnejsivimperk.cz\/?p=324975","title":{"rendered":"Z DEN\u00cdKU POLICIE \u010cR: Dev\u011bt zadr\u017een\u00fdch migrant\u016f m\u00ed\u0159ilo do N\u011bmecka"},"content":{"rendered":"<p><img loading=\"lazy\" decoding=\"async\" class=\"aligncenter wp-image-324695 size-full\" src=\"https:\/\/zakrasnejsivimperk.cz\/wp-content\/uploads\/2024\/10\/08\/pcr-dopadeni-druhe-skupiny-081024-1.jpg\" alt=\"\" width=\"2048\" height=\"1152\" srcset=\"https:\/\/zakrasnejsivimperk.cz\/wp-content\/uploads\/2024\/10\/08\/pcr-dopadeni-druhe-skupiny-081024-1.jpg 2048w, https:\/\/zakrasnejsivimperk.cz\/wp-content\/uploads\/2024\/10\/08\/pcr-dopadeni-druhe-skupiny-081024-1-300x169.jpg 300w, https:\/\/zakrasnejsivimperk.cz\/wp-content\/uploads\/2024\/10\/08\/pcr-dopadeni-druhe-skupiny-081024-1-1024x576.jpg 1024w, https:\/\/zakrasnejsivimperk.cz\/wp-content\/uploads\/2024\/10\/08\/pcr-dopadeni-druhe-skupiny-081024-1-768x432.jpg 768w, https:\/\/zakrasnejsivimperk.cz\/wp-content\/uploads\/2024\/10\/08\/pcr-dopadeni-druhe-skupiny-081024-1-1536x864.jpg 1536w, https:\/\/zakrasnejsivimperk.cz\/wp-content\/uploads\/2024\/10\/08\/pcr-dopadeni-druhe-skupiny-081024-1-635x357.jpg 635w, https:\/\/zakrasnejsivimperk.cz\/wp-content\/uploads\/2024\/10\/08\/pcr-dopadeni-druhe-skupiny-081024-1-859x483.jpg 859w\" sizes=\"(max-width: 2048px) 100vw, 2048px\" \/><\/p>\n<p>&nbsp;<\/p>\n<h6>V \u00fater\u00fd 8. \u0159\u00edjna po jeden\u00e1ct\u00e9 hodin\u011b dopoledne bylo na t\u00eds\u0148ovou linku policie od pracovn\u00edk\u016f N\u00e1rodn\u00edho parku \u0160umava ozn\u00e1meno, \u017ee na Ferdinandov\u011b cest\u011b u obce Sto\u017eec na Prachaticku zachytili vozidlo zna\u010dky Citroen, ve kter\u00e9m se m\u011bli nach\u00e1zet migranti. Na m\u00edst\u011b byli toti\u017e nuceni vozidlo zastavit, jeliko\u017e jim v cest\u011b st\u00e1l naklada\u010d s d\u0159\u00edv\u00edm. Po p\u0159\u00edjezdu na m\u00edsto policist\u00e9 zjistili celkem \u010dty\u0159i osoby, ostatn\u00ed se m\u011bly rozb\u011bhnout do lesa.<\/h6>\n<p>Okam\u017eit\u011b se proto rozb\u011bhla velk\u00e1 p\u00e1trac\u00ed akce, do kter\u00e9 se zapojili policist\u00e9 z\u00a0prachatick\u00e9ho a \u010deskokrumlovsk\u00e9ho okresu, d\u00e1le policist\u00e9 z odboru slu\u017eby cizineck\u00e9 policie a psovodi. Do vzduchu vzl\u00e9tl tak\u00e9 policejn\u00ed vrtuln\u00edk. Vzhledem k\u00a0pohybu v\u00a0bl\u00edzkosti hrani\u010dn\u00edho p\u0159echodu s\u00a0N\u011bmeckem a s Rakouskem, byli o p\u00e1tr\u00e1n\u00ed po migrantech informov\u00e1ni tak\u00e9 tamn\u00ed policist\u00e9.<\/p>\n<p>Zbyl\u00fdch p\u011bt osob na \u00fat\u011bku se poda\u0159ilo p\u0159ed p\u016fl p\u00e1tou odpoledne zadr\u017eet nedaleko st\u00e1tn\u00edch hranic s N\u011bmeckem psovodovi \u010deskokrumlovsk\u00e9 policie podprapor\u010d\u00edku Jakubu Cifreundovi ve spolupr\u00e1ci s\u00a0hornopl\u00e1nsk\u00fdmi a\u00a0volarsk\u00fdmi policisty.<\/p>\n<p>Podprapor\u010d\u00edk Jakub Cifreund a jeho \u010dty\u0159noh\u00fd par\u0165\u00e1k IROK odvedli skv\u011blou pr\u00e1ci, nebo\u0165 to byli pr\u00e1v\u011b oni, kte\u0159\u00ed skr\u00fdvaj\u00edc\u00ed se skupinu migrant\u016f vyp\u00e1trali v\u00a0lesn\u00edm porostu pod vzrostl\u00fdm smrkov\u00fdm stromem. Jeden z\u00a0migrant\u016f se je\u0161t\u011b cht\u011bl pokusit o \u00fat\u011bk, nicm\u00e9n\u011b v\u00a0tom mu zabr\u00e1nil slu\u017eebn\u00ed pes Irok. Ostatn\u00ed si pot\u00e9 \u00fat\u011bk rad\u011bji rozmysleli a dobrovoln\u011b \u00fakryt opustili.<\/p>\n<p>P\u0159\u00edpadem se nyn\u00ed zab\u00fdvaj\u00ed prachati\u010dt\u00ed kriminalist\u00e9, kte\u0159\u00ed obvinili dvaa\u010dty\u0159icetilet\u00e9ho P\u00e1kist\u00e1nce, \u0159idi\u010de vozidla, ze sp\u00e1ch\u00e1n\u00ed p\u0159e\u010dinu organizov\u00e1n\u00ed a umo\u017en\u011bn\u00ed nedovolen\u00e9ho p\u0159ekro\u010den\u00ed st\u00e1tn\u00ed hranice. Z\u00e1rove\u0148 bude policejn\u00edm komisa\u0159em pod\u00e1n n\u00e1vrh na vzet\u00ed obvin\u011bn\u00e9ho do vazby. V\u0161em migrant\u016fm, kte\u0159\u00ed poch\u00e1zej\u00ed ze S\u00fdrie a byli omezeni na osobn\u00ed svobod\u011b, byl ze strany cizineck\u00e9 policie vystaven v\u00fdjezdn\u00ed p\u0159\u00edkaz. Sy\u0159an\u00e9\u00a0si nyn\u00ed bu\u010f mohou ze z\u00e1kona za\u017e\u00e1dat o v\u00edzum nebo jsou nuceni do 7 dn\u016f od vystaven\u00ed p\u0159\u00edkazu opustit \u00fazem\u00ed \u010cesk\u00e9 republiky. Obvin\u011bn\u00e9mu cizinci nyn\u00ed v\u00a0p\u0159\u00edpad\u011b prok\u00e1z\u00e1n\u00ed viny hroz\u00ed u soudu trest odn\u011bt\u00ed svobody v\u00a0rozmez\u00ed od \u0161esti m\u011bs\u00edc\u016f do p\u011bti let.<\/p>\n<p>&nbsp;<\/p>\n<p><strong>Text a foto: POLICIE \u010cR<\/strong><\/p>\n<p>&nbsp;<\/p>\n<p><img loading=\"lazy\" decoding=\"async\" class=\"aligncenter wp-image-324683 size-full\" src=\"https:\/\/zakrasnejsivimperk.cz\/wp-content\/uploads\/2024\/10\/08\/pcr-zadrreni-081024-2.jpg\" alt=\"\" width=\"1902\" height=\"1132\" srcset=\"https:\/\/zakrasnejsivimperk.cz\/wp-content\/uploads\/2024\/10\/08\/pcr-zadrreni-081024-2.jpg 1902w, https:\/\/zakrasnejsivimperk.cz\/wp-content\/uploads\/2024\/10\/08\/pcr-zadrreni-081024-2-300x179.jpg 300w, https:\/\/zakrasnejsivimperk.cz\/wp-content\/uploads\/2024\/10\/08\/pcr-zadrreni-081024-2-1024x609.jpg 1024w, https:\/\/zakrasnejsivimperk.cz\/wp-content\/uploads\/2024\/10\/08\/pcr-zadrreni-081024-2-768x457.jpg 768w, https:\/\/zakrasnejsivimperk.cz\/wp-content\/uploads\/2024\/10\/08\/pcr-zadrreni-081024-2-1536x914.jpg 1536w, https:\/\/zakrasnejsivimperk.cz\/wp-content\/uploads\/2024\/10\/08\/pcr-zadrreni-081024-2-600x357.jpg 600w, https:\/\/zakrasnejsivimperk.cz\/wp-content\/uploads\/2024\/10\/08\/pcr-zadrreni-081024-2-812x483.jpg 812w\" sizes=\"(max-width: 1902px) 100vw, 1902px\" \/><\/p>\n<p>&nbsp;<\/p>\n<p><img loading=\"lazy\" decoding=\"async\" class=\"aligncenter wp-image-324684 size-full\" src=\"https:\/\/zakrasnejsivimperk.cz\/wp-content\/uploads\/2024\/10\/08\/pcr-zadrreni-081024-3.jpg\" alt=\"\" width=\"2040\" height=\"1148\" srcset=\"https:\/\/zakrasnejsivimperk.cz\/wp-content\/uploads\/2024\/10\/08\/pcr-zadrreni-081024-3.jpg 2040w, https:\/\/zakrasnejsivimperk.cz\/wp-content\/uploads\/2024\/10\/08\/pcr-zadrreni-081024-3-300x169.jpg 300w, https:\/\/zakrasnejsivimperk.cz\/wp-content\/uploads\/2024\/10\/08\/pcr-zadrreni-081024-3-1024x576.jpg 1024w, https:\/\/zakrasnejsivimperk.cz\/wp-content\/uploads\/2024\/10\/08\/pcr-zadrreni-081024-3-768x432.jpg 768w, https:\/\/zakrasnejsivimperk.cz\/wp-content\/uploads\/2024\/10\/08\/pcr-zadrreni-081024-3-1536x864.jpg 1536w, https:\/\/zakrasnejsivimperk.cz\/wp-content\/uploads\/2024\/10\/08\/pcr-zadrreni-081024-3-634x357.jpg 634w, https:\/\/zakrasnejsivimperk.cz\/wp-content\/uploads\/2024\/10\/08\/pcr-zadrreni-081024-3-858x483.jpg 858w\" sizes=\"(max-width: 2040px) 100vw, 2040px\" \/><\/p>\n<p>&nbsp;<\/p>\n<p><img loading=\"lazy\" decoding=\"async\" class=\"aligncenter wp-image-324696 size-full\" src=\"https:\/\/zakrasnejsivimperk.cz\/wp-content\/uploads\/2024\/10\/08\/pcr-dopadeni-druhe-skupiny-081024-2.jpg\" alt=\"\" width=\"1152\" height=\"2048\" srcset=\"https:\/\/zakrasnejsivimperk.cz\/wp-content\/uploads\/2024\/10\/08\/pcr-dopadeni-druhe-skupiny-081024-2.jpg 1152w, https:\/\/zakrasnejsivimperk.cz\/wp-content\/uploads\/2024\/10\/08\/pcr-dopadeni-druhe-skupiny-081024-2-169x300.jpg 169w, https:\/\/zakrasnejsivimperk.cz\/wp-content\/uploads\/2024\/10\/08\/pcr-dopadeni-druhe-skupiny-081024-2-576x1024.jpg 576w, https:\/\/zakrasnejsivimperk.cz\/wp-content\/uploads\/2024\/10\/08\/pcr-dopadeni-druhe-skupiny-081024-2-768x1365.jpg 768w, https:\/\/zakrasnejsivimperk.cz\/wp-content\/uploads\/2024\/10\/08\/pcr-dopadeni-druhe-skupiny-081024-2-864x1536.jpg 864w, https:\/\/zakrasnejsivimperk.cz\/wp-content\/uploads\/2024\/10\/08\/pcr-dopadeni-druhe-skupiny-081024-2-201x357.jpg 201w, https:\/\/zakrasnejsivimperk.cz\/wp-content\/uploads\/2024\/10\/08\/pcr-dopadeni-druhe-skupiny-081024-2-272x483.jpg 272w\" sizes=\"(max-width: 1152px) 100vw, 1152px\" \/><\/p>\n<hr \/>\n<p>&nbsp;<\/p>\n","protected":false},"excerpt":{"rendered":"<p>&nbsp; V <\/p>\n","protected":false},"author":2,"featured_media":324695,"comment_status":"open","ping_status":"open","sticky":false,"template":"","format":"gallery","meta":{"footnotes":""},"categories":[13],"tags":[],"jetpack_featured_media_url":"https:\/\/zakrasnejsivimperk.cz\/wp-content\/uploads\/2024\/10\/08\/pcr-dopadeni-druhe-skupiny-081024-1.jpg","_links":{"self":[{"href":"https:\/\/zakrasnejsivimperk.cz\/index.php?rest_route=\/wp\/v2\/posts\/324975"}],"collection":[{"href":"https:\/\/zakrasnejsivimperk.cz\/index.php?rest_route=\/wp\/v2\/posts"}],"about":[{"href":"https:\/\/zakrasnejsivimperk.cz\/index.php?rest_route=\/wp\/v2\/types\/post"}],"author":[{"embeddable":true,"href":"https:\/\/zakrasnejsivimperk.cz\/index.php?rest_route=\/wp\/v2\/users\/2"}],"replies":[{"embeddable":true,"href":"https:\/\/zakrasnejsivimperk.cz\/index.php?rest_route=%2Fwp%2Fv2%2Fcomments&post=324975"}],"version-history":[{"count":2,"href":"https:\/\/zakrasnejsivimperk.cz\/index.php?rest_route=\/wp\/v2\/posts\/324975\/revisions"}],"predecessor-version":[{"id":324977,"href":"https:\/\/zakrasnejsivimperk.cz\/index.php?rest_route=\/wp\/v2\/posts\/324975\/revisions\/324977"}],"wp:featuredmedia":[{"embeddable":true,"href":"https:\/\/zakrasnejsivimperk.cz\/index.php?rest_route=\/wp\/v2\/media\/324695"}],"wp:attachment":[{"href":"https:\/\/zakrasnejsivimperk.cz\/index.php?rest_route=%2Fwp%2Fv2%2Fmedia&parent=324975"}],"wp:term":[{"taxonomy":"category","embeddable":true,"href":"https:\/\/zakrasnejsivimperk.cz\/index.php?rest_route=%2Fwp%2Fv2%2Fcategories&post=324975"},{"taxonomy":"post_tag","embeddable":true,"href":"https:\/\/zakrasnejsivimperk.cz\/index.php?rest_route=%2Fwp%2Fv2%2Ftags&post=324975"}],"curies":[{"name":"wp","href":"https:\/\/api.w.org\/{rel}","templated":true}]}}