{"id":324690,"date":"2024-10-08T14:44:57","date_gmt":"2024-10-08T13:44:57","guid":{"rendered":"https:\/\/zakrasnejsivimperk.cz\/?p=324690"},"modified":"2024-10-08T14:46:09","modified_gmt":"2024-10-08T13:46:09","slug":"z-prvni-ruky-rozpocet-skolstvi-presahne-290-miliard-korun-nejvetsi-narust-zaznamenaji-vysoke-skoly","status":"publish","type":"post","link":"https:\/\/zakrasnejsivimperk.cz\/?p=324690","title":{"rendered":"Z PRVN\u00cd RUKY: Rozpo\u010det \u0161kolstv\u00ed p\u0159es\u00e1hne 290 miliard korun. Nejv\u011bt\u0161\u00ed n\u00e1r\u016fst zaznamenaj\u00ed vysok\u00e9 \u0161koly"},"content":{"rendered":"<h6 class=\"article-perex\"><img loading=\"lazy\" decoding=\"async\" class=\"size-medium wp-image-206034 alignleft\" src=\"https:\/\/zakrasnejsivimperk.cz\/wp-content\/uploads\/2020\/10\/18\/m\u0161mt-logo-300x159.jpg\" alt=\"\" width=\"300\" height=\"159\" srcset=\"https:\/\/zakrasnejsivimperk.cz\/wp-content\/uploads\/2020\/10\/18\/m\u0161mt-logo-300x159.jpg 300w, https:\/\/zakrasnejsivimperk.cz\/wp-content\/uploads\/2020\/10\/18\/m\u0161mt-logo-672x357.jpg 672w, https:\/\/zakrasnejsivimperk.cz\/wp-content\/uploads\/2020\/10\/18\/m\u0161mt-logo.jpg 706w\" sizes=\"(max-width: 300px) 100vw, 300px\" \/>Praha, 8. \u0159\u00edjna 2024 &#8211; T\u00e9m\u011b\u0159 35 miliard korun by m\u011bl podle vl\u00e1dou schv\u00e1len\u00e9ho n\u00e1vrhu rozpo\u010dtu v roce 2025 \u010dinit objem z\u00e1vazn\u00e9ho ukazatele \u201evysok\u00e9 \u0161koly\u201c. Oproti schv\u00e1len\u00e9mu rozpo\u010dtu na rok 2024 se jedn\u00e1 o zv\u00fd\u0161en\u00ed o 4 miliardy korun. Celkov\u011b dos\u00e1hne rozpo\u010det kapitoly \u0161kolstv\u00ed na p\u0159\u00ed\u0161t\u00ed rok t\u00e9m\u011b\u0159 291 miliard korun.<\/h6>\n<h6 class=\"article-perex\">N\u00e1vrh rozpo\u010dtu resortu \u0161kolstv\u00ed, kter\u00fdm se bude v\u202f p\u0159\u00ed\u0161t\u00edch t\u00fddnech v\u202fr\u00e1mci schvalov\u00e1n\u00ed st\u00e1tn\u00edho rozpo\u010dtu zab\u00fdvat Poslaneck\u00e1 sn\u011bmovna, p\u0159edstavil na dne\u0161n\u00ed tiskov\u00e9 konferenci ministr \u0161kolstv\u00ed, ml\u00e1de\u017ee a t\u011blov\u00fdchovy Mikul\u00e1\u0161 Bek.<\/h6>\n<div class=\"article-content\">\n<p>\u201e<em>V\u00fddaje na vysok\u00e9 \u0161kolstv\u00ed tak zaznamenaj\u00ed jeden z nejv\u011bt\u0161\u00edch meziro\u010dn\u00edch n\u00e1r\u016fst\u016f za posledn\u00edch 10 let. Vysok\u00e9 \u0161koly se tak mohou p\u0159ipravit nejen na p\u0159\u00edchod n\u011bkolika siln\u00fdch popula\u010dn\u00edch ro\u010dn\u00edk\u016f, ale i na to \u017ee budou stabiln\u011b vzd\u011bl\u00e1vat v\u011bt\u0161\u00ed \u010d\u00e1st na\u0161\u00ed spole\u010dnosti, po \u010dem\u017e za\u010dali volat zam\u011bstnavatel\u00e9,<\/em>\u201c \u0159\u00edk\u00e1 k\u202ffinancov\u00e1n\u00ed vysok\u00fdch \u0161kol ministr Bek. O 12 % poroste tak\u00e9 rozpo\u010det na v\u00fdzkum, v\u00fdvoj a inovace a\u017e na 22,9 miliardy korun, co\u017e je nejv\u00fdznamn\u011bj\u0161\u00ed nav\u00fd\u0161en\u00ed od roku 2017.<\/p>\n<p>Celkov\u011b v\u202froce 2025 p\u016fjde na \u0161kolstv\u00ed ze st\u00e1tn\u00edho rozpo\u010dtu t\u00e9m\u011b\u0159 291 miliard korun, co\u017e je t\u00e9m\u011b\u0159 o 22 miliard v\u00edce ne\u017e ve schv\u00e1len\u00e9m rozpo\u010dtu na rok 2024 a o 51 miliard v\u00edce ne\u017e v roce 2021. Nejvy\u0161\u0161\u00ed \u010d\u00e1stka, necel\u00fdch 217 miliard korun, sm\u011b\u0159uje do region\u00e1ln\u00edho \u0161kolstv\u00ed. Pokryje se tak z\u00e1konn\u00fd n\u00e1rok na 130 % pr\u016fm\u011brn\u00e9ho platu v\u202f\u010cR pro u\u010ditele, p\u0159i\u010dem\u017e meziro\u010dn\u011b to znamen\u00e1 nav\u00fd\u0161en\u00ed pr\u016fm\u011brn\u00fdch plat\u016f o 7 %.<\/p>\n<p>V p\u0159\u00edpad\u011b nepedagog\u016f, kam pat\u0159\u00ed profese jako kucha\u0159\/kucha\u0159ka, \u0161koln\u00edk\/\u0161kolnice, ukl\u00edze\u010d\/ukl\u00edze\u010dka, ale i spr\u00e1vce IT, po\u010d\u00edt\u00e1 n\u00e1vrh s nav\u00fd\u0161en\u00edm plat\u016f o 5 %. Financov\u00e1n\u00ed nepedagogick\u00e9 pr\u00e1ce\u202fve st\u00e1vaj\u00edc\u00edm rozsahu je v\u202frozpo\u010dtu zaji\u0161t\u011bno na cel\u00fd \u0161koln\u00ed rok 2024\/2025. Od 1. 9. 2025 by pak m\u011bla b\u00fdt nepedagogick\u00e1 pr\u00e1ce ve \u0161kol\u00e1ch a \u0161kolsk\u00fdch za\u0159\u00edzen\u00edch financov\u00e1na z\u202frozpo\u010dt\u016f z\u0159izovatel\u016f, tedy obc\u00ed a kraj\u016f, co\u017e povede k napln\u011bn\u00ed jednoho z c\u00edl\u016f Strategie 2030+.<\/p>\n<p>\u201e<em>P\u0159i p\u0159\u00edprav\u011b st\u00e1tn\u00edho rozpo\u010dtu pro rok 2025 se vl\u00e1da shodla na nav\u00fd\u0161en\u00ed ve\u0159ejn\u00fdch rozpo\u010dt\u016f pro region\u00e1ln\u00ed \u0161kolstv\u00ed o dal\u0161\u00edch 10 miliard korun, a to prost\u0159ednictv\u00edm rozpo\u010dtov\u00e9ho ur\u010den\u00ed dan\u00ed pro obce a kraje tak, aby mohly p\u0159evz\u00edt plnou odpov\u011bdnost za provoz jim sv\u011b\u0159en\u00fdch \u0161kol. St\u00e1t se bude d\u00e1l soust\u0159edit na zaji\u0161t\u011bn\u00ed kapacit a prost\u0159edk\u016f na vzd\u011bl\u00e1vac\u00ed roli \u0161kol, tedy na u\u010ditele a dal\u0161\u00ed pedagogick\u00e9 pracovn\u00edky,<\/em>\u201c up\u0159esnil ministr \u0161kolstv\u00ed Mikul\u00e1\u0161 Bek.<\/p>\n<p>Pot\u0159ebn\u00e9 legislativn\u00ed zm\u011bny ji\u017e p\u0159ipravuje pracovn\u00ed skupina slo\u017een\u00e1 ze z\u00e1stupc\u016f ministerstva \u0161kolstv\u00ed, ml\u00e1de\u017ee a t\u011blov\u00fdchovy, ministerstva financ\u00ed a z\u0159izovatel\u016f. P\u0159ipravovan\u00e1 zm\u011bna pos\u00edl\u00ed roli z\u0159izovatel\u016f, kte\u0159\u00ed se znalost\u00ed m\u00edstn\u00edch podm\u00ednek dok\u00e1\u017eou l\u00e9pe a efektivn\u011bji zajistit provoz \u0161kol.<\/p>\n<p><strong>(tz-m\u0161mt)<\/strong><\/p>\n<hr \/>\n<\/div>\n<p>&nbsp;<\/p>\n<h6>Informujeme:<\/h6>\n<h4 class=\"entry-title\"><a href=\"https:\/\/zakrasnejsivimperk.cz\/?p=324668\" target=\"_blank\" rel=\"noopener\">POLICIE \u010cR: Aktu\u00e1ln\u00ed zpr\u00e1va \u2013 \u00fater\u00fd 8. \u0159\u00edjna<\/a><\/h4>\n<h4 class=\"entry-title\"><a href=\"https:\/\/zakrasnejsivimperk.cz\/?p=324614\" target=\"_blank\" rel=\"noopener\">V Jiho\u010desk\u00e9m kraji bylo k 40. t\u00fddnu potvrzeno 2 938 p\u0159\u00edpad\u016f \u010dern\u00e9ho ka\u0161le<\/a><\/h4>\n<h4 class=\"entry-title\"><a href=\"https:\/\/zakrasnejsivimperk.cz\/?p=324611\" target=\"_blank\" rel=\"noopener\">Vy\u0161\u0161\u00ed tr\u017eby za prodej pohonn\u00fdch hmot a\u202fv\u202finternetov\u00fdch obchodech<\/a><\/h4>\n<h4 class=\"entry-title\"><a href=\"https:\/\/zakrasnejsivimperk.cz\/?p=324603\" target=\"_blank\" rel=\"noopener\">P\u0158E\u010cT\u011aTE SI U N\u00c1S: Den\u00edk Metro \u2013 8. \u0159\u00edjna 2024<\/a><\/h4>\n<h4 class=\"entry-title\"><a href=\"https:\/\/zakrasnejsivimperk.cz\/?p=324570\" target=\"_blank\" rel=\"noopener\">Stavebn\u00ed produkce rostla d\u00edky in\u017een\u00fdrsk\u00e9mu stavitelstv\u00ed<\/a><\/h4>\n<h4 class=\"entry-title\"><a href=\"https:\/\/zakrasnejsivimperk.cz\/?p=324563\" target=\"_blank\" rel=\"noopener\">Nemocnost v kraji za\u010d\u00edn\u00e1 stoupat, \u0159\u00edjen a dal\u0161\u00ed podzimn\u00ed m\u011bs\u00edce jsou optim\u00e1ln\u00ed pro o\u010dkov\u00e1n\u00ed proti ch\u0159ipce<\/a><\/h4>\n<h4 class=\"entry-title\"><a href=\"https:\/\/zakrasnejsivimperk.cz\/?p=324531\" target=\"_blank\" rel=\"noopener\">Spr\u00e1va NP \u0160umava vypsala v\u00fdb\u011brov\u00e9 \u0159\u00edzen\u00ed na pr\u00e1ce v les\u00edch na dal\u0161\u00ed obdob\u00ed<\/a><\/h4>\n<h4 class=\"entry-title\"><a href=\"https:\/\/zakrasnejsivimperk.cz\/?p=324492\" target=\"_blank\" rel=\"noopener\">Obchodn\u00ed bilanci p\u0159\u00edzniv\u011b ovlivnil vy\u0161\u0161\u00ed v\u00fdvoz motorov\u00fdch vozidel<\/a><\/h4>\n<h4 class=\"entry-title\"><a href=\"https:\/\/zakrasnejsivimperk.cz\/?p=324487\" target=\"_blank\" rel=\"noopener\">Hra\u010dka na baterie Rybolov (Fish it Out a music fishing game) obsahuje v\u00fdrazn\u011b nadlimitn\u00ed mno\u017estv\u00ed olova a kadmia<\/a><\/h4>\n<h4 class=\"entry-title\"><a href=\"https:\/\/zakrasnejsivimperk.cz\/?p=324481\" target=\"_blank\" rel=\"noopener\">Pr\u016fmyslov\u00e1 produkce i zak\u00e1zky v\u202fsrpnu vzrostly<\/a><\/h4>\n<h4 class=\"entry-title\"><a href=\"https:\/\/zakrasnejsivimperk.cz\/?p=324470\" target=\"_blank\" rel=\"noopener\">P\u0158E\u010cT\u011aTE SI U N\u00c1S: Den\u00edk Metro \u2013 7. \u0159\u00edjna 2024<\/a><\/h4>\n<hr \/>\n<p>&nbsp;<\/p>\n","protected":false},"excerpt":{"rendered":"<p>Praha, 8. <\/p>\n","protected":false},"author":2,"featured_media":324691,"comment_status":"open","ping_status":"open","sticky":false,"template":"","format":"gallery","meta":{"footnotes":""},"categories":[70],"tags":[],"jetpack_featured_media_url":"https:\/\/zakrasnejsivimperk.cz\/wp-content\/uploads\/2024\/10\/08\/ram-msmt.jpg","_links":{"self":[{"href":"https:\/\/zakrasnejsivimperk.cz\/index.php?rest_route=\/wp\/v2\/posts\/324690"}],"collection":[{"href":"https:\/\/zakrasnejsivimperk.cz\/index.php?rest_route=\/wp\/v2\/posts"}],"about":[{"href":"https:\/\/zakrasnejsivimperk.cz\/index.php?rest_route=\/wp\/v2\/types\/post"}],"author":[{"embeddable":true,"href":"https:\/\/zakrasnejsivimperk.cz\/index.php?rest_route=\/wp\/v2\/users\/2"}],"replies":[{"embeddable":true,"href":"https:\/\/zakrasnejsivimperk.cz\/index.php?rest_route=%2Fwp%2Fv2%2Fcomments&post=324690"}],"version-history":[{"count":2,"href":"https:\/\/zakrasnejsivimperk.cz\/index.php?rest_route=\/wp\/v2\/posts\/324690\/revisions"}],"predecessor-version":[{"id":324693,"href":"https:\/\/zakrasnejsivimperk.cz\/index.php?rest_route=\/wp\/v2\/posts\/324690\/revisions\/324693"}],"wp:featuredmedia":[{"embeddable":true,"href":"https:\/\/zakrasnejsivimperk.cz\/index.php?rest_route=\/wp\/v2\/media\/324691"}],"wp:attachment":[{"href":"https:\/\/zakrasnejsivimperk.cz\/index.php?rest_route=%2Fwp%2Fv2%2Fmedia&parent=324690"}],"wp:term":[{"taxonomy":"category","embeddable":true,"href":"https:\/\/zakrasnejsivimperk.cz\/index.php?rest_route=%2Fwp%2Fv2%2Fcategories&post=324690"},{"taxonomy":"post_tag","embeddable":true,"href":"https:\/\/zakrasnejsivimperk.cz\/index.php?rest_route=%2Fwp%2Fv2%2Ftags&post=324690"}],"curies":[{"name":"wp","href":"https:\/\/api.w.org\/{rel}","templated":true}]}}