{"id":324668,"date":"2024-10-08T13:49:07","date_gmt":"2024-10-08T12:49:07","guid":{"rendered":"https:\/\/zakrasnejsivimperk.cz\/?p=324668"},"modified":"2024-10-08T16:12:52","modified_gmt":"2024-10-08T15:12:52","slug":"policie-cr-aktualni-zprava-utery-8-rijna","status":"publish","type":"post","link":"https:\/\/zakrasnejsivimperk.cz\/?p=324668","title":{"rendered":"POLICIE \u010cR: Aktu\u00e1ln\u00ed zpr\u00e1va &#8211; \u00fater\u00fd 8. \u0159\u00edjna"},"content":{"rendered":"<h1>AKTUALIZOV\u00c1NO &#8211; 17 hodin:<\/h1>\n<h6>Tak\u00e9 druh\u00e1 skupina dopadena. N\u00e1sledovat budou dal\u0161\u00ed \u00fakony v re\u017eii cizineck\u00e9 policie.<\/h6>\n<p><strong>Text a foto: POLICIE \u010cR<\/strong><\/p>\n<p>&nbsp;<\/p>\n<p><img loading=\"lazy\" decoding=\"async\" class=\"aligncenter wp-image-324696 size-full\" src=\"https:\/\/zakrasnejsivimperk.cz\/wp-content\/uploads\/2024\/10\/08\/pcr-dopadeni-druhe-skupiny-081024-2.jpg\" alt=\"\" width=\"1152\" height=\"2048\" srcset=\"https:\/\/zakrasnejsivimperk.cz\/wp-content\/uploads\/2024\/10\/08\/pcr-dopadeni-druhe-skupiny-081024-2.jpg 1152w, https:\/\/zakrasnejsivimperk.cz\/wp-content\/uploads\/2024\/10\/08\/pcr-dopadeni-druhe-skupiny-081024-2-169x300.jpg 169w, https:\/\/zakrasnejsivimperk.cz\/wp-content\/uploads\/2024\/10\/08\/pcr-dopadeni-druhe-skupiny-081024-2-576x1024.jpg 576w, https:\/\/zakrasnejsivimperk.cz\/wp-content\/uploads\/2024\/10\/08\/pcr-dopadeni-druhe-skupiny-081024-2-768x1365.jpg 768w, https:\/\/zakrasnejsivimperk.cz\/wp-content\/uploads\/2024\/10\/08\/pcr-dopadeni-druhe-skupiny-081024-2-864x1536.jpg 864w, https:\/\/zakrasnejsivimperk.cz\/wp-content\/uploads\/2024\/10\/08\/pcr-dopadeni-druhe-skupiny-081024-2-201x357.jpg 201w, https:\/\/zakrasnejsivimperk.cz\/wp-content\/uploads\/2024\/10\/08\/pcr-dopadeni-druhe-skupiny-081024-2-272x483.jpg 272w\" sizes=\"(max-width: 1152px) 100vw, 1152px\" \/><\/p>\n<p>&nbsp;<\/p>\n<p><img loading=\"lazy\" decoding=\"async\" class=\"aligncenter wp-image-324695 size-full\" src=\"https:\/\/zakrasnejsivimperk.cz\/wp-content\/uploads\/2024\/10\/08\/pcr-dopadeni-druhe-skupiny-081024-1.jpg\" alt=\"\" width=\"2048\" height=\"1152\" srcset=\"https:\/\/zakrasnejsivimperk.cz\/wp-content\/uploads\/2024\/10\/08\/pcr-dopadeni-druhe-skupiny-081024-1.jpg 2048w, https:\/\/zakrasnejsivimperk.cz\/wp-content\/uploads\/2024\/10\/08\/pcr-dopadeni-druhe-skupiny-081024-1-300x169.jpg 300w, https:\/\/zakrasnejsivimperk.cz\/wp-content\/uploads\/2024\/10\/08\/pcr-dopadeni-druhe-skupiny-081024-1-1024x576.jpg 1024w, https:\/\/zakrasnejsivimperk.cz\/wp-content\/uploads\/2024\/10\/08\/pcr-dopadeni-druhe-skupiny-081024-1-768x432.jpg 768w, https:\/\/zakrasnejsivimperk.cz\/wp-content\/uploads\/2024\/10\/08\/pcr-dopadeni-druhe-skupiny-081024-1-1536x864.jpg 1536w, https:\/\/zakrasnejsivimperk.cz\/wp-content\/uploads\/2024\/10\/08\/pcr-dopadeni-druhe-skupiny-081024-1-635x357.jpg 635w, https:\/\/zakrasnejsivimperk.cz\/wp-content\/uploads\/2024\/10\/08\/pcr-dopadeni-druhe-skupiny-081024-1-859x483.jpg 859w\" sizes=\"(max-width: 2048px) 100vw, 2048px\" \/><\/p>\n<hr \/>\n<p>&nbsp;<\/p>\n<h6>Na \u0160umav\u011b u Schwarzenbersk\u00e9ho kan\u00e1lu zadr\u017eeli policist\u00e9 s pracovn\u00edky n\u00e1rodn\u00edho parku skupinu \u010dty\u0159 arabsky hovo\u0159\u00edc\u00edch osob, po dal\u0161\u00ed skupin\u011b aktu\u00e1ln\u011b p\u00e1traj\u00ed. &#8220;<em>C\u00edlem obou skupin byl pravd\u011bpodobn\u011b neleg\u00e1ln\u00ed p\u0159echod do N\u011bmecka. Kolegy z druh\u00e9 strany hranice jsme vyrozum\u011bli, v ter\u00e9nu p\u00e1traj\u00ed nad\u00e1le policist\u00e9, zapojeni jsou i kynologov\u00e9,&#8221;<\/em> informoval policejn\u00ed mluv\u010d\u00ed Milan Bajcura.<\/h6>\n<p><strong>(red) &#8211; Za kr\u00e1sn\u011bj\u0161\u00ed Vimperk<\/strong><\/p>\n<p><strong>Foto: Policie \u010cR<\/strong><\/p>\n<p>&nbsp;<\/p>\n<p><img loading=\"lazy\" decoding=\"async\" class=\"aligncenter wp-image-324683 size-full\" src=\"https:\/\/zakrasnejsivimperk.cz\/wp-content\/uploads\/2024\/10\/08\/pcr-zadrreni-081024-2.jpg\" alt=\"\" width=\"1902\" height=\"1132\" srcset=\"https:\/\/zakrasnejsivimperk.cz\/wp-content\/uploads\/2024\/10\/08\/pcr-zadrreni-081024-2.jpg 1902w, https:\/\/zakrasnejsivimperk.cz\/wp-content\/uploads\/2024\/10\/08\/pcr-zadrreni-081024-2-300x179.jpg 300w, https:\/\/zakrasnejsivimperk.cz\/wp-content\/uploads\/2024\/10\/08\/pcr-zadrreni-081024-2-1024x609.jpg 1024w, https:\/\/zakrasnejsivimperk.cz\/wp-content\/uploads\/2024\/10\/08\/pcr-zadrreni-081024-2-768x457.jpg 768w, https:\/\/zakrasnejsivimperk.cz\/wp-content\/uploads\/2024\/10\/08\/pcr-zadrreni-081024-2-1536x914.jpg 1536w, https:\/\/zakrasnejsivimperk.cz\/wp-content\/uploads\/2024\/10\/08\/pcr-zadrreni-081024-2-600x357.jpg 600w, https:\/\/zakrasnejsivimperk.cz\/wp-content\/uploads\/2024\/10\/08\/pcr-zadrreni-081024-2-812x483.jpg 812w\" sizes=\"(max-width: 1902px) 100vw, 1902px\" \/><\/p>\n<p>&nbsp;<\/p>\n<p><img loading=\"lazy\" decoding=\"async\" class=\"aligncenter wp-image-324684 size-full\" src=\"https:\/\/zakrasnejsivimperk.cz\/wp-content\/uploads\/2024\/10\/08\/pcr-zadrreni-081024-3.jpg\" alt=\"\" width=\"2040\" height=\"1148\" srcset=\"https:\/\/zakrasnejsivimperk.cz\/wp-content\/uploads\/2024\/10\/08\/pcr-zadrreni-081024-3.jpg 2040w, https:\/\/zakrasnejsivimperk.cz\/wp-content\/uploads\/2024\/10\/08\/pcr-zadrreni-081024-3-300x169.jpg 300w, https:\/\/zakrasnejsivimperk.cz\/wp-content\/uploads\/2024\/10\/08\/pcr-zadrreni-081024-3-1024x576.jpg 1024w, https:\/\/zakrasnejsivimperk.cz\/wp-content\/uploads\/2024\/10\/08\/pcr-zadrreni-081024-3-768x432.jpg 768w, https:\/\/zakrasnejsivimperk.cz\/wp-content\/uploads\/2024\/10\/08\/pcr-zadrreni-081024-3-1536x864.jpg 1536w, https:\/\/zakrasnejsivimperk.cz\/wp-content\/uploads\/2024\/10\/08\/pcr-zadrreni-081024-3-634x357.jpg 634w, https:\/\/zakrasnejsivimperk.cz\/wp-content\/uploads\/2024\/10\/08\/pcr-zadrreni-081024-3-858x483.jpg 858w\" sizes=\"(max-width: 2040px) 100vw, 2040px\" \/><\/p>\n<p>&nbsp;<\/p>\n<p><img loading=\"lazy\" decoding=\"async\" class=\"aligncenter wp-image-324685 size-full\" src=\"https:\/\/zakrasnejsivimperk.cz\/wp-content\/uploads\/2024\/10\/08\/pcr-zadrreni-081024-4.jpg\" alt=\"\" width=\"1291\" height=\"1147\" srcset=\"https:\/\/zakrasnejsivimperk.cz\/wp-content\/uploads\/2024\/10\/08\/pcr-zadrreni-081024-4.jpg 1291w, https:\/\/zakrasnejsivimperk.cz\/wp-content\/uploads\/2024\/10\/08\/pcr-zadrreni-081024-4-300x267.jpg 300w, https:\/\/zakrasnejsivimperk.cz\/wp-content\/uploads\/2024\/10\/08\/pcr-zadrreni-081024-4-1024x910.jpg 1024w, https:\/\/zakrasnejsivimperk.cz\/wp-content\/uploads\/2024\/10\/08\/pcr-zadrreni-081024-4-768x682.jpg 768w, https:\/\/zakrasnejsivimperk.cz\/wp-content\/uploads\/2024\/10\/08\/pcr-zadrreni-081024-4-402x357.jpg 402w, https:\/\/zakrasnejsivimperk.cz\/wp-content\/uploads\/2024\/10\/08\/pcr-zadrreni-081024-4-544x483.jpg 544w\" sizes=\"(max-width: 1291px) 100vw, 1291px\" \/><\/p>\n<p>&nbsp;<\/p>\n<p><img loading=\"lazy\" decoding=\"async\" class=\"aligncenter wp-image-324682 size-full\" src=\"https:\/\/zakrasnejsivimperk.cz\/wp-content\/uploads\/2024\/10\/08\/pcr-zadrreni-081024-1.jpg\" alt=\"\" width=\"1200\" height=\"1600\" srcset=\"https:\/\/zakrasnejsivimperk.cz\/wp-content\/uploads\/2024\/10\/08\/pcr-zadrreni-081024-1.jpg 1200w, https:\/\/zakrasnejsivimperk.cz\/wp-content\/uploads\/2024\/10\/08\/pcr-zadrreni-081024-1-225x300.jpg 225w, https:\/\/zakrasnejsivimperk.cz\/wp-content\/uploads\/2024\/10\/08\/pcr-zadrreni-081024-1-768x1024.jpg 768w, https:\/\/zakrasnejsivimperk.cz\/wp-content\/uploads\/2024\/10\/08\/pcr-zadrreni-081024-1-1152x1536.jpg 1152w, https:\/\/zakrasnejsivimperk.cz\/wp-content\/uploads\/2024\/10\/08\/pcr-zadrreni-081024-1-268x357.jpg 268w, https:\/\/zakrasnejsivimperk.cz\/wp-content\/uploads\/2024\/10\/08\/pcr-zadrreni-081024-1-362x483.jpg 362w\" sizes=\"(max-width: 1200px) 100vw, 1200px\" \/><\/p>\n<hr \/>\n<p>&nbsp;<\/p>\n","protected":false},"excerpt":{"rendered":"<p>AKTUALIZOV\u00c1NO &#8211; <\/p>\n","protected":false},"author":2,"featured_media":324669,"comment_status":"open","ping_status":"open","sticky":false,"template":"","format":"gallery","meta":{"footnotes":""},"categories":[179],"tags":[],"jetpack_featured_media_url":"https:\/\/zakrasnejsivimperk.cz\/wp-content\/uploads\/2024\/10\/08\/nove-zadrzeni.jpg","_links":{"self":[{"href":"https:\/\/zakrasnejsivimperk.cz\/index.php?rest_route=\/wp\/v2\/posts\/324668"}],"collection":[{"href":"https:\/\/zakrasnejsivimperk.cz\/index.php?rest_route=\/wp\/v2\/posts"}],"about":[{"href":"https:\/\/zakrasnejsivimperk.cz\/index.php?rest_route=\/wp\/v2\/types\/post"}],"author":[{"embeddable":true,"href":"https:\/\/zakrasnejsivimperk.cz\/index.php?rest_route=\/wp\/v2\/users\/2"}],"replies":[{"embeddable":true,"href":"https:\/\/zakrasnejsivimperk.cz\/index.php?rest_route=%2Fwp%2Fv2%2Fcomments&post=324668"}],"version-history":[{"count":7,"href":"https:\/\/zakrasnejsivimperk.cz\/index.php?rest_route=\/wp\/v2\/posts\/324668\/revisions"}],"predecessor-version":[{"id":324702,"href":"https:\/\/zakrasnejsivimperk.cz\/index.php?rest_route=\/wp\/v2\/posts\/324668\/revisions\/324702"}],"wp:featuredmedia":[{"embeddable":true,"href":"https:\/\/zakrasnejsivimperk.cz\/index.php?rest_route=\/wp\/v2\/media\/324669"}],"wp:attachment":[{"href":"https:\/\/zakrasnejsivimperk.cz\/index.php?rest_route=%2Fwp%2Fv2%2Fmedia&parent=324668"}],"wp:term":[{"taxonomy":"category","embeddable":true,"href":"https:\/\/zakrasnejsivimperk.cz\/index.php?rest_route=%2Fwp%2Fv2%2Fcategories&post=324668"},{"taxonomy":"post_tag","embeddable":true,"href":"https:\/\/zakrasnejsivimperk.cz\/index.php?rest_route=%2Fwp%2Fv2%2Ftags&post=324668"}],"curies":[{"name":"wp","href":"https:\/\/api.w.org\/{rel}","templated":true}]}}