{"id":324611,"date":"2024-10-08T10:34:20","date_gmt":"2024-10-08T09:34:20","guid":{"rendered":"https:\/\/zakrasnejsivimperk.cz\/?p=324611"},"modified":"2024-10-08T10:34:20","modified_gmt":"2024-10-08T09:34:20","slug":"z-prvni-ruky-vyssi-trzby-za-prodej-pohonnych-hmot-a-v-internetovych-obchodech","status":"publish","type":"post","link":"https:\/\/zakrasnejsivimperk.cz\/?p=324611","title":{"rendered":"Z PRVN\u00cd RUKY: Vy\u0161\u0161\u00ed tr\u017eby za prodej pohonn\u00fdch hmot a\u202fv\u202finternetov\u00fdch obchodech"},"content":{"rendered":"<h6><img loading=\"lazy\" decoding=\"async\" class=\"size-medium wp-image-219756 alignleft\" src=\"https:\/\/zakrasnejsivimperk.cz\/wp-content\/uploads\/2021\/03\/29\/\u010ds\u00fa-logo-300x81.png\" alt=\"\" width=\"300\" height=\"81\" srcset=\"https:\/\/zakrasnejsivimperk.cz\/wp-content\/uploads\/2021\/03\/29\/\u010ds\u00fa-logo-300x81.png 300w, https:\/\/zakrasnejsivimperk.cz\/wp-content\/uploads\/2021\/03\/29\/\u010ds\u00fa-logo-768x208.png 768w, https:\/\/zakrasnejsivimperk.cz\/wp-content\/uploads\/2021\/03\/29\/\u010ds\u00fa-logo-1024x277.png 1024w, https:\/\/zakrasnejsivimperk.cz\/wp-content\/uploads\/2021\/03\/29\/\u010ds\u00fa-logo.png 1280w\" sizes=\"(max-width: 300px) 100vw, 300px\" \/>Tr\u017eby v\u202fmaloobchod\u011b se v\u202fsrpnu re\u00e1ln\u011b zv\u00fd\u0161ily meziro\u010dn\u011b o\u202f5,3\u202f% a mezim\u011bs\u00ed\u010dn\u011b o\u202f0,1\u202f%. Tr\u017eby za prodej a opravy motorov\u00fdch vozidel meziro\u010dn\u011b klesly o\u202f0,4\u202f% a\u202fmezim\u011bs\u00ed\u010dn\u011b vzrostly o\u202f0,3\u202f%.<\/h6>\n<p><em>\u201eMaloobchodn\u00ed tr\u017eby po\u00a0o\u010di\u0161t\u011bn\u00ed o cenov\u00e9 vlivy v srpnu meziro\u010dn\u011b vzrostly. Tr\u017eby se zv\u00fd\u0161ily za\u202fprodej nepotravin\u00e1\u0159sk\u00e9ho zbo\u017e\u00ed i potravin. Vy\u0161\u0161\u00ed tr\u017eby jsme zaznamenali i u prodejc\u016f pohonn\u00fdch hmot, kte\u0159\u00ed spolu s internetov\u00fdmi prodejci nejv\u00edce p\u0159isp\u011bli k r\u016fstu maloobchodn\u00edch tr\u017eeb,\u201c<\/em> \u0159\u00edk\u00e1 Jana Gotvaldov\u00e1, vedouc\u00ed odd\u011blen\u00ed statistiky obchodu, dopravy a\u202fslu\u017eeb\u202f\u010cS\u00da.<\/p>\n<p>Podrobnosti: <a href=\"https:\/\/csu.gov.cz\/rychle-informace\/maloobchod-srpen-2024\" target=\"_blank\" rel=\"noopener\"><strong>https:\/\/csu.gov.cz\/rychle-informace\/maloobchod-srpen-2024<\/strong><\/a><\/p>\n<p><strong>(tz-\u010ds\u00fa)<\/strong><\/p>\n<hr \/>\n<p>&nbsp;<\/p>\n<h6>Informujeme:<\/h6>\n<h4 class=\"entry-title\"><a href=\"https:\/\/zakrasnejsivimperk.cz\/?p=324603\" target=\"_blank\" rel=\"noopener\">P\u0158E\u010cT\u011aTE SI U N\u00c1S: Den\u00edk Metro \u2013 8. \u0159\u00edjna 2024<\/a><\/h4>\n<h4 class=\"entry-title\"><a href=\"https:\/\/zakrasnejsivimperk.cz\/?p=324570\" target=\"_blank\" rel=\"noopener\">Stavebn\u00ed produkce rostla d\u00edky in\u017een\u00fdrsk\u00e9mu stavitelstv\u00ed<\/a><\/h4>\n<h4 class=\"entry-title\"><a href=\"https:\/\/zakrasnejsivimperk.cz\/?p=324563\" target=\"_blank\" rel=\"noopener\">Nemocnost v kraji za\u010d\u00edn\u00e1 stoupat, \u0159\u00edjen a dal\u0161\u00ed podzimn\u00ed m\u011bs\u00edce jsou optim\u00e1ln\u00ed pro o\u010dkov\u00e1n\u00ed proti ch\u0159ipce<\/a><\/h4>\n<h4 class=\"entry-title\"><a href=\"https:\/\/zakrasnejsivimperk.cz\/?p=324531\" target=\"_blank\" rel=\"noopener\">Spr\u00e1va NP \u0160umava vypsala v\u00fdb\u011brov\u00e9 \u0159\u00edzen\u00ed na pr\u00e1ce v les\u00edch na dal\u0161\u00ed obdob\u00ed<\/a><\/h4>\n<h4 class=\"entry-title\"><a href=\"https:\/\/zakrasnejsivimperk.cz\/?p=324492\" target=\"_blank\" rel=\"noopener\">Obchodn\u00ed bilanci p\u0159\u00edzniv\u011b ovlivnil vy\u0161\u0161\u00ed v\u00fdvoz motorov\u00fdch vozidel<\/a><\/h4>\n<h4 class=\"entry-title\"><a href=\"https:\/\/zakrasnejsivimperk.cz\/?p=324487\" target=\"_blank\" rel=\"noopener\">Hra\u010dka na baterie Rybolov (Fish it Out a music fishing game) obsahuje v\u00fdrazn\u011b nadlimitn\u00ed mno\u017estv\u00ed olova a kadmia<\/a><\/h4>\n<h4 class=\"entry-title\"><a href=\"https:\/\/zakrasnejsivimperk.cz\/?p=324481\" target=\"_blank\" rel=\"noopener\">Pr\u016fmyslov\u00e1 produkce i zak\u00e1zky v\u202fsrpnu vzrostly<\/a><\/h4>\n<h4 class=\"entry-title\"><a href=\"https:\/\/zakrasnejsivimperk.cz\/?p=324470\" target=\"_blank\" rel=\"noopener\">P\u0158E\u010cT\u011aTE SI U N\u00c1S: Den\u00edk Metro \u2013 7. \u0159\u00edjna 2024<\/a><\/h4>\n<hr \/>\n<p>&nbsp;<\/p>\n","protected":false},"excerpt":{"rendered":"<p>Tr\u017eby v\u202fmaloobchod\u011b <\/p>\n","protected":false},"author":2,"featured_media":324612,"comment_status":"open","ping_status":"open","sticky":false,"template":"","format":"gallery","meta":{"footnotes":""},"categories":[70],"tags":[],"jetpack_featured_media_url":"https:\/\/zakrasnejsivimperk.cz\/wp-content\/uploads\/2024\/10\/08\/z-ruky-csu.jpg","_links":{"self":[{"href":"https:\/\/zakrasnejsivimperk.cz\/index.php?rest_route=\/wp\/v2\/posts\/324611"}],"collection":[{"href":"https:\/\/zakrasnejsivimperk.cz\/index.php?rest_route=\/wp\/v2\/posts"}],"about":[{"href":"https:\/\/zakrasnejsivimperk.cz\/index.php?rest_route=\/wp\/v2\/types\/post"}],"author":[{"embeddable":true,"href":"https:\/\/zakrasnejsivimperk.cz\/index.php?rest_route=\/wp\/v2\/users\/2"}],"replies":[{"embeddable":true,"href":"https:\/\/zakrasnejsivimperk.cz\/index.php?rest_route=%2Fwp%2Fv2%2Fcomments&post=324611"}],"version-history":[{"count":1,"href":"https:\/\/zakrasnejsivimperk.cz\/index.php?rest_route=\/wp\/v2\/posts\/324611\/revisions"}],"predecessor-version":[{"id":324613,"href":"https:\/\/zakrasnejsivimperk.cz\/index.php?rest_route=\/wp\/v2\/posts\/324611\/revisions\/324613"}],"wp:featuredmedia":[{"embeddable":true,"href":"https:\/\/zakrasnejsivimperk.cz\/index.php?rest_route=\/wp\/v2\/media\/324612"}],"wp:attachment":[{"href":"https:\/\/zakrasnejsivimperk.cz\/index.php?rest_route=%2Fwp%2Fv2%2Fmedia&parent=324611"}],"wp:term":[{"taxonomy":"category","embeddable":true,"href":"https:\/\/zakrasnejsivimperk.cz\/index.php?rest_route=%2Fwp%2Fv2%2Fcategories&post=324611"},{"taxonomy":"post_tag","embeddable":true,"href":"https:\/\/zakrasnejsivimperk.cz\/index.php?rest_route=%2Fwp%2Fv2%2Ftags&post=324611"}],"curies":[{"name":"wp","href":"https:\/\/api.w.org\/{rel}","templated":true}]}}