{"id":324563,"date":"2024-10-07T18:19:31","date_gmt":"2024-10-07T17:19:31","guid":{"rendered":"https:\/\/zakrasnejsivimperk.cz\/?p=324563"},"modified":"2024-10-07T18:19:31","modified_gmt":"2024-10-07T17:19:31","slug":"aktualne-nemocnost-v-kraji-zacina-stoupat-rijen-a-dalsi-podzimni-mesice-jsou-optimalni-pro-ockovani-proti-chripce","status":"publish","type":"post","link":"https:\/\/zakrasnejsivimperk.cz\/?p=324563","title":{"rendered":"AKTU\u00c1LN\u011a: Nemocnost v kraji za\u010d\u00edn\u00e1 stoupat, \u0159\u00edjen a dal\u0161\u00ed podzimn\u00ed m\u011bs\u00edce jsou optim\u00e1ln\u00ed pro o\u010dkov\u00e1n\u00ed proti ch\u0159ipce"},"content":{"rendered":"<h4><img loading=\"lazy\" decoding=\"async\" class=\"size-medium wp-image-199605 alignleft\" src=\"https:\/\/zakrasnejsivimperk.cz\/wp-content\/uploads\/2020\/08\/06\/khs-logo-300x129.jpg\" alt=\"\" width=\"300\" height=\"129\" srcset=\"https:\/\/zakrasnejsivimperk.cz\/wp-content\/uploads\/2020\/08\/06\/khs-logo-300x129.jpg 300w, https:\/\/zakrasnejsivimperk.cz\/wp-content\/uploads\/2020\/08\/06\/khs-logo-768x330.jpg 768w, https:\/\/zakrasnejsivimperk.cz\/wp-content\/uploads\/2020\/08\/06\/khs-logo-831x357.jpg 831w, https:\/\/zakrasnejsivimperk.cz\/wp-content\/uploads\/2020\/08\/06\/khs-logo.jpg 922w\" sizes=\"(max-width: 300px) 100vw, 300px\" \/>\u010cESK\u00c9 BUD\u011aJOVICE 7. \u0159\u00edjna \u2013 Minul\u00e1 sezona akutn\u00edch respira\u010dn\u00edch infekc\u00ed trvala celkem dlouho, je\u0161t\u011b v kv\u011btnu se relativn\u00ed nemocnost dr\u017eela kolem tis\u00edce p\u0159\u00edpad\u016f na sto tis\u00edc obyvatel Jiho\u010desk\u00e9ho kraje.<\/h4>\n<p>V uplynul\u00e9m 40. t\u00fddnu byl v Jiho\u010desk\u00e9m kraji po\u010det akutn\u00edch respira\u010dn\u00edch infekc\u00ed \/ARI\/ 770 p\u0159\u00edpad\u016f na sto tis\u00edc obyvatel kraje, to je asi o 250 p\u0159\u00edpad\u016f na sto tis\u00edc obyvatel v\u00edce ne\u017e bylo vloni v tomto obdob\u00ed. Ve srovn\u00e1n\u00ed s p\u0159edchoz\u00edm t\u00fddnem nemocnost stoupla v kraji celkov\u011b o 17,7 %, na \u010ceskobud\u011bjovicku byl mezit\u00fddenn\u00ed n\u00e1r\u016fst t\u00e9m\u011b\u0159 o 24 % a na T\u00e1borsku o 22 %. N\u00e1stup sezony akutn\u00edch respira\u010dn\u00edch infekc\u00ed a ch\u0159ipek je tak ot\u00e1zkou t\u00fddn\u016f, u\u017e v listopadu se obvykle nemocnost v na\u0161em kraji dost\u00e1v\u00e1 k hranici tis\u00edce p\u0159\u00edpad\u016f na sto tis\u00edc obyvatel a kolem V\u00e1noc dosahuje sezona prvn\u00edho vrcholu s epidemick\u00fdmi v\u00fdskyty kolem 1 500 a v\u00edce p\u0159\u00edpad\u016f na sto tis\u00edc obyvatel kraje.<\/p>\n<p>Co se t\u00fd\u010de v\u011bkov\u00fdch skupin, tradi\u010dn\u011b nejvy\u0161\u0161\u00ed relativn\u00ed nemocnost je nyn\u00ed v kategorii 0\u20135 let, kde bylo v t\u00fddnu 2 464 p\u0159\u00edpad\u016f na sto tis\u00edc (+16,3 % ve srovn\u00e1n\u00ed s p\u0159edchoz\u00edm t\u00fddnem), mezi \u0161koln\u00edmi d\u011btmi 6\u201314 let to bylo 1 448 na sto tis\u00edc (+18,9 %), mezi mlad\u00fdmi lidmi v kategorii 15\u201324 let to bylo 874 na sto tis\u00edc (+16,7 %), v kategorii dosp\u011bl\u00fdch 25\u201364 let to bylo 379 p\u0159\u00edpad\u016f na sto tis\u00edc (+21,1 %) a v kategorii senior\u016f nad 65 let to bylo 296 na sto tis\u00edc (+7,3 %). Ve srovn\u00e1n\u00ed jednotliv\u00fdch okres\u016f kraje je moment\u00e1ln\u011b nejvy\u0161\u0161\u00ed nemocnost v okrese \u010cesk\u00fd Krumlov, kde bylo 1 208 p\u0159\u00edpad\u016f na sto tis\u00edc, nejvy\u0161\u0161\u00ed mezit\u00fddenn\u00ed n\u00e1r\u016fst zaznamenalo \u010ceskobud\u011bjovicko a T\u00e1borsko. V\u00fdskyt ch\u0159ipky a ch\u0159ipce podobn\u00fdch onemocn\u011bn\u00ed (ILI) zat\u00edm hl\u00e1\u0161en nebyl.<\/p>\n<p>&nbsp;<\/p>\n<p><img loading=\"lazy\" decoding=\"async\" class=\"aligncenter wp-image-324564 size-full\" src=\"https:\/\/zakrasnejsivimperk.cz\/wp-content\/uploads\/2024\/10\/07\/tabulka-nemocnost.jpg\" alt=\"\" width=\"937\" height=\"427\" srcset=\"https:\/\/zakrasnejsivimperk.cz\/wp-content\/uploads\/2024\/10\/07\/tabulka-nemocnost.jpg 937w, https:\/\/zakrasnejsivimperk.cz\/wp-content\/uploads\/2024\/10\/07\/tabulka-nemocnost-300x137.jpg 300w, https:\/\/zakrasnejsivimperk.cz\/wp-content\/uploads\/2024\/10\/07\/tabulka-nemocnost-768x350.jpg 768w, https:\/\/zakrasnejsivimperk.cz\/wp-content\/uploads\/2024\/10\/07\/tabulka-nemocnost-783x357.jpg 783w\" sizes=\"(max-width: 937px) 100vw, 937px\" \/><\/p>\n<p>&nbsp;<\/p>\n<p>Obdob\u00ed \u0159\u00edjen a\u017e prosinec je optim\u00e1ln\u00edm obdob\u00edm pro o\u010dkov\u00e1n\u00ed proti sez\u00f3nn\u00ed ch\u0159ipce. <em>\u201eO\u010dkov\u00e1n\u00ed je d\u016fle\u017eit\u00e9 p\u0159edev\u0161\u00edm pro osoby, u kter\u00fd je t\u0159eba sn\u00ed\u017eit riziko infekce a p\u0159idru\u017een\u00fdch komplikac\u00ed. Jsou to lid\u00e9 s chronick\u00fdm onemocn\u011bn\u00edm a lid\u00e9 nad pades\u00e1t let v\u011bku. Vakcinace je doporu\u010dov\u00e1na pro d\u011bti od 6 m\u011bs\u00edc\u016f, adolescenty a dosp\u011bl\u00e9 s chronick\u00fdm farmakologicky \u0159e\u0161en\u00fdm stavem. Pat\u0159\u00ed sem chronick\u00e1 onemocn\u011bn\u00ed d\u00fdchac\u00edho syst\u00e9mu, srdce a c\u00e9v, ledvin a jater, cukrovka a dal\u0161\u00ed metabolick\u00e1 onemocn\u011bn\u00ed, d\u00e1le pacienti se z\u00e1va\u017en\u00fdmi imunodeficity, osoby po invazivn\u00ed meningokokov\u00e9 nebo pneumokokov\u00e9 infekci, s poruchou funkce pr\u016fdu\u0161ek a plic a dal\u0161\u00ed pacienti,\u201c<\/em> uv\u00e1d\u00ed \u0159editelka KHS Jiho\u010desk\u00e9ho kraje Kvetoslava Kotrbov\u00e1. Upozor\u0148uje t\u00e9\u017e na mo\u017en\u00e9 kontraindikace, kdy se o\u010dkov\u00e1n\u00ed nedoporu\u010duje osob\u00e1m, kter\u00e9 v minulosti m\u011bly alergickou reakci na o\u010dkov\u00e1n\u00ed proti ch\u0159ipce nebo jsou p\u0159ecitliv\u011bl\u00e9 na slo\u017eky vakc\u00edny. V t\u011bchto p\u0159\u00edpadech je d\u016fle\u017eit\u00e1 konzultace s praktick\u00fdm l\u00e9ka\u0159em. O\u010dkov\u00e1n\u00ed je t\u0159eba odlo\u017eit, pokud m\u00e1 osoba n\u011bjak\u00e9 akutn\u00ed hore\u010dnat\u00e9 onemocn\u011bn\u00ed nebo sn\u00ed\u017eenou imunitu. Je mo\u017en\u00e9 spojit je sou\u010dasn\u011b s pod\u00e1n\u00edm jin\u00fdch vakc\u00edn, ale aplikovat do odli\u0161n\u00fdch m\u00edst. Slo\u017een\u00ed vakc\u00edny se ka\u017ed\u00fd rok pon\u011bkud m\u011bn\u00ed, aby odpov\u00eddalo odborn\u00e9 progn\u00f3ze, jak\u00e9 ch\u0159ipkov\u00e9 viry budou v p\u0159ich\u00e1zej\u00edc\u00ed sezon\u011b p\u0159evl\u00e1dat.<\/p>\n<p><strong>(tz-khs)<\/strong><\/p>\n<hr \/>\n<p>&nbsp;<\/p>\n<h6>Informujeme:<\/h6>\n<h4 class=\"entry-title\"><a href=\"https:\/\/zakrasnejsivimperk.cz\/?p=324531\" target=\"_blank\" rel=\"noopener\">Spr\u00e1va NP \u0160umava vypsala v\u00fdb\u011brov\u00e9 \u0159\u00edzen\u00ed na pr\u00e1ce v les\u00edch na dal\u0161\u00ed obdob\u00ed<\/a><\/h4>\n<h4 class=\"entry-title\"><a href=\"https:\/\/zakrasnejsivimperk.cz\/?p=324492\" target=\"_blank\" rel=\"noopener\">Obchodn\u00ed bilanci p\u0159\u00edzniv\u011b ovlivnil vy\u0161\u0161\u00ed v\u00fdvoz motorov\u00fdch vozidel<\/a><\/h4>\n<h4 class=\"entry-title\"><a href=\"https:\/\/zakrasnejsivimperk.cz\/?p=324487\" target=\"_blank\" rel=\"noopener\">Hra\u010dka na baterie Rybolov (Fish it Out a music fishing game) obsahuje v\u00fdrazn\u011b nadlimitn\u00ed mno\u017estv\u00ed olova a kadmia<\/a><\/h4>\n<h4 class=\"entry-title\"><a href=\"https:\/\/zakrasnejsivimperk.cz\/?p=324481\" target=\"_blank\" rel=\"noopener\">Pr\u016fmyslov\u00e1 produkce i zak\u00e1zky v\u202fsrpnu vzrostly<\/a><\/h4>\n<h4 class=\"entry-title\"><a href=\"https:\/\/zakrasnejsivimperk.cz\/?p=324470\" target=\"_blank\" rel=\"noopener\">P\u0158E\u010cT\u011aTE SI U N\u00c1S: Den\u00edk Metro \u2013 7. \u0159\u00edjna 2024<\/a><\/h4>\n<h4 class=\"entry-title\"><a href=\"https:\/\/zakrasnejsivimperk.cz\/?p=324453\" target=\"_blank\" rel=\"noopener\">Lesy na \u0160umav\u011b se bez lidsk\u00e9 p\u00e9\u010de obejdou. Potvrzuje to dlouhodob\u00fd monitoring bezz\u00e1sahov\u00fdch \u00fazem\u00ed<\/a><\/h4>\n<h4 class=\"entry-title\"><a href=\"https:\/\/zakrasnejsivimperk.cz\/?p=324387\" target=\"_blank\" rel=\"noopener\">Prvn\u00ed d\u00e1ma a dal\u0161\u00ed vrchnostensk\u00e1 nenajedenost<\/a><\/h4>\n<h4 class=\"entry-title\"><a href=\"https:\/\/zakrasnejsivimperk.cz\/?p=324306\" target=\"_blank\" rel=\"noopener\">Sv\u011btov\u00fd den meningitidy p\u0159ipom\u00edn\u00e1 d\u016fle\u017eitost osv\u011bty a prevence \u017eivot ohro\u017euj\u00edc\u00edho z\u00e1n\u011btu mozkov\u00fdch blan<\/a><\/h4>\n<h4 class=\"entry-title\"><a href=\"https:\/\/zakrasnejsivimperk.cz\/?p=324283\" target=\"_blank\" rel=\"noopener\">Hra\u010dka na baterie \u201eBIO va\u0159i\u010d KITCHEN TOYS\u201c obsahuje nadlimitn\u00ed mno\u017estv\u00ed olova a kadmia a p\u0159edstavuje riziko pro \u017eivotn\u00ed prost\u0159ed\u00ed<\/a><\/h4>\n<h4 class=\"entry-title\"><a href=\"https:\/\/zakrasnejsivimperk.cz\/?p=324185\" target=\"_blank\" rel=\"noopener\">V\u00fdsledky jedn\u00e1n\u00ed odbor\u00e1\u0159\u016f s vl\u00e1dou o navy\u0161ov\u00e1n\u00ed plat\u016f od 1. 1. 2025 ve ve\u0159ejn\u00e9 spr\u00e1v\u011b a sf\u00e9\u0159e<\/a><\/h4>\n<hr \/>\n<p>&nbsp;<\/p>\n","protected":false},"excerpt":{"rendered":"<p>\u010cESK\u00c9 BUD\u011aJOVICE <\/p>\n","protected":false},"author":2,"featured_media":324565,"comment_status":"open","ping_status":"open","sticky":false,"template":"","format":"gallery","meta":{"footnotes":""},"categories":[179],"tags":[],"jetpack_featured_media_url":"https:\/\/zakrasnejsivimperk.cz\/wp-content\/uploads\/2024\/10\/07\/nove-khs.jpg","_links":{"self":[{"href":"https:\/\/zakrasnejsivimperk.cz\/index.php?rest_route=\/wp\/v2\/posts\/324563"}],"collection":[{"href":"https:\/\/zakrasnejsivimperk.cz\/index.php?rest_route=\/wp\/v2\/posts"}],"about":[{"href":"https:\/\/zakrasnejsivimperk.cz\/index.php?rest_route=\/wp\/v2\/types\/post"}],"author":[{"embeddable":true,"href":"https:\/\/zakrasnejsivimperk.cz\/index.php?rest_route=\/wp\/v2\/users\/2"}],"replies":[{"embeddable":true,"href":"https:\/\/zakrasnejsivimperk.cz\/index.php?rest_route=%2Fwp%2Fv2%2Fcomments&post=324563"}],"version-history":[{"count":1,"href":"https:\/\/zakrasnejsivimperk.cz\/index.php?rest_route=\/wp\/v2\/posts\/324563\/revisions"}],"predecessor-version":[{"id":324566,"href":"https:\/\/zakrasnejsivimperk.cz\/index.php?rest_route=\/wp\/v2\/posts\/324563\/revisions\/324566"}],"wp:featuredmedia":[{"embeddable":true,"href":"https:\/\/zakrasnejsivimperk.cz\/index.php?rest_route=\/wp\/v2\/media\/324565"}],"wp:attachment":[{"href":"https:\/\/zakrasnejsivimperk.cz\/index.php?rest_route=%2Fwp%2Fv2%2Fmedia&parent=324563"}],"wp:term":[{"taxonomy":"category","embeddable":true,"href":"https:\/\/zakrasnejsivimperk.cz\/index.php?rest_route=%2Fwp%2Fv2%2Fcategories&post=324563"},{"taxonomy":"post_tag","embeddable":true,"href":"https:\/\/zakrasnejsivimperk.cz\/index.php?rest_route=%2Fwp%2Fv2%2Ftags&post=324563"}],"curies":[{"name":"wp","href":"https:\/\/api.w.org\/{rel}","templated":true}]}}