{"id":324531,"date":"2024-10-07T14:10:41","date_gmt":"2024-10-07T13:10:41","guid":{"rendered":"https:\/\/zakrasnejsivimperk.cz\/?p=324531"},"modified":"2024-10-07T14:10:41","modified_gmt":"2024-10-07T13:10:41","slug":"z-prvni-ruky-sprava-np-sumava-vypsala-vyberove-rizeni-na-prace-v-lesich-na-dalsi-obdobi","status":"publish","type":"post","link":"https:\/\/zakrasnejsivimperk.cz\/?p=324531","title":{"rendered":"Z PRVN\u00cd RUKY: Spr\u00e1va NP \u0160umava vypsala v\u00fdb\u011brov\u00e9 \u0159\u00edzen\u00ed na pr\u00e1ce v les\u00edch na dal\u0161\u00ed obdob\u00ed"},"content":{"rendered":"<h6><img loading=\"lazy\" decoding=\"async\" class=\"alignleft wp-image-97958\" src=\"https:\/\/zakrasnejsivimperk.cz\/wp-content\/uploads\/2017\/05\/15\/logo-nps-300x300.jpg\" alt=\"\" width=\"150\" height=\"150\" srcset=\"https:\/\/zakrasnejsivimperk.cz\/wp-content\/uploads\/2017\/05\/15\/logo-nps-300x300.jpg 300w, https:\/\/zakrasnejsivimperk.cz\/wp-content\/uploads\/2017\/05\/15\/logo-nps-150x150.jpg 150w, https:\/\/zakrasnejsivimperk.cz\/wp-content\/uploads\/2017\/05\/15\/logo-nps-768x768.jpg 768w, https:\/\/zakrasnejsivimperk.cz\/wp-content\/uploads\/2017\/05\/15\/logo-nps-357x357.jpg 357w, https:\/\/zakrasnejsivimperk.cz\/wp-content\/uploads\/2017\/05\/15\/logo-nps-483x483.jpg 483w, https:\/\/zakrasnejsivimperk.cz\/wp-content\/uploads\/2017\/05\/15\/logo-nps-210x210.jpg 210w, https:\/\/zakrasnejsivimperk.cz\/wp-content\/uploads\/2017\/05\/15\/logo-nps.jpg 960w\" sizes=\"(max-width: 150px) 100vw, 150px\" \/>Spr\u00e1va N\u00e1rodn\u00edho parku \u0160umava vypsala nadlimitn\u00ed ve\u0159ejnou zak\u00e1zku pro firmy a \u017eivnostn\u00edky, kte\u0159\u00ed maj\u00ed z\u00e1jem o pr\u00e1ci v les\u00edch ve spr\u00e1v\u011b n\u00e1rodn\u00edho parku. Prim\u00e1rn\u011b se jedn\u00e1 o zaji\u0161t\u011bn\u00ed t\u011b\u017eeb, hlavn\u011b v z\u00f3n\u00e1ch soust\u0159ed\u011bn\u00e9 p\u00e9\u010de a v men\u0161\u00ed m\u00ed\u0159e tak\u00e9 o sadebn\u00ed pr\u00e1ce. Ve\u0159ejn\u00e9 zak\u00e1zky na pr\u00e1ce v lese bude Spr\u00e1va vyhla\u0161ovat, stejn\u011b jako v p\u0159edchoz\u00edch letech v podob\u011b jednotliv\u00fdch ve\u0159ejn\u00fdch zak\u00e1zek tzv. minitendr\u016f.<\/h6>\n<p><em>\u201eToto zad\u00e1vac\u00ed \u0159\u00edzen\u00ed v\u0161ak p\u0159in\u00e1\u0161\u00ed z\u00e1sadn\u00ed zm\u011bnu. M\u00edsto r\u00e1mcov\u00e9 dohody za\u010d\u00edn\u00e1me vyu\u017e\u00edvat k v\u00fdb\u011bru dodavatel\u016f pro pr\u00e1ce v lese dynamick\u00fd n\u00e1kupn\u00ed syst\u00e9m tzv. DNS. Oproti p\u0159edchoz\u00ed praxi je hlavn\u00ed rozd\u00edl v tom, \u017ee do z\u00e1kladn\u00ed mno\u017einy do<\/em>davatel\u016f, kte\u0159\u00ed se te\u010f p\u0159ihl\u00e1s\u00ed, bude mo\u017en\u00e9 pr\u016fb\u011b\u017en\u011b za\u0159azovat dodavatele nov\u00e9. To u r\u00e1mcov\u00fdch dohod ne\u0161lo,\u201c vysv\u011btluje n\u00e1m\u011bstek \u0159editele Spr\u00e1vy NP \u0160umava Jan Kozel<\/p>\n<p><em>\u201eJe to v\u00fdhodn\u011bj\u0161\u00ed pro ob\u011b strany. Kdy\u017e bude m\u00edt nov\u00fd dodavatel z\u00e1jem nab\u00eddnout sv\u00e9 slu\u017eby na \u0160umav\u011b, nemus\u00ed \u010dekat t\u0159eba dva roky na dal\u0161\u00ed r\u00e1mcovou dohodu. Pokud spln\u00ed z\u00e1kladn\u00ed podm\u00ednky, za\u0159ad\u00edme ho mezi registrovan\u00e9 firmy a \u017eivnostn\u00edky a m\u016f\u017ee se zapojit do sout\u011b\u017ee o jednotliv\u00e9 zak\u00e1zky v r\u00e1mci syst\u00e9mu minitendr\u016f,\u201c<\/em> dopl\u0148uje Jan Kozel.<\/p>\n<p>Spr\u00e1va NP \u0160umava i pro dal\u0161\u00ed obdob\u00ed po\u010d\u00edt\u00e1 s pracemi souvisej\u00edc\u00ed s aktivn\u00ed p\u00e9\u010d\u00ed o les v z\u00e1sahov\u00fdch \u010d\u00e1stech n\u00e1rodn\u00edho parku podobn\u011b jako v minul\u00fdch letech. D\u016fraz bude kladen na zpracov\u00e1n\u00ed nahodil\u00fdch t\u011b\u017eeb a p\u0159estavby lesn\u00edch porost\u016f.<\/p>\n<p><em>\u201ePrvn\u00ed minitendry pro firmy registrovan\u00e9 v r\u00e1mci nadlimitn\u00ed ve\u0159ejn\u00e9 zak\u00e1zky budeme vyhla\u0161ovat na po\u010d\u00e1tku nov\u00e9ho roku 2025, je v\u0161ak velmi d\u016fle\u017eit\u00e9, aby firmy a \u017eivnostn\u00edci po\u017e\u00e1dali o za\u0159azen\u00ed do DNS u\u017e nyn\u00ed,\u201c<\/em> upozor\u0148uje mluv\u010d\u00ed N\u00e1rodn\u00edho parku \u0160umava Jan Dvo\u0159\u00e1k.<\/p>\n<p>\u017d\u00e1dost\u00ed o \u00fa\u010dast k zve\u0159ejn\u011bn\u00e9 nadlimitn\u00ed ve\u0159ejn\u00e9 zak\u00e1zce \u201eDNS_P\u00e9\u010de o lesn\u00ed ekosyst\u00e9my na \u00fazem\u00ed NP a CHKO \u0160umava\u201c je mo\u017en\u00e9 pod\u00e1vat do 31. \u0159\u00edjna 2024 v 10 hodin. P\u0159esto ale z\u016fstane syst\u00e9m otev\u0159en\u00fd i po uplynut\u00ed po t\u00e9to lh\u016ft\u011b a z\u00e1jemci mohou podat \u017e\u00e1dost o \u00fa\u010dast a b\u00fdt do DNS za\u0159azeni.<\/p>\n<p>Dal\u0161\u00ed informace k nadlimitn\u00ed ve\u0159ejn\u00e9 zak\u00e1zce jsou k dispozici na profilu zadavatele: <a href=\"https:\/\/nen.nipez.cz\/profil\/NPSUMAVA\" target=\"_blank\" rel=\"noopener\"><strong>https:\/\/nen.nipez.cz\/profil\/NPSUMAVA<\/strong><\/a>.<\/p>\n<p><strong>(tz-np\u0161)<\/strong><\/p>\n<hr \/>\n<p>&nbsp;<\/p>\n<h6>Informujeme:<\/h6>\n<h4 class=\"entry-title\"><a href=\"https:\/\/zakrasnejsivimperk.cz\/?p=324492\" target=\"_blank\" rel=\"noopener\">Obchodn\u00ed bilanci p\u0159\u00edzniv\u011b ovlivnil vy\u0161\u0161\u00ed v\u00fdvoz motorov\u00fdch vozidel<\/a><\/h4>\n<h4 class=\"entry-title\"><a href=\"https:\/\/zakrasnejsivimperk.cz\/?p=324487\" target=\"_blank\" rel=\"noopener\">Hra\u010dka na baterie Rybolov (Fish it Out a music fishing game) obsahuje v\u00fdrazn\u011b nadlimitn\u00ed mno\u017estv\u00ed olova a kadmia<\/a><\/h4>\n<h4 class=\"entry-title\"><a href=\"https:\/\/zakrasnejsivimperk.cz\/?p=324481\" target=\"_blank\" rel=\"noopener\">Pr\u016fmyslov\u00e1 produkce i zak\u00e1zky v\u202fsrpnu vzrostly<\/a><\/h4>\n<h4 class=\"entry-title\"><a href=\"https:\/\/zakrasnejsivimperk.cz\/?p=324470\" target=\"_blank\" rel=\"noopener\">P\u0158E\u010cT\u011aTE SI U N\u00c1S: Den\u00edk Metro \u2013 7. \u0159\u00edjna 2024<\/a><\/h4>\n<h4 class=\"entry-title\"><a href=\"https:\/\/zakrasnejsivimperk.cz\/?p=324453\" target=\"_blank\" rel=\"noopener\">Lesy na \u0160umav\u011b se bez lidsk\u00e9 p\u00e9\u010de obejdou. Potvrzuje to dlouhodob\u00fd monitoring bezz\u00e1sahov\u00fdch \u00fazem\u00ed<\/a><\/h4>\n<h4 class=\"entry-title\"><a href=\"https:\/\/zakrasnejsivimperk.cz\/?p=324387\" target=\"_blank\" rel=\"noopener\">Prvn\u00ed d\u00e1ma a dal\u0161\u00ed vrchnostensk\u00e1 nenajedenost<\/a><\/h4>\n<h4 class=\"entry-title\"><a href=\"https:\/\/zakrasnejsivimperk.cz\/?p=324306\" target=\"_blank\" rel=\"noopener\">Sv\u011btov\u00fd den meningitidy p\u0159ipom\u00edn\u00e1 d\u016fle\u017eitost osv\u011bty a prevence \u017eivot ohro\u017euj\u00edc\u00edho z\u00e1n\u011btu mozkov\u00fdch blan<\/a><\/h4>\n<h4 class=\"entry-title\"><a href=\"https:\/\/zakrasnejsivimperk.cz\/?p=324283\" target=\"_blank\" rel=\"noopener\">Hra\u010dka na baterie \u201eBIO va\u0159i\u010d KITCHEN TOYS\u201c obsahuje nadlimitn\u00ed mno\u017estv\u00ed olova a kadmia a p\u0159edstavuje riziko pro \u017eivotn\u00ed prost\u0159ed\u00ed<\/a><\/h4>\n<h4 class=\"entry-title\"><a href=\"https:\/\/zakrasnejsivimperk.cz\/?p=324185\" target=\"_blank\" rel=\"noopener\">V\u00fdsledky jedn\u00e1n\u00ed odbor\u00e1\u0159\u016f s vl\u00e1dou o navy\u0161ov\u00e1n\u00ed plat\u016f od 1. 1. 2025 ve ve\u0159ejn\u00e9 spr\u00e1v\u011b a sf\u00e9\u0159e<\/a><\/h4>\n<hr \/>\n<p>&nbsp;<\/p>\n","protected":false},"excerpt":{"rendered":"<p>Spr\u00e1va N\u00e1rodn\u00edho <\/p>\n","protected":false},"author":2,"featured_media":324540,"comment_status":"open","ping_status":"open","sticky":false,"template":"","format":"gallery","meta":{"footnotes":""},"categories":[70],"tags":[],"jetpack_featured_media_url":"https:\/\/zakrasnejsivimperk.cz\/wp-content\/uploads\/2024\/10\/07\/z-ruky-nps.jpg","_links":{"self":[{"href":"https:\/\/zakrasnejsivimperk.cz\/index.php?rest_route=\/wp\/v2\/posts\/324531"}],"collection":[{"href":"https:\/\/zakrasnejsivimperk.cz\/index.php?rest_route=\/wp\/v2\/posts"}],"about":[{"href":"https:\/\/zakrasnejsivimperk.cz\/index.php?rest_route=\/wp\/v2\/types\/post"}],"author":[{"embeddable":true,"href":"https:\/\/zakrasnejsivimperk.cz\/index.php?rest_route=\/wp\/v2\/users\/2"}],"replies":[{"embeddable":true,"href":"https:\/\/zakrasnejsivimperk.cz\/index.php?rest_route=%2Fwp%2Fv2%2Fcomments&post=324531"}],"version-history":[{"count":2,"href":"https:\/\/zakrasnejsivimperk.cz\/index.php?rest_route=\/wp\/v2\/posts\/324531\/revisions"}],"predecessor-version":[{"id":324541,"href":"https:\/\/zakrasnejsivimperk.cz\/index.php?rest_route=\/wp\/v2\/posts\/324531\/revisions\/324541"}],"wp:featuredmedia":[{"embeddable":true,"href":"https:\/\/zakrasnejsivimperk.cz\/index.php?rest_route=\/wp\/v2\/media\/324540"}],"wp:attachment":[{"href":"https:\/\/zakrasnejsivimperk.cz\/index.php?rest_route=%2Fwp%2Fv2%2Fmedia&parent=324531"}],"wp:term":[{"taxonomy":"category","embeddable":true,"href":"https:\/\/zakrasnejsivimperk.cz\/index.php?rest_route=%2Fwp%2Fv2%2Fcategories&post=324531"},{"taxonomy":"post_tag","embeddable":true,"href":"https:\/\/zakrasnejsivimperk.cz\/index.php?rest_route=%2Fwp%2Fv2%2Ftags&post=324531"}],"curies":[{"name":"wp","href":"https:\/\/api.w.org\/{rel}","templated":true}]}}