{"id":324492,"date":"2024-10-07T13:25:00","date_gmt":"2024-10-07T12:25:00","guid":{"rendered":"https:\/\/zakrasnejsivimperk.cz\/?p=324492"},"modified":"2024-10-07T13:25:00","modified_gmt":"2024-10-07T12:25:00","slug":"z-prvni-ruky-obchodni-bilanci-priznive-ovlivnil-vyssi-vyvoz-motorovych-vozidel","status":"publish","type":"post","link":"https:\/\/zakrasnejsivimperk.cz\/?p=324492","title":{"rendered":"Z PRVN\u00cd RUKY: Obchodn\u00ed bilanci p\u0159\u00edzniv\u011b ovlivnil vy\u0161\u0161\u00ed v\u00fdvoz motorov\u00fdch vozidel"},"content":{"rendered":"<h6><img loading=\"lazy\" decoding=\"async\" class=\"alignleft wp-image-201761\" src=\"https:\/\/zakrasnejsivimperk.cz\/wp-content\/uploads\/2020\/08\/31\/\u010doi-logo-300x146.jpg\" alt=\"\" width=\"200\" height=\"97\" srcset=\"https:\/\/zakrasnejsivimperk.cz\/wp-content\/uploads\/2020\/08\/31\/\u010doi-logo-300x146.jpg 300w, https:\/\/zakrasnejsivimperk.cz\/wp-content\/uploads\/2020\/08\/31\/\u010doi-logo-326x159.jpg 326w, https:\/\/zakrasnejsivimperk.cz\/wp-content\/uploads\/2020\/08\/31\/\u010doi-logo.jpg 632w\" sizes=\"(max-width: 200px) 100vw, 200px\" \/>Podle p\u0159edb\u011b\u017en\u00fdch \u00fadaj\u016f skon\u010dila v srpnu bilance zahrani\u010dn\u00edho obchodu se zbo\u017e\u00edm v\u202fb\u011b\u017en\u00fdch cen\u00e1ch p\u0159ebytkem 14,3\u202fmld.\u202fK\u010d, co\u017e byl meziro\u010dn\u011b o\u202f20,8\u202fmld.\u202fK\u010d lep\u0161\u00ed v\u00fdsledek.<\/h6>\n<p><em>\u201eKladn\u00fd v\u00fdsledek srpnov\u00e9 obchodn\u00ed bilance byl zp\u016fsoben vy\u0161\u0161\u00edm meziro\u010dn\u00edm r\u016fstem hodnoty v\u00fdvozu ne\u017e dovozu. V\u202fabsolutn\u00edch \u010d\u00edslech vzrostl nejv\u00edce v\u00fdvoz u motorov\u00fdch vozidel a jejich d\u00edl\u016f, co\u017e odpov\u00eddalo meziro\u010dn\u00edmu n\u00e1r\u016fstu 25,9 %, d\u00e1le pak u po\u010d\u00edta\u010d\u016f, elektrick\u00fdch a optick\u00fdch p\u0159\u00edstroj\u016f, u kter\u00fdch tvo\u0159il n\u00e1r\u016fst v\u00fdvozu 41,9 %,\u201c<\/em>\u00a0\u0159\u00edk\u00e1 Milu\u0161e Kav\u011bnov\u00e1, \u0159editelka odboru statistiky zahrani\u010dn\u00edho obchodu \u010cS\u00da.<\/p>\n<p>Podrobnosti: <a href=\"https:\/\/csu.gov.cz\/rychle-informace\/zahranicni-obchod-se-zbozim-srpen-2024\" target=\"_blank\" rel=\"noopener\"><strong>https:\/\/csu.gov.cz\/rychle-informace\/zahranicni-obchod-se-zbozim-srpen-2024<\/strong><\/a><\/p>\n<p><strong>(tz-\u010doi)<\/strong><\/p>\n<hr \/>\n<p>&nbsp;<\/p>\n<h6>Informujeme:<\/h6>\n<h4 class=\"entry-title\"><a href=\"https:\/\/zakrasnejsivimperk.cz\/?p=324487\" target=\"_blank\" rel=\"noopener\">Hra\u010dka na baterie Rybolov (Fish it Out a music fishing game) obsahuje v\u00fdrazn\u011b nadlimitn\u00ed mno\u017estv\u00ed olova a kadmia<\/a><\/h4>\n<h4 class=\"entry-title\"><a href=\"https:\/\/zakrasnejsivimperk.cz\/?p=324481\" target=\"_blank\" rel=\"noopener\">Pr\u016fmyslov\u00e1 produkce i zak\u00e1zky v\u202fsrpnu vzrostly<\/a><\/h4>\n<h4 class=\"entry-title\"><a href=\"https:\/\/zakrasnejsivimperk.cz\/?p=324470\" target=\"_blank\" rel=\"noopener\">P\u0158E\u010cT\u011aTE SI U N\u00c1S: Den\u00edk Metro \u2013 7. \u0159\u00edjna 2024<\/a><\/h4>\n<h4 class=\"entry-title\"><a href=\"https:\/\/zakrasnejsivimperk.cz\/?p=324453\" target=\"_blank\" rel=\"noopener\">Lesy na \u0160umav\u011b se bez lidsk\u00e9 p\u00e9\u010de obejdou. Potvrzuje to dlouhodob\u00fd monitoring bezz\u00e1sahov\u00fdch \u00fazem\u00ed<\/a><\/h4>\n<h4 class=\"entry-title\"><a href=\"https:\/\/zakrasnejsivimperk.cz\/?p=324387\" target=\"_blank\" rel=\"noopener\">Prvn\u00ed d\u00e1ma a dal\u0161\u00ed vrchnostensk\u00e1 nenajedenost<\/a><\/h4>\n<h4 class=\"entry-title\"><a href=\"https:\/\/zakrasnejsivimperk.cz\/?p=324306\" target=\"_blank\" rel=\"noopener\">Sv\u011btov\u00fd den meningitidy p\u0159ipom\u00edn\u00e1 d\u016fle\u017eitost osv\u011bty a prevence \u017eivot ohro\u017euj\u00edc\u00edho z\u00e1n\u011btu mozkov\u00fdch blan<\/a><\/h4>\n<h4 class=\"entry-title\"><a href=\"https:\/\/zakrasnejsivimperk.cz\/?p=324283\" target=\"_blank\" rel=\"noopener\">Hra\u010dka na baterie \u201eBIO va\u0159i\u010d KITCHEN TOYS\u201c obsahuje nadlimitn\u00ed mno\u017estv\u00ed olova a kadmia a p\u0159edstavuje riziko pro \u017eivotn\u00ed prost\u0159ed\u00ed<\/a><\/h4>\n<h4 class=\"entry-title\"><a href=\"https:\/\/zakrasnejsivimperk.cz\/?p=324185\" target=\"_blank\" rel=\"noopener\">V\u00fdsledky jedn\u00e1n\u00ed odbor\u00e1\u0159\u016f s vl\u00e1dou o navy\u0161ov\u00e1n\u00ed plat\u016f od 1. 1. 2025 ve ve\u0159ejn\u00e9 spr\u00e1v\u011b a sf\u00e9\u0159e<\/a><\/h4>\n<hr \/>\n<p>&nbsp;<\/p>\n","protected":false},"excerpt":{"rendered":"<p>Podle p\u0159edb\u011b\u017en\u00fdch <\/p>\n","protected":false},"author":2,"featured_media":324493,"comment_status":"open","ping_status":"open","sticky":false,"template":"","format":"gallery","meta":{"footnotes":""},"categories":[70],"tags":[],"jetpack_featured_media_url":"https:\/\/zakrasnejsivimperk.cz\/wp-content\/uploads\/2024\/10\/07\/z-ruky-csu-x.jpg","_links":{"self":[{"href":"https:\/\/zakrasnejsivimperk.cz\/index.php?rest_route=\/wp\/v2\/posts\/324492"}],"collection":[{"href":"https:\/\/zakrasnejsivimperk.cz\/index.php?rest_route=\/wp\/v2\/posts"}],"about":[{"href":"https:\/\/zakrasnejsivimperk.cz\/index.php?rest_route=\/wp\/v2\/types\/post"}],"author":[{"embeddable":true,"href":"https:\/\/zakrasnejsivimperk.cz\/index.php?rest_route=\/wp\/v2\/users\/2"}],"replies":[{"embeddable":true,"href":"https:\/\/zakrasnejsivimperk.cz\/index.php?rest_route=%2Fwp%2Fv2%2Fcomments&post=324492"}],"version-history":[{"count":1,"href":"https:\/\/zakrasnejsivimperk.cz\/index.php?rest_route=\/wp\/v2\/posts\/324492\/revisions"}],"predecessor-version":[{"id":324494,"href":"https:\/\/zakrasnejsivimperk.cz\/index.php?rest_route=\/wp\/v2\/posts\/324492\/revisions\/324494"}],"wp:featuredmedia":[{"embeddable":true,"href":"https:\/\/zakrasnejsivimperk.cz\/index.php?rest_route=\/wp\/v2\/media\/324493"}],"wp:attachment":[{"href":"https:\/\/zakrasnejsivimperk.cz\/index.php?rest_route=%2Fwp%2Fv2%2Fmedia&parent=324492"}],"wp:term":[{"taxonomy":"category","embeddable":true,"href":"https:\/\/zakrasnejsivimperk.cz\/index.php?rest_route=%2Fwp%2Fv2%2Fcategories&post=324492"},{"taxonomy":"post_tag","embeddable":true,"href":"https:\/\/zakrasnejsivimperk.cz\/index.php?rest_route=%2Fwp%2Fv2%2Ftags&post=324492"}],"curies":[{"name":"wp","href":"https:\/\/api.w.org\/{rel}","templated":true}]}}