{"id":324481,"date":"2024-10-07T10:59:51","date_gmt":"2024-10-07T09:59:51","guid":{"rendered":"https:\/\/zakrasnejsivimperk.cz\/?p=324481"},"modified":"2024-10-07T10:59:51","modified_gmt":"2024-10-07T09:59:51","slug":"z-prvni-ruky-prumyslova-produkce-i-zakazky-v-srpnu-vzrostly","status":"publish","type":"post","link":"https:\/\/zakrasnejsivimperk.cz\/?p=324481","title":{"rendered":"Z PRVN\u00cd RUKY: Pr\u016fmyslov\u00e1 produkce i zak\u00e1zky v\u202fsrpnu vzrostly"},"content":{"rendered":"<h6><img loading=\"lazy\" decoding=\"async\" class=\"size-medium wp-image-219756 alignleft\" src=\"https:\/\/zakrasnejsivimperk.cz\/wp-content\/uploads\/2021\/03\/29\/\u010ds\u00fa-logo-300x81.png\" alt=\"\" width=\"300\" height=\"81\" srcset=\"https:\/\/zakrasnejsivimperk.cz\/wp-content\/uploads\/2021\/03\/29\/\u010ds\u00fa-logo-300x81.png 300w, https:\/\/zakrasnejsivimperk.cz\/wp-content\/uploads\/2021\/03\/29\/\u010ds\u00fa-logo-768x208.png 768w, https:\/\/zakrasnejsivimperk.cz\/wp-content\/uploads\/2021\/03\/29\/\u010ds\u00fa-logo-1024x277.png 1024w, https:\/\/zakrasnejsivimperk.cz\/wp-content\/uploads\/2021\/03\/29\/\u010ds\u00fa-logo.png 1280w\" sizes=\"(max-width: 300px) 100vw, 300px\" \/>Pr\u016fmyslov\u00e1 produkce v\u202fsrpnu meziro\u010dn\u011b re\u00e1ln\u011b vzrostla o 1,5 %. Mezim\u011bs\u00ed\u010dn\u011b byla vy\u0161\u0161\u00ed o\u202f1,8 %. Hodnota nov\u00fdch zak\u00e1zek meziro\u010dn\u011b vzrostla o 10,6 %.<\/h6>\n<p><em>\u201eV\u00fdvoj pr\u016fmyslov\u00e9 produkce v\u202fsrpnu podobn\u011b jako v\u202f\u010dervenci nejv\u00edce ovlivnila v\u00fdroba motorov\u00fdch vozidel a posun celoz\u00e1vodn\u00edch dovolen\u00fdch v\u202fnejv\u011bt\u0161\u00edch podnic\u00edch tohoto odv\u011btv\u00ed. V\u202fkumulaci za \u010dervenec a srpen pr\u016fmyslov\u00e1 produkce meziro\u010dn\u011b stagnovala,\u201c<\/em>\u00a0\u0159\u00edk\u00e1 Radek Mat\u011bjka, \u0159editel odboru statistiky zem\u011bd\u011blstv\u00ed a lesnictv\u00ed, pr\u016fmyslu, stavebnictv\u00ed a\u202fenergetiky \u010cS\u00da.<\/p>\n<p><em>\u201eV srpnu byla meziro\u010dn\u011b hodnota nov\u00fdch pr\u016fmyslov\u00fdch zak\u00e1zek vy\u0161\u0161\u00ed o desetinu, a to p\u0159edev\u0161\u00edm d\u00edky p\u0159\u00edsp\u011bvku odv\u011btv\u00ed v\u00fdroby motorov\u00fdch vozidel a vlivu posunu dovolen\u00fdch. Nov\u00e9 zak\u00e1zky v\u202fposledn\u00edch m\u011bs\u00edc\u00edch z\u00edsk\u00e1vaj\u00ed podniky ve v\u00fdrob\u011b po\u010d\u00edta\u010d\u016f, elektronick\u00fdch a optick\u00fdch p\u0159\u00edstroj\u016f a za\u0159\u00edzen\u00ed,\u201c<\/em> \u0159\u00edk\u00e1 Veronika Dole\u017ealov\u00e1, vedouc\u00ed\u202fodd\u011blen\u00ed statistiky pr\u016fmyslu \u010cS\u00da.<\/p>\n<p>Podrobnosti: <a href=\"https:\/\/csu.gov.cz\/rychle-informace\/prumysl-srpen-2024\" target=\"_blank\" rel=\"noopener\"><strong>https:\/\/csu.gov.cz\/rychle-informace\/prumysl-srpen-2024<\/strong><\/a><\/p>\n<p><strong>(tz-\u010ds\u00fa)<\/strong><\/p>\n<hr \/>\n<p>&nbsp;<\/p>\n<h6>Informujeme:<\/h6>\n<h4 class=\"entry-title\"><a href=\"https:\/\/zakrasnejsivimperk.cz\/?p=324470\" target=\"_blank\" rel=\"noopener\">P\u0158E\u010cT\u011aTE SI U N\u00c1S: Den\u00edk Metro \u2013 7. \u0159\u00edjna 2024<\/a><\/h4>\n<h4 class=\"entry-title\"><a href=\"https:\/\/zakrasnejsivimperk.cz\/?p=324453\" target=\"_blank\" rel=\"noopener\">Lesy na \u0160umav\u011b se bez lidsk\u00e9 p\u00e9\u010de obejdou. Potvrzuje to dlouhodob\u00fd monitoring bezz\u00e1sahov\u00fdch \u00fazem\u00ed<\/a><\/h4>\n<h4 class=\"entry-title\"><a href=\"https:\/\/zakrasnejsivimperk.cz\/?p=324387\" target=\"_blank\" rel=\"noopener\">Prvn\u00ed d\u00e1ma a dal\u0161\u00ed vrchnostensk\u00e1 nenajedenost<\/a><\/h4>\n<h4 class=\"entry-title\"><a href=\"https:\/\/zakrasnejsivimperk.cz\/?p=324306\" target=\"_blank\" rel=\"noopener\">Sv\u011btov\u00fd den meningitidy p\u0159ipom\u00edn\u00e1 d\u016fle\u017eitost osv\u011bty a prevence \u017eivot ohro\u017euj\u00edc\u00edho z\u00e1n\u011btu mozkov\u00fdch blan<\/a><\/h4>\n<h4 class=\"entry-title\"><a href=\"https:\/\/zakrasnejsivimperk.cz\/?p=324283\" target=\"_blank\" rel=\"noopener\">Hra\u010dka na baterie \u201eBIO va\u0159i\u010d KITCHEN TOYS\u201c obsahuje nadlimitn\u00ed mno\u017estv\u00ed olova a kadmia a p\u0159edstavuje riziko pro \u017eivotn\u00ed prost\u0159ed\u00ed<\/a><\/h4>\n<h4 class=\"entry-title\"><a href=\"https:\/\/zakrasnejsivimperk.cz\/?p=324185\" target=\"_blank\" rel=\"noopener\">V\u00fdsledky jedn\u00e1n\u00ed odbor\u00e1\u0159\u016f s vl\u00e1dou o navy\u0161ov\u00e1n\u00ed plat\u016f od 1. 1. 2025 ve ve\u0159ejn\u00e9 spr\u00e1v\u011b a sf\u00e9\u0159e<\/a><\/h4>\n<hr \/>\n<p>&nbsp;<\/p>\n","protected":false},"excerpt":{"rendered":"<p>Pr\u016fmyslov\u00e1 produkce <\/p>\n","protected":false},"author":2,"featured_media":324482,"comment_status":"open","ping_status":"open","sticky":false,"template":"","format":"gallery","meta":{"footnotes":""},"categories":[70],"tags":[],"jetpack_featured_media_url":"https:\/\/zakrasnejsivimperk.cz\/wp-content\/uploads\/2024\/10\/07\/z-ruky-csu.jpg","_links":{"self":[{"href":"https:\/\/zakrasnejsivimperk.cz\/index.php?rest_route=\/wp\/v2\/posts\/324481"}],"collection":[{"href":"https:\/\/zakrasnejsivimperk.cz\/index.php?rest_route=\/wp\/v2\/posts"}],"about":[{"href":"https:\/\/zakrasnejsivimperk.cz\/index.php?rest_route=\/wp\/v2\/types\/post"}],"author":[{"embeddable":true,"href":"https:\/\/zakrasnejsivimperk.cz\/index.php?rest_route=\/wp\/v2\/users\/2"}],"replies":[{"embeddable":true,"href":"https:\/\/zakrasnejsivimperk.cz\/index.php?rest_route=%2Fwp%2Fv2%2Fcomments&post=324481"}],"version-history":[{"count":1,"href":"https:\/\/zakrasnejsivimperk.cz\/index.php?rest_route=\/wp\/v2\/posts\/324481\/revisions"}],"predecessor-version":[{"id":324483,"href":"https:\/\/zakrasnejsivimperk.cz\/index.php?rest_route=\/wp\/v2\/posts\/324481\/revisions\/324483"}],"wp:featuredmedia":[{"embeddable":true,"href":"https:\/\/zakrasnejsivimperk.cz\/index.php?rest_route=\/wp\/v2\/media\/324482"}],"wp:attachment":[{"href":"https:\/\/zakrasnejsivimperk.cz\/index.php?rest_route=%2Fwp%2Fv2%2Fmedia&parent=324481"}],"wp:term":[{"taxonomy":"category","embeddable":true,"href":"https:\/\/zakrasnejsivimperk.cz\/index.php?rest_route=%2Fwp%2Fv2%2Fcategories&post=324481"},{"taxonomy":"post_tag","embeddable":true,"href":"https:\/\/zakrasnejsivimperk.cz\/index.php?rest_route=%2Fwp%2Fv2%2Ftags&post=324481"}],"curies":[{"name":"wp","href":"https:\/\/api.w.org\/{rel}","templated":true}]}}