{"id":324470,"date":"2024-10-06T23:02:47","date_gmt":"2024-10-06T22:02:47","guid":{"rendered":"https:\/\/zakrasnejsivimperk.cz\/?p=324470"},"modified":"2024-10-06T23:02:47","modified_gmt":"2024-10-06T22:02:47","slug":"prectete-si-u-nas-denik-metro-7-rijna-2024","status":"publish","type":"post","link":"https:\/\/zakrasnejsivimperk.cz\/?p=324470","title":{"rendered":"P\u0158E\u010cT\u011aTE SI U N\u00c1S: Den\u00edk Metro \u2013 7. \u0159\u00edjna 2024"},"content":{"rendered":"<h6>Noviny otev\u0159ete kliknut\u00edm na obr\u00e1zek:<\/h6>\n<p><a href=\"https:\/\/e.metro.cz\/default.aspx?d=07.10.2024&amp;e=ME-BUDEJOVICE\" target=\"_blank\" rel=\"noopener\"><img loading=\"lazy\" decoding=\"async\" class=\"aligncenter wp-image-324471 size-full\" src=\"https:\/\/zakrasnejsivimperk.cz\/wp-content\/uploads\/2024\/10\/06\/metro-071024.jpg\" alt=\"\" width=\"1270\" height=\"1774\" srcset=\"https:\/\/zakrasnejsivimperk.cz\/wp-content\/uploads\/2024\/10\/06\/metro-071024.jpg 1270w, https:\/\/zakrasnejsivimperk.cz\/wp-content\/uploads\/2024\/10\/06\/metro-071024-215x300.jpg 215w, https:\/\/zakrasnejsivimperk.cz\/wp-content\/uploads\/2024\/10\/06\/metro-071024-733x1024.jpg 733w, https:\/\/zakrasnejsivimperk.cz\/wp-content\/uploads\/2024\/10\/06\/metro-071024-768x1073.jpg 768w, https:\/\/zakrasnejsivimperk.cz\/wp-content\/uploads\/2024\/10\/06\/metro-071024-1100x1536.jpg 1100w, https:\/\/zakrasnejsivimperk.cz\/wp-content\/uploads\/2024\/10\/06\/metro-071024-256x357.jpg 256w, https:\/\/zakrasnejsivimperk.cz\/wp-content\/uploads\/2024\/10\/06\/metro-071024-346x483.jpg 346w\" sizes=\"(max-width: 1270px) 100vw, 1270px\" \/><\/a><\/p>\n<hr \/>\n<p>&nbsp;<\/p>\n<h6>Informujeme:<\/h6>\n<h4 class=\"entry-title\"><a href=\"https:\/\/zakrasnejsivimperk.cz\/?p=324453\" target=\"_blank\" rel=\"noopener\">Lesy na \u0160umav\u011b se bez lidsk\u00e9 p\u00e9\u010de obejdou. Potvrzuje to dlouhodob\u00fd monitoring bezz\u00e1sahov\u00fdch \u00fazem\u00ed<\/a><\/h4>\n<h4 class=\"entry-title\"><a href=\"https:\/\/zakrasnejsivimperk.cz\/?p=324387\" target=\"_blank\" rel=\"noopener\">Prvn\u00ed d\u00e1ma a dal\u0161\u00ed vrchnostensk\u00e1 nenajedenost<\/a><\/h4>\n<h4 class=\"entry-title\"><a href=\"https:\/\/zakrasnejsivimperk.cz\/?p=324306\" target=\"_blank\" rel=\"noopener\">Sv\u011btov\u00fd den meningitidy p\u0159ipom\u00edn\u00e1 d\u016fle\u017eitost osv\u011bty a prevence \u017eivot ohro\u017euj\u00edc\u00edho z\u00e1n\u011btu mozkov\u00fdch blan<\/a><\/h4>\n<h4 class=\"entry-title\"><a href=\"https:\/\/zakrasnejsivimperk.cz\/?p=324283\" target=\"_blank\" rel=\"noopener\">Hra\u010dka na baterie \u201eBIO va\u0159i\u010d KITCHEN TOYS\u201c obsahuje nadlimitn\u00ed mno\u017estv\u00ed olova a kadmia a p\u0159edstavuje riziko pro \u017eivotn\u00ed prost\u0159ed\u00ed<\/a><\/h4>\n<h4 class=\"entry-title\"><a href=\"https:\/\/zakrasnejsivimperk.cz\/?p=324185\" target=\"_blank\" rel=\"noopener\">V\u00fdsledky jedn\u00e1n\u00ed odbor\u00e1\u0159\u016f s vl\u00e1dou o navy\u0161ov\u00e1n\u00ed plat\u016f od 1. 1. 2025 ve ve\u0159ejn\u00e9 spr\u00e1v\u011b a sf\u00e9\u0159e<\/a><\/h4>\n<h4 class=\"entry-title\"><a href=\"https:\/\/zakrasnejsivimperk.cz\/?p=324204\" target=\"_blank\" rel=\"noopener\">P\u0158E\u010cT\u011aTE SI U N\u00c1S: Den\u00edk Metro \u2013 4. \u0159\u00edjna 2024<\/a><\/h4>\n<hr \/>\n<p>&nbsp;<\/p>\n","protected":false},"excerpt":{"rendered":"<p>Noviny otev\u0159ete <\/p>\n","protected":false},"author":2,"featured_media":324471,"comment_status":"open","ping_status":"open","sticky":false,"template":"","format":"gallery","meta":{"footnotes":""},"categories":[70,37,90],"tags":[],"jetpack_featured_media_url":"https:\/\/zakrasnejsivimperk.cz\/wp-content\/uploads\/2024\/10\/06\/metro-071024.jpg","_links":{"self":[{"href":"https:\/\/zakrasnejsivimperk.cz\/index.php?rest_route=\/wp\/v2\/posts\/324470"}],"collection":[{"href":"https:\/\/zakrasnejsivimperk.cz\/index.php?rest_route=\/wp\/v2\/posts"}],"about":[{"href":"https:\/\/zakrasnejsivimperk.cz\/index.php?rest_route=\/wp\/v2\/types\/post"}],"author":[{"embeddable":true,"href":"https:\/\/zakrasnejsivimperk.cz\/index.php?rest_route=\/wp\/v2\/users\/2"}],"replies":[{"embeddable":true,"href":"https:\/\/zakrasnejsivimperk.cz\/index.php?rest_route=%2Fwp%2Fv2%2Fcomments&post=324470"}],"version-history":[{"count":1,"href":"https:\/\/zakrasnejsivimperk.cz\/index.php?rest_route=\/wp\/v2\/posts\/324470\/revisions"}],"predecessor-version":[{"id":324472,"href":"https:\/\/zakrasnejsivimperk.cz\/index.php?rest_route=\/wp\/v2\/posts\/324470\/revisions\/324472"}],"wp:featuredmedia":[{"embeddable":true,"href":"https:\/\/zakrasnejsivimperk.cz\/index.php?rest_route=\/wp\/v2\/media\/324471"}],"wp:attachment":[{"href":"https:\/\/zakrasnejsivimperk.cz\/index.php?rest_route=%2Fwp%2Fv2%2Fmedia&parent=324470"}],"wp:term":[{"taxonomy":"category","embeddable":true,"href":"https:\/\/zakrasnejsivimperk.cz\/index.php?rest_route=%2Fwp%2Fv2%2Fcategories&post=324470"},{"taxonomy":"post_tag","embeddable":true,"href":"https:\/\/zakrasnejsivimperk.cz\/index.php?rest_route=%2Fwp%2Fv2%2Ftags&post=324470"}],"curies":[{"name":"wp","href":"https:\/\/api.w.org\/{rel}","templated":true}]}}