{"id":324306,"date":"2024-10-05T12:15:01","date_gmt":"2024-10-05T11:15:01","guid":{"rendered":"https:\/\/zakrasnejsivimperk.cz\/?p=324306"},"modified":"2024-10-05T12:15:01","modified_gmt":"2024-10-05T11:15:01","slug":"z-prvni-ruky-svetovy-den-meningitidy-pripomina-dulezitost-osvety-a-prevence-zivot-ohrozujiciho-zanetu-mozkovych-blan","status":"publish","type":"post","link":"https:\/\/zakrasnejsivimperk.cz\/?p=324306","title":{"rendered":"Z PRVN\u00cd RUKY: Sv\u011btov\u00fd den meningitidy p\u0159ipom\u00edn\u00e1 d\u016fle\u017eitost osv\u011bty a prevence \u017eivot ohro\u017euj\u00edc\u00edho z\u00e1n\u011btu mozkov\u00fdch blan"},"content":{"rendered":"<div>\n<h6><a href=\"https:\/\/www.comomeningitis.org\/world-meningitis-day\" target=\"_blank\" rel=\"noopener\"><strong><img loading=\"lazy\" decoding=\"async\" class=\"alignleft wp-image-269346\" src=\"https:\/\/zakrasnejsivimperk.cz\/wp-content\/uploads\/2022\/12\/12\/sz\u00fa-logo-300x288.jpg\" alt=\"\" width=\"150\" height=\"144\" srcset=\"https:\/\/zakrasnejsivimperk.cz\/wp-content\/uploads\/2022\/12\/12\/sz\u00fa-logo-300x288.jpg 300w, https:\/\/zakrasnejsivimperk.cz\/wp-content\/uploads\/2022\/12\/12\/sz\u00fa-logo-768x737.jpg 768w, https:\/\/zakrasnejsivimperk.cz\/wp-content\/uploads\/2022\/12\/12\/sz\u00fa-logo-1024x983.jpg 1024w, https:\/\/zakrasnejsivimperk.cz\/wp-content\/uploads\/2022\/12\/12\/sz\u00fa-logo-372x357.jpg 372w, https:\/\/zakrasnejsivimperk.cz\/wp-content\/uploads\/2022\/12\/12\/sz\u00fa-logo-503x483.jpg 503w, https:\/\/zakrasnejsivimperk.cz\/wp-content\/uploads\/2022\/12\/12\/sz\u00fa-logo.jpg 1100w\" sizes=\"(max-width: 150px) 100vw, 150px\" \/>Sv\u011btov\u00fd den meningitidy<\/strong><\/a><strong>\u00a0p\u0159ipad\u00e1 na 5. \u0159\u00edjna.\u00a0<\/strong><strong>Meningitida je z\u00e1n\u011bt mozkov\u00fdch blan, kter\u00fd m\u016f\u017ee zp\u016fsobit mnoho infek\u010dn\u00edch agens od vir\u016f a bakteri\u00ed, p\u0159es pl\u00edsn\u011b a\u017e po parazity. Jedn\u00e1 se o velmi z\u00e1va\u017en\u00e9, \u017eivot ohro\u017euj\u00edc\u00ed onemocn\u011bn\u00ed, p\u0159edev\u0161\u00edm kv\u016fli rychl\u00e9mu pr\u016fb\u011bhu s ohro\u017een\u00edm vit\u00e1ln\u00edch funkc\u00ed, s \u010dast\u00fdmi komplikacemi i celo\u017eivotn\u00edmi n\u00e1sledky.<\/strong><\/h6>\n<p><strong>\u00a0<\/strong>\u00davodn\u00edm projevem meningitidy b\u00fdv\u00e1 bolest hlavy, hore\u010dka, n\u00e1sledn\u011b se m\u016f\u017ee p\u0159idat nevolnost \u010di zvracen\u00ed. N\u011bkdy doch\u00e1z\u00ed k projev\u016fm neklidu, agresivity, jindy naopak p\u0159eva\u017euje spavost. Ji\u017e po n\u011bkolika hodin\u00e1ch m\u016f\u017ee u meningitid nastat porucha v\u011bdom\u00ed. Rychl\u00fd n\u00e1stup z\u00e1va\u017en\u00fdch projev\u016f infekce je tedy velmi siln\u00fdm argumentem pro\u010d se nechat o\u010dkovat.<\/p>\n<p>Co se t\u00fdk\u00e1 onemocn\u011bn\u00ed zp\u016fsoben\u00fdch\u00a0gramnegativn\u00edm diplokokem\u00a0<em>Neisseria meningitidis<\/em>, pak v \u010cesk\u00e9 republice podle \u00fadaj\u016f N\u00e1rodn\u00ed referen\u010dn\u00ed laborato\u0159e pro meningokokov\u00e9 infekce je incidence onemocn\u011bn\u00ed za posledn\u00edch 10 let n\u00edzk\u00e1, v\u00a0rozmez\u00ed m\u00e9n\u011b ne\u017e jeden p\u0159\u00edpad na 100 tis\u00edc obyvatel. Infekce ale mohou m\u00edt velmi rychl\u00fd pr\u016fb\u011bh a k \u00famrt\u00ed m\u016f\u017ee doj\u00edt i p\u0159es zah\u00e1jenou l\u00e9\u010dbu b\u011bhem prvn\u00edch 24-48 hodin po vzniku p\u0159\u00edznak\u016f. A\u017e u 20 % p\u0159e\u017eiv\u0161\u00edch pacient\u016f se vyskytuj\u00ed celo\u017eivotn\u00ed n\u00e1sledky, jako jsou amputace kon\u010detin, hluchota nebo ment\u00e1ln\u00ed retardace.<\/p>\n<p><em>\u201eNejvy\u0161\u0161\u00ed v\u00fdskyt onemocn\u011bn\u00ed je dlouhodob\u011b zaznamen\u00e1v\u00e1n u d\u011bt\u00ed do jednoho roku, d\u00e1le v kategorii 1\u20134 roky a tak\u00e9 u mlad\u00fdch od 15 do 19 let. Ohro\u017eeni jsou i senio\u0159i a imunitn\u011b oslaben\u00ed jedinci. Pr\u00e1v\u011b pro tyto skupiny je pak ochrana o\u010dkov\u00e1n\u00edm velmi z\u00e1sadn\u00ed,\u201c<\/em>p\u0159ipom\u00edn\u00e1 vedouc\u00ed N\u00e1rodn\u00ed referen\u010dn\u00ed laborato\u0159e pro meningokokov\u00e9 n\u00e1kazy Zuzana Okonji.<\/p>\n<p>Na vzniku meningitid se ale krom\u011b meningokok\u016f pod\u00edlej\u00ed i dal\u0161\u00ed p\u016fvodci, nap\u0159\u00edklad streptokoky \u010di hemofily. Podrobn\u011bji si o t\u011bchto p\u016fvodc\u00edch m\u016f\u017eete p\u0159e\u010d\u00edst v p\u0159\u00edloze t\u00e9to zpr\u00e1vy.<\/p>\n<p><strong><a href=\"https:\/\/www.vakcinace.eu\/doporuceni-a-stanoviska\/doporuceni-ceske-vakcinologicke-spolecnosti-cls-jep-pro-ockovani-proti-invazivnim-meningokokovym-1\" target=\"_blank\" rel=\"noopener\">Na podrobnosti a mo\u017enosti vakcinace<\/a><\/strong>\u00a0se nev\u00e1hejte informovat u sv\u00e9ho o\u0161et\u0159uj\u00edc\u00edho l\u00e9ka\u0159e.<\/p>\n<\/div>\n<div><strong>(tz-sz\u00fa)<\/strong><\/div>\n<div class=\"backgroundLighter page download\">\n<hr \/>\n<\/div>\n<p>&nbsp;<\/p>\n<h6>Informujeme:<\/h6>\n<h4 class=\"entry-title\"><a href=\"https:\/\/zakrasnejsivimperk.cz\/?p=324283\" target=\"_blank\" rel=\"noopener\">Hra\u010dka na baterie \u201eBIO va\u0159i\u010d KITCHEN TOYS\u201c obsahuje nadlimitn\u00ed mno\u017estv\u00ed olova a kadmia a p\u0159edstavuje riziko pro \u017eivotn\u00ed prost\u0159ed\u00ed<\/a><\/h4>\n<h4 class=\"entry-title\"><a href=\"https:\/\/zakrasnejsivimperk.cz\/?p=324185\" target=\"_blank\" rel=\"noopener\">V\u00fdsledky jedn\u00e1n\u00ed odbor\u00e1\u0159\u016f s vl\u00e1dou o navy\u0161ov\u00e1n\u00ed plat\u016f od 1. 1. 2025 ve ve\u0159ejn\u00e9 spr\u00e1v\u011b a sf\u00e9\u0159e<\/a><\/h4>\n<h4 class=\"entry-title\"><a href=\"https:\/\/zakrasnejsivimperk.cz\/?p=324204\" target=\"_blank\" rel=\"noopener\">P\u0158E\u010cT\u011aTE SI U N\u00c1S: Den\u00edk Metro \u2013 4. \u0159\u00edjna 2024<\/a><\/h4>\n<h4 class=\"entry-title\"><a href=\"https:\/\/zakrasnejsivimperk.cz\/?p=324174\" target=\"_blank\" rel=\"noopener\">Roste po\u010det zem\u011bd\u011blc\u016f zab\u00fdvaj\u00edc\u00edch se v\u00fdhradn\u011b rostlinnou v\u00fdrobou<\/a><\/h4>\n<h4 class=\"entry-title\"><a href=\"https:\/\/zakrasnejsivimperk.cz\/?p=324088\" target=\"_blank\" rel=\"noopener\">St\u00e1tn\u00ed fond podpory investic zah\u00e1jil p\u0159\u00edjem \u017e\u00e1dost\u00ed v programu Dostupn\u00e9 n\u00e1jemn\u00ed bydlen\u00ed<\/a><\/h4>\n<h4 class=\"entry-title\"><a href=\"https:\/\/zakrasnejsivimperk.cz\/?p=323977\" target=\"_blank\" rel=\"noopener\">Studen\u00e1 sprcha z Bruselu. Fialova vl\u00e1da loni hospoda\u0159ila s v\u011bt\u0161\u00edm deficitem ne\u017e Babi\u0161 za covidu, opravil Eurostat vl\u00e1dn\u00ed \u010d\u00edsla<\/a><\/h4>\n<h4 class=\"entry-title\"><a href=\"https:\/\/zakrasnejsivimperk.cz\/?p=324068\" target=\"_blank\" rel=\"noopener\">P\u0158E\u010cT\u011aTE SI U N\u00c1S: Den\u00edk Metro \u2013 3. \u0159\u00edjna 2024<\/a><\/h4>\n<h4 class=\"entry-title\"><a href=\"https:\/\/zakrasnejsivimperk.cz\/?p=324025\" target=\"_blank\" rel=\"noopener\">Program Oprav d\u016fm po babi\u010dce zv\u00fd\u0161il z\u00e1jem o podporu komplexn\u00edch renovac\u00ed ne\u00fasporn\u00fdch rodinn\u00fdch dom\u016f<\/a><\/h4>\n<h4 class=\"entry-title\"><a href=\"https:\/\/zakrasnejsivimperk.cz\/?p=323961\" target=\"_blank\" rel=\"noopener\">Hospoda\u0159en\u00ed vl\u00e1dn\u00edch instituc\u00ed z\u016fstalo ve 2. \u010dtvrtlet\u00ed v deficitu<\/a><\/h4>\n<h4 class=\"entry-title\"><a href=\"https:\/\/zakrasnejsivimperk.cz\/?p=323952\" target=\"_blank\" rel=\"noopener\">Nad\u011bje do\u017eit\u00ed loni p\u0159ekonala p\u0159edpandemickou \u00farove\u0148<\/a><\/h4>\n<h4 class=\"entry-title\"><a href=\"https:\/\/zakrasnejsivimperk.cz\/?p=323948\" target=\"_blank\" rel=\"noopener\">Saldo hospoda\u0159en\u00ed vl\u00e1dn\u00edch instituc\u00ed za rok 2023 skon\u010dilo v deficitu<\/a><\/h4>\n<hr \/>\n<p>&nbsp;<\/p>\n","protected":false},"excerpt":{"rendered":"<p>Sv\u011btov\u00fd den <\/p>\n","protected":false},"author":2,"featured_media":324365,"comment_status":"open","ping_status":"open","sticky":false,"template":"","format":"gallery","meta":{"footnotes":""},"categories":[70],"tags":[],"jetpack_featured_media_url":"https:\/\/zakrasnejsivimperk.cz\/wp-content\/uploads\/2024\/10\/05\/z-ruky-szu.jpg","_links":{"self":[{"href":"https:\/\/zakrasnejsivimperk.cz\/index.php?rest_route=\/wp\/v2\/posts\/324306"}],"collection":[{"href":"https:\/\/zakrasnejsivimperk.cz\/index.php?rest_route=\/wp\/v2\/posts"}],"about":[{"href":"https:\/\/zakrasnejsivimperk.cz\/index.php?rest_route=\/wp\/v2\/types\/post"}],"author":[{"embeddable":true,"href":"https:\/\/zakrasnejsivimperk.cz\/index.php?rest_route=\/wp\/v2\/users\/2"}],"replies":[{"embeddable":true,"href":"https:\/\/zakrasnejsivimperk.cz\/index.php?rest_route=%2Fwp%2Fv2%2Fcomments&post=324306"}],"version-history":[{"count":2,"href":"https:\/\/zakrasnejsivimperk.cz\/index.php?rest_route=\/wp\/v2\/posts\/324306\/revisions"}],"predecessor-version":[{"id":324366,"href":"https:\/\/zakrasnejsivimperk.cz\/index.php?rest_route=\/wp\/v2\/posts\/324306\/revisions\/324366"}],"wp:featuredmedia":[{"embeddable":true,"href":"https:\/\/zakrasnejsivimperk.cz\/index.php?rest_route=\/wp\/v2\/media\/324365"}],"wp:attachment":[{"href":"https:\/\/zakrasnejsivimperk.cz\/index.php?rest_route=%2Fwp%2Fv2%2Fmedia&parent=324306"}],"wp:term":[{"taxonomy":"category","embeddable":true,"href":"https:\/\/zakrasnejsivimperk.cz\/index.php?rest_route=%2Fwp%2Fv2%2Fcategories&post=324306"},{"taxonomy":"post_tag","embeddable":true,"href":"https:\/\/zakrasnejsivimperk.cz\/index.php?rest_route=%2Fwp%2Fv2%2Ftags&post=324306"}],"curies":[{"name":"wp","href":"https:\/\/api.w.org\/{rel}","templated":true}]}}