{"id":32425,"date":"2015-10-01T12:29:57","date_gmt":"2015-10-01T11:29:57","guid":{"rendered":"http:\/\/zakrasnejsivimperk.cz\/?p=32425"},"modified":"2015-10-01T15:59:58","modified_gmt":"2015-10-01T14:59:58","slug":"mestska-doprava-seniori-budou-jezdit-zdarma-ale-musi-si-koupit-kartu-za-sto-korun","status":"publish","type":"post","link":"https:\/\/zakrasnejsivimperk.cz\/?p=32425","title":{"rendered":"M\u011aSTSK\u00c1 DOPRAVA: Senio\u0159i zdarma jezdit nebudou, mus\u00ed si koupit kartu za sto korun"},"content":{"rendered":"<p style=\"text-align: justify;\"><strong>Bezpochyby to byla medi\u00e1ln\u011b v\u00fd\u017eivn\u00e1 informace, kterou vimpersk\u00e1 starostka Jaroslava Martanov\u00e1 sd\u011blila p\u0159i zased\u00e1n\u00ed samospr\u00e1vy v\u0161em zastupitel\u016fm i p\u0159\u00edtomn\u00e9 ve\u0159ejnosti: <\/strong><strong>Vimper\u0161t\u00ed senio\u0159i budou jezdit v m\u011bstsk\u00e9 hromadn\u00e9 doprav\u011b od \u0159\u00edjna do prosince leto\u0161n\u00edho roku <\/strong><em>(na tuto dobu to bylo schv\u00e1leno zastupitelstvem v r\u00e1mci rozpo\u010dtov\u00fdch opat\u0159en\u00ed)<\/em><strong> zdarma.\u00a0<\/strong><strong>Tak\u00e9 n\u00e1m zamlouvala a p\u0159i zve\u0159ejn\u011bn\u00ed jsme ji ozna\u010dili jako Dobrou zpr\u00e1vu.<\/strong><\/p>\n<p style=\"text-align: justify;\">To Prachatick\u00fd den\u00edk dokonce napsal, \u017ee d\u00edky tomu si budou moci senio\u0159i dop\u0159\u00e1t v cukr\u00e1rn\u011b \u010dast\u011bji k\u00e1vu, proto\u017ee za svezen\u00ed autobusem ze s\u00eddli\u0161t\u011b k l\u00e9ka\u0159i do nemocnice nebo za n\u00e1kupem do m\u011bsta nezaplat\u00ed ani korunu. Jenom\u017ee ono to kaf\u00ed\u010dko senior\u016fm nakonec v \u00fastech pon\u011bkud zho\u0159kne. Se\u0161el se toti\u017e t\u00fdden s t\u00fddnem a ty sam\u00e9 noviny musely konstatovat, \u017ee <a href=\"http:\/\/prachaticky.denik.cz\/zpravy_region\/za-slevu-si-seniori-zaplati-20150927.html\" target=\"_blank\"><strong>Za slevu si senio\u0159i zaplat\u00ed<\/strong>.<\/a><\/p>\n<p style=\"text-align: justify;\">Vy\u0161lo toti\u017e najevo, \u017ee informace starostky zastupitel\u016fm i ve\u0159ejnosti byla nepravdiv\u00e1, zkr\u00e1tka bublina, kter\u00e1 splaskla. <strong>Aby mohl vimpersk\u00fd senior cestovat v m\u011bstsk\u00e9 hromadn\u00e9 doprav\u011b zdarma, mus\u00ed si nejprve obstarat na m\u011bstsk\u00e9m \u00fa\u0159ad\u011b seniorsk\u00fd pr\u016fkaz<\/strong>, kde bude m\u00edt vyzna\u010deno trval\u00e9 bydli\u0161t\u011b a datum narozen\u00ed a bude tam jeho podobenka. Jako by nesta\u010dilo, \u017ee toto\u017en\u00e9 \u00fadaje lze vy\u010d\u00edst z ob\u010dansk\u00e9ho pr\u016fkazu.<\/p>\n<p style=\"text-align: justify;\">Ale to nen\u00ed v\u0161echno. K bezplatn\u00e9 j\u00edzd\u011b <em>(Je to v\u016fbec za dan\u00fdch podm\u00ednek mo\u017eno naz\u00fdvat bezplatnou j\u00edzdou?)<\/em> si mus\u00ed senior je\u0161t\u011b <strong>v dopravn\u00ed kancel\u00e1\u0159i \u010cSAD Autobusy koupit za STO KORUN \u010dipovou kartu<\/strong>. Jedin\u011b takto vybaven m\u016f\u017ee pak vstoupit do autobusu m\u011bstsk\u00e9 hromadn\u00e9 dopravy, p\u0159edlo\u017eit \u0159idi\u010di oba dokumenty a bez placen\u00ed usednout na sedadlo.<\/p>\n<p style=\"text-align: justify;\">Starostka v tisku vysv\u011btlila nutnost \u010dipov\u00e9 karty po\u017eadavkem na zjednodu\u0161en\u00ed evidence po\u010dtu cestuj\u00edc\u00edch. Pro\u010d v\u0161ak n\u00e1klady s t\u00edm spojen\u00e9 maj\u00ed platit senio\u0159i? Pokud radnice a dopravce cht\u011bj\u00ed n\u011bco evidovat, a\u0165 si to zaplat\u00ed ze sv\u00e9ho a ne na \u00fakor nejstar\u0161\u00ed generace m\u011bsta.<\/p>\n<p style=\"text-align: justify;\">Toto populistick\u00e9 gesto p\u0159i\u017eivila radnice v nejnov\u011bj\u0161\u00edm vyd\u00e1n\u00ed Vimpersk\u00fdch novin, kde p\u0159eprav\u011b senior\u016f v\u011bnovala \u00favodn\u00ed \u010dl\u00e1nek. Oproti jeho pisatelce se v\u0161ak n\u011bjak nemohu dopo\u010d\u00edtat. Ona toti\u017e hned v \u00favodu tvrd\u00ed, \u017ee senio\u0159i budou jezdit zcela zdarma, mne to st\u00e1le vych\u00e1z\u00ed, \u017ee si mus\u00ed za j\u00edzdu zaplatit. Slevu nedostanou zadarmo. Tak nev\u00edm, kdo z n\u00e1s dvou je hloup\u011bj\u0161\u00ed. B\u00fdt v\u0161ak seniorem, tak radnici za takovouto nab\u00eddku po\u0161lu k \u0161\u00edpku.<\/p>\n<p style=\"text-align: justify;\"><strong>Text a foto: (zj)<\/strong><\/p>\n<p>&nbsp;<\/p>\n<p>&nbsp;<\/p>\n<p>&nbsp;<\/p>\n","protected":false},"excerpt":{"rendered":"<p>Bezpochyby to <\/p>\n","protected":false},"author":2,"featured_media":0,"comment_status":"open","ping_status":"open","sticky":false,"template":"","format":"standard","meta":{"footnotes":""},"categories":[7],"tags":[],"jetpack_featured_media_url":"","_links":{"self":[{"href":"https:\/\/zakrasnejsivimperk.cz\/index.php?rest_route=\/wp\/v2\/posts\/32425"}],"collection":[{"href":"https:\/\/zakrasnejsivimperk.cz\/index.php?rest_route=\/wp\/v2\/posts"}],"about":[{"href":"https:\/\/zakrasnejsivimperk.cz\/index.php?rest_route=\/wp\/v2\/types\/post"}],"author":[{"embeddable":true,"href":"https:\/\/zakrasnejsivimperk.cz\/index.php?rest_route=\/wp\/v2\/users\/2"}],"replies":[{"embeddable":true,"href":"https:\/\/zakrasnejsivimperk.cz\/index.php?rest_route=%2Fwp%2Fv2%2Fcomments&post=32425"}],"version-history":[{"count":13,"href":"https:\/\/zakrasnejsivimperk.cz\/index.php?rest_route=\/wp\/v2\/posts\/32425\/revisions"}],"predecessor-version":[{"id":32528,"href":"https:\/\/zakrasnejsivimperk.cz\/index.php?rest_route=\/wp\/v2\/posts\/32425\/revisions\/32528"}],"wp:attachment":[{"href":"https:\/\/zakrasnejsivimperk.cz\/index.php?rest_route=%2Fwp%2Fv2%2Fmedia&parent=32425"}],"wp:term":[{"taxonomy":"category","embeddable":true,"href":"https:\/\/zakrasnejsivimperk.cz\/index.php?rest_route=%2Fwp%2Fv2%2Fcategories&post=32425"},{"taxonomy":"post_tag","embeddable":true,"href":"https:\/\/zakrasnejsivimperk.cz\/index.php?rest_route=%2Fwp%2Fv2%2Ftags&post=32425"}],"curies":[{"name":"wp","href":"https:\/\/api.w.org\/{rel}","templated":true}]}}