{"id":324185,"date":"2024-10-04T11:45:47","date_gmt":"2024-10-04T10:45:47","guid":{"rendered":"https:\/\/zakrasnejsivimperk.cz\/?p=324185"},"modified":"2024-10-04T11:45:47","modified_gmt":"2024-10-04T10:45:47","slug":"z-prvni-ruky-vysledky-jednani-odboraru-s-vladou-o-navysovani-platu-od-1-1-2025-ve-verejne-sprave-a-sfere","status":"publish","type":"post","link":"https:\/\/zakrasnejsivimperk.cz\/?p=324185","title":{"rendered":"Z PRVN\u00cd RUKY: V\u00fdsledky jedn\u00e1n\u00ed odbor\u00e1\u0159\u016f s vl\u00e1dou o navy\u0161ov\u00e1n\u00ed plat\u016f od 1. 1. 2025 ve ve\u0159ejn\u00e9 spr\u00e1v\u011b a sf\u00e9\u0159e"},"content":{"rendered":"<p><img loading=\"lazy\" decoding=\"async\" class=\"aligncenter wp-image-324186 size-full\" src=\"https:\/\/zakrasnejsivimperk.cz\/wp-content\/uploads\/2024\/10\/03\/tz-odbory-platy.jpg\" alt=\"\" width=\"869\" height=\"811\" srcset=\"https:\/\/zakrasnejsivimperk.cz\/wp-content\/uploads\/2024\/10\/03\/tz-odbory-platy.jpg 869w, https:\/\/zakrasnejsivimperk.cz\/wp-content\/uploads\/2024\/10\/03\/tz-odbory-platy-300x280.jpg 300w, https:\/\/zakrasnejsivimperk.cz\/wp-content\/uploads\/2024\/10\/03\/tz-odbory-platy-768x717.jpg 768w, https:\/\/zakrasnejsivimperk.cz\/wp-content\/uploads\/2024\/10\/03\/tz-odbory-platy-383x357.jpg 383w, https:\/\/zakrasnejsivimperk.cz\/wp-content\/uploads\/2024\/10\/03\/tz-odbory-platy-518x483.jpg 518w\" sizes=\"(max-width: 869px) 100vw, 869px\" \/><\/p>\n<hr \/>\n<p>&nbsp;<\/p>\n<h6>Informujeme:<\/h6>\n<h4 class=\"entry-title\"><a href=\"https:\/\/zakrasnejsivimperk.cz\/?p=324204\" target=\"_blank\" rel=\"noopener\">P\u0158E\u010cT\u011aTE SI U N\u00c1S: Den\u00edk Metro \u2013 4. \u0159\u00edjna 2024<\/a><\/h4>\n<h4 class=\"entry-title\"><a href=\"https:\/\/zakrasnejsivimperk.cz\/?p=324174\" target=\"_blank\" rel=\"noopener\">Roste po\u010det zem\u011bd\u011blc\u016f zab\u00fdvaj\u00edc\u00edch se v\u00fdhradn\u011b rostlinnou v\u00fdrobou<\/a><\/h4>\n<h4 class=\"entry-title\"><a href=\"https:\/\/zakrasnejsivimperk.cz\/?p=324088\" target=\"_blank\" rel=\"noopener\">St\u00e1tn\u00ed fond podpory investic zah\u00e1jil p\u0159\u00edjem \u017e\u00e1dost\u00ed v programu Dostupn\u00e9 n\u00e1jemn\u00ed bydlen\u00ed<\/a><\/h4>\n<h4 class=\"entry-title\"><a href=\"https:\/\/zakrasnejsivimperk.cz\/?p=323977\" target=\"_blank\" rel=\"noopener\">Studen\u00e1 sprcha z Bruselu. Fialova vl\u00e1da loni hospoda\u0159ila s v\u011bt\u0161\u00edm deficitem ne\u017e Babi\u0161 za covidu, opravil Eurostat vl\u00e1dn\u00ed \u010d\u00edsla<\/a><\/h4>\n<h4 class=\"entry-title\"><a href=\"https:\/\/zakrasnejsivimperk.cz\/?p=324068\" target=\"_blank\" rel=\"noopener\">P\u0158E\u010cT\u011aTE SI U N\u00c1S: Den\u00edk Metro \u2013 3. \u0159\u00edjna 2024<\/a><\/h4>\n<h4 class=\"entry-title\"><a href=\"https:\/\/zakrasnejsivimperk.cz\/?p=324025\" target=\"_blank\" rel=\"noopener\">Program Oprav d\u016fm po babi\u010dce zv\u00fd\u0161il z\u00e1jem o podporu komplexn\u00edch renovac\u00ed ne\u00fasporn\u00fdch rodinn\u00fdch dom\u016f<\/a><\/h4>\n<h4 class=\"entry-title\"><a href=\"https:\/\/zakrasnejsivimperk.cz\/?p=323961\" target=\"_blank\" rel=\"noopener\">Hospoda\u0159en\u00ed vl\u00e1dn\u00edch instituc\u00ed z\u016fstalo ve 2. \u010dtvrtlet\u00ed v deficitu<\/a><\/h4>\n<h4 class=\"entry-title\"><a href=\"https:\/\/zakrasnejsivimperk.cz\/?p=323952\" target=\"_blank\" rel=\"noopener\">Nad\u011bje do\u017eit\u00ed loni p\u0159ekonala p\u0159edpandemickou \u00farove\u0148<\/a><\/h4>\n<h4 class=\"entry-title\"><a href=\"https:\/\/zakrasnejsivimperk.cz\/?p=323948\" target=\"_blank\" rel=\"noopener\">Saldo hospoda\u0159en\u00ed vl\u00e1dn\u00edch instituc\u00ed za rok 2023 skon\u010dilo v deficitu<\/a><\/h4>\n<hr \/>\n<p>&nbsp;<\/p>\n","protected":false},"excerpt":{"rendered":"<p>&nbsp; Informujeme: <\/p>\n","protected":false},"author":2,"featured_media":324187,"comment_status":"open","ping_status":"open","sticky":false,"template":"","format":"gallery","meta":{"footnotes":""},"categories":[70],"tags":[],"jetpack_featured_media_url":"https:\/\/zakrasnejsivimperk.cz\/wp-content\/uploads\/2024\/10\/03\/z-ruky-odbory.jpg","_links":{"self":[{"href":"https:\/\/zakrasnejsivimperk.cz\/index.php?rest_route=\/wp\/v2\/posts\/324185"}],"collection":[{"href":"https:\/\/zakrasnejsivimperk.cz\/index.php?rest_route=\/wp\/v2\/posts"}],"about":[{"href":"https:\/\/zakrasnejsivimperk.cz\/index.php?rest_route=\/wp\/v2\/types\/post"}],"author":[{"embeddable":true,"href":"https:\/\/zakrasnejsivimperk.cz\/index.php?rest_route=\/wp\/v2\/users\/2"}],"replies":[{"embeddable":true,"href":"https:\/\/zakrasnejsivimperk.cz\/index.php?rest_route=%2Fwp%2Fv2%2Fcomments&post=324185"}],"version-history":[{"count":2,"href":"https:\/\/zakrasnejsivimperk.cz\/index.php?rest_route=\/wp\/v2\/posts\/324185\/revisions"}],"predecessor-version":[{"id":324237,"href":"https:\/\/zakrasnejsivimperk.cz\/index.php?rest_route=\/wp\/v2\/posts\/324185\/revisions\/324237"}],"wp:featuredmedia":[{"embeddable":true,"href":"https:\/\/zakrasnejsivimperk.cz\/index.php?rest_route=\/wp\/v2\/media\/324187"}],"wp:attachment":[{"href":"https:\/\/zakrasnejsivimperk.cz\/index.php?rest_route=%2Fwp%2Fv2%2Fmedia&parent=324185"}],"wp:term":[{"taxonomy":"category","embeddable":true,"href":"https:\/\/zakrasnejsivimperk.cz\/index.php?rest_route=%2Fwp%2Fv2%2Fcategories&post=324185"},{"taxonomy":"post_tag","embeddable":true,"href":"https:\/\/zakrasnejsivimperk.cz\/index.php?rest_route=%2Fwp%2Fv2%2Ftags&post=324185"}],"curies":[{"name":"wp","href":"https:\/\/api.w.org\/{rel}","templated":true}]}}