{"id":324174,"date":"2024-10-03T18:28:05","date_gmt":"2024-10-03T17:28:05","guid":{"rendered":"https:\/\/zakrasnejsivimperk.cz\/?p=324174"},"modified":"2024-10-03T18:29:00","modified_gmt":"2024-10-03T17:29:00","slug":"z-prvni-ruky-roste-pocet-zemedelcu-zabyvajicich-se-vyhradne-rostlinnou-vyrobou","status":"publish","type":"post","link":"https:\/\/zakrasnejsivimperk.cz\/?p=324174","title":{"rendered":"Z PRVN\u00cd RUKY: Roste po\u010det zem\u011bd\u011blc\u016f zab\u00fdvaj\u00edc\u00edch se v\u00fdhradn\u011b rostlinnou v\u00fdrobou"},"content":{"rendered":"<h6><img loading=\"lazy\" decoding=\"async\" class=\"size-medium wp-image-219756 alignleft\" src=\"https:\/\/zakrasnejsivimperk.cz\/wp-content\/uploads\/2021\/03\/29\/\u010ds\u00fa-logo-300x81.png\" alt=\"\" width=\"300\" height=\"81\" srcset=\"https:\/\/zakrasnejsivimperk.cz\/wp-content\/uploads\/2021\/03\/29\/\u010ds\u00fa-logo-300x81.png 300w, https:\/\/zakrasnejsivimperk.cz\/wp-content\/uploads\/2021\/03\/29\/\u010ds\u00fa-logo-768x208.png 768w, https:\/\/zakrasnejsivimperk.cz\/wp-content\/uploads\/2021\/03\/29\/\u010ds\u00fa-logo-1024x277.png 1024w, https:\/\/zakrasnejsivimperk.cz\/wp-content\/uploads\/2021\/03\/29\/\u010ds\u00fa-logo.png 1280w\" sizes=\"(max-width: 300px) 100vw, 300px\" \/>Od za\u010d\u00e1tku tis\u00edcilet\u00ed se zmen\u0161ila v\u00fdm\u011bra zem\u011bd\u011blsk\u00e9 p\u016fdy i po\u010det farem. M\u00e9n\u011b je chovatel\u016f hospod\u00e1\u0159sk\u00fdch zv\u00ed\u0159at, roste po\u010det zem\u011bd\u011blc\u016f zab\u00fdvaj\u00edc\u00edch se pouze rostlinnou v\u00fdrobou. St\u00e1le v\u00edce hospod\u00e1\u0159stv\u00ed vy\u017e\u00edv\u00e1 modern\u00ed technologie a automatizovan\u00e9 syst\u00e9my.<\/h6>\n<p><em>\u201eSubjekty zab\u00fdvaj\u00edc\u00ed se v\u00fdhradn\u011b rostlinnou v\u00fdrobou dnes tvo\u0159\u00ed polovinu z celkov\u00e9ho po\u010dtu zem\u011bd\u011blsk\u00fdch podnik\u016f. Dal\u0161\u00edch 49 % se v\u011bnuje sm\u00ed\u0161en\u00e9 rostlinn\u00e9 a \u017eivo\u010di\u0161n\u00e9 v\u00fdrob\u011b, zbyl\u00e9 jedno procento tvo\u0159\u00ed chovatel\u00e9 hospod\u00e1\u0159sk\u00fdch zv\u00ed\u0159at bez zem\u011bd\u011blsk\u00e9 p\u016fdy. P\u0159itom je\u0161t\u011b v roce 2000 chovaly hospod\u00e1\u0159sk\u00e1 zv\u00ed\u0159ata t\u0159i \u010dtvrtiny zem\u011bd\u011blc\u016f,\u201c<\/em>\u00a0\u0159\u00edk\u00e1 Renata Vodi\u010dkov\u00e1, vedouc\u00ed odd\u011blen\u00ed statistiky zem\u011bd\u011blstv\u00ed a lesnictv\u00ed \u010cS\u00da.<\/p>\n<p>Pokro\u010dil\u00e9 technologie vyu\u017e\u00edv\u00e1 st\u00e1le v\u00edce zem\u011bd\u011blc\u016f a pod\u00edl jejich vyu\u017eit\u00ed je p\u0159\u00edmo \u00fam\u011brn\u00fd velikosti subjektu.\u00a0\u201e<em>Z nejv\u011bt\u0161\u00edch farem, tedy s velikost\u00ed od dvou tis\u00edc hektar\u016f obhospoda\u0159ovan\u00e9 zem\u011bd\u011blsk\u00e9 p\u016fdy, jich v\u00edce ne\u017e t\u0159etina vyu\u017e\u00edv\u00e1 za\u0159\u00edzen\u00ed pro p\u0159esn\u00fd monitoring plodin, \u010dtvrtina pak za\u0159\u00edzen\u00ed na odb\u011br vzork\u016f p\u016fdy a t\u00e9m\u011b\u0159 \u0161edes\u00e1t procent za\u0159\u00edzen\u00ed umo\u017e\u0148uj\u00edc\u00ed variabiln\u00ed zm\u011bnu b\u011bhem prov\u00e1d\u011bn\u00e9 \u010dinnosti v rostlinn\u00e9 v\u00fdrob\u011b,\u201c<\/em>\u00a0upozor\u0148uje Marek Roj\u00ed\u010dek, p\u0159edseda \u010cesk\u00e9ho statistick\u00e9ho \u00fa\u0159adu.<\/p>\n<p>Podrobnosti <a href=\"https:\/\/csu.gov.cz\/produkty\/roste-pocet-zemedelcu-zabyvajicich-se-vyhradne-rostlinnou-vyrobou\" target=\"_blank\" rel=\"noopener\"><strong>https:\/\/csu.gov.cz\/produkty\/roste-pocet-zemedelcu-zabyvajicich-se-vyhradne-rostlinnou-vyrobou<\/strong><\/a><\/p>\n<p><strong>(tz-\u010ds\u00fa)<\/strong><\/p>\n<hr \/>\n<p>&nbsp;<\/p>\n<h6>Informujeme:<\/h6>\n<h4 class=\"entry-title\"><a href=\"https:\/\/zakrasnejsivimperk.cz\/?p=324088\" target=\"_blank\" rel=\"noopener\">St\u00e1tn\u00ed fond podpory investic zah\u00e1jil p\u0159\u00edjem \u017e\u00e1dost\u00ed v programu Dostupn\u00e9 n\u00e1jemn\u00ed bydlen\u00ed<\/a><\/h4>\n<h4 class=\"entry-title\"><a href=\"https:\/\/zakrasnejsivimperk.cz\/?p=323977\" target=\"_blank\" rel=\"noopener\">Studen\u00e1 sprcha z Bruselu. Fialova vl\u00e1da loni hospoda\u0159ila s v\u011bt\u0161\u00edm deficitem ne\u017e Babi\u0161 za covidu, opravil Eurostat vl\u00e1dn\u00ed \u010d\u00edsla<\/a><\/h4>\n<h4 class=\"entry-title\"><a href=\"https:\/\/zakrasnejsivimperk.cz\/?p=324068\" target=\"_blank\" rel=\"noopener\">P\u0158E\u010cT\u011aTE SI U N\u00c1S: Den\u00edk Metro \u2013 3. \u0159\u00edjna 2024<\/a><\/h4>\n<h4 class=\"entry-title\"><a href=\"https:\/\/zakrasnejsivimperk.cz\/?p=324025\" target=\"_blank\" rel=\"noopener\">Program Oprav d\u016fm po babi\u010dce zv\u00fd\u0161il z\u00e1jem o podporu komplexn\u00edch renovac\u00ed ne\u00fasporn\u00fdch rodinn\u00fdch dom\u016f<\/a><\/h4>\n<h4 class=\"entry-title\"><a href=\"https:\/\/zakrasnejsivimperk.cz\/?p=323961\" target=\"_blank\" rel=\"noopener\">Hospoda\u0159en\u00ed vl\u00e1dn\u00edch instituc\u00ed z\u016fstalo ve 2. \u010dtvrtlet\u00ed v deficitu<\/a><\/h4>\n<h4 class=\"entry-title\"><a href=\"https:\/\/zakrasnejsivimperk.cz\/?p=323952\" target=\"_blank\" rel=\"noopener\">Nad\u011bje do\u017eit\u00ed loni p\u0159ekonala p\u0159edpandemickou \u00farove\u0148<\/a><\/h4>\n<h4 class=\"entry-title\"><a href=\"https:\/\/zakrasnejsivimperk.cz\/?p=323948\" target=\"_blank\" rel=\"noopener\">Saldo hospoda\u0159en\u00ed vl\u00e1dn\u00edch instituc\u00ed za rok 2023 skon\u010dilo v deficitu<\/a><\/h4>\n<hr \/>\n<p>&nbsp;<\/p>\n","protected":false},"excerpt":{"rendered":"<p>Od za\u010d\u00e1tku <\/p>\n","protected":false},"author":2,"featured_media":324175,"comment_status":"open","ping_status":"open","sticky":false,"template":"","format":"gallery","meta":{"footnotes":""},"categories":[70],"tags":[],"jetpack_featured_media_url":"https:\/\/zakrasnejsivimperk.cz\/wp-content\/uploads\/2024\/10\/03\/z-ruky-csu.jpg","_links":{"self":[{"href":"https:\/\/zakrasnejsivimperk.cz\/index.php?rest_route=\/wp\/v2\/posts\/324174"}],"collection":[{"href":"https:\/\/zakrasnejsivimperk.cz\/index.php?rest_route=\/wp\/v2\/posts"}],"about":[{"href":"https:\/\/zakrasnejsivimperk.cz\/index.php?rest_route=\/wp\/v2\/types\/post"}],"author":[{"embeddable":true,"href":"https:\/\/zakrasnejsivimperk.cz\/index.php?rest_route=\/wp\/v2\/users\/2"}],"replies":[{"embeddable":true,"href":"https:\/\/zakrasnejsivimperk.cz\/index.php?rest_route=%2Fwp%2Fv2%2Fcomments&post=324174"}],"version-history":[{"count":2,"href":"https:\/\/zakrasnejsivimperk.cz\/index.php?rest_route=\/wp\/v2\/posts\/324174\/revisions"}],"predecessor-version":[{"id":324177,"href":"https:\/\/zakrasnejsivimperk.cz\/index.php?rest_route=\/wp\/v2\/posts\/324174\/revisions\/324177"}],"wp:featuredmedia":[{"embeddable":true,"href":"https:\/\/zakrasnejsivimperk.cz\/index.php?rest_route=\/wp\/v2\/media\/324175"}],"wp:attachment":[{"href":"https:\/\/zakrasnejsivimperk.cz\/index.php?rest_route=%2Fwp%2Fv2%2Fmedia&parent=324174"}],"wp:term":[{"taxonomy":"category","embeddable":true,"href":"https:\/\/zakrasnejsivimperk.cz\/index.php?rest_route=%2Fwp%2Fv2%2Fcategories&post=324174"},{"taxonomy":"post_tag","embeddable":true,"href":"https:\/\/zakrasnejsivimperk.cz\/index.php?rest_route=%2Fwp%2Fv2%2Ftags&post=324174"}],"curies":[{"name":"wp","href":"https:\/\/api.w.org\/{rel}","templated":true}]}}