{"id":324158,"date":"2024-10-03T17:11:35","date_gmt":"2024-10-03T16:11:35","guid":{"rendered":"https:\/\/zakrasnejsivimperk.cz\/?p=324158"},"modified":"2024-10-03T17:13:26","modified_gmt":"2024-10-03T16:13:26","slug":"jizni-cechy-prachatice-maji-nejprivetivejsi-mestsky-urad-v-kraji","status":"publish","type":"post","link":"https:\/\/zakrasnejsivimperk.cz\/?p=324158","title":{"rendered":"JI\u017dN\u00cd \u010cECHY: Prachatice maj\u00ed nejp\u0159\u00edv\u011btiv\u011bj\u0161\u00ed m\u011bstsk\u00fd \u00fa\u0159ad v Jiho\u010desk\u00e9m kraji"},"content":{"rendered":"<p><img loading=\"lazy\" decoding=\"async\" class=\"aligncenter wp-image-324159 size-full\" src=\"https:\/\/zakrasnejsivimperk.cz\/wp-content\/uploads\/2024\/10\/03\/privetivy-urad-24.jpg\" alt=\"\" width=\"1600\" height=\"1200\" srcset=\"https:\/\/zakrasnejsivimperk.cz\/wp-content\/uploads\/2024\/10\/03\/privetivy-urad-24.jpg 1600w, https:\/\/zakrasnejsivimperk.cz\/wp-content\/uploads\/2024\/10\/03\/privetivy-urad-24-300x225.jpg 300w, https:\/\/zakrasnejsivimperk.cz\/wp-content\/uploads\/2024\/10\/03\/privetivy-urad-24-1024x768.jpg 1024w, https:\/\/zakrasnejsivimperk.cz\/wp-content\/uploads\/2024\/10\/03\/privetivy-urad-24-768x576.jpg 768w, https:\/\/zakrasnejsivimperk.cz\/wp-content\/uploads\/2024\/10\/03\/privetivy-urad-24-1536x1152.jpg 1536w, https:\/\/zakrasnejsivimperk.cz\/wp-content\/uploads\/2024\/10\/03\/privetivy-urad-24-476x357.jpg 476w, https:\/\/zakrasnejsivimperk.cz\/wp-content\/uploads\/2024\/10\/03\/privetivy-urad-24-644x483.jpg 644w\" sizes=\"(max-width: 1600px) 100vw, 1600px\" \/><\/p>\n<p>&nbsp;<\/p>\n<h6>Na slavnostn\u00edm vyhodnocen\u00ed ji\u017e 9. ro\u010dn\u00edku sout\u011b\u017ee Ministerstva vnitra \u201eP\u0159\u00edv\u011btiv\u00fd \u00fa\u0159ad\u201c obdr\u017eelo M\u011bsto Prachatice dne 1. 10. 2024 ocen\u011bn\u00ed za 1. m\u00edsto v r\u00e1mci Jiho\u010desk\u00e9ho kraje.<\/h6>\n<p><img loading=\"lazy\" decoding=\"async\" class=\"alignright wp-image-240474\" src=\"https:\/\/zakrasnejsivimperk.cz\/wp-content\/uploads\/2021\/11\/18\/p\u0159\u00edv\u011btiv\u00fd-\u00fa\u0159ad-logo.png\" alt=\"\" width=\"150\" height=\"127\" \/>Cenu si p\u0159evzal tajemn\u00edk m\u011bstsk\u00e9ho \u00fa\u0159adu Lubo\u0161 \u0160afr\u00e1nek a Hana Rabenhauptov\u00e1 z\u00a0odboru kancel\u00e1\u0159 starosty.<\/p>\n<p><em> \u201eOcen\u011bn\u00ed je pro m\u011bstsk\u00fd \u00fa\u0159ad sign\u00e1lem, \u017ee nastolen\u00e9 kroky sm\u011brem k\u00a0efektivn\u011bj\u0161\u00edmu fungov\u00e1n\u00ed \u00fa\u0159adu spole\u010dn\u011b se zachov\u00e1n\u00edm otev\u0159enosti, informovanosti a zejm\u00e9na lidsk\u00e9ho p\u0159\u00edstupu jdou spr\u00e1vn\u00fdm sm\u011brem. Z\u00e1rove\u0148 se jedn\u00e1 o zp\u011btnou vazbu v\u0161em zam\u011bstnanc\u016fm \u00fa\u0159adu, kter\u00fdm velmi d\u011bkuji za jejich kl\u00ed\u010dov\u00fd pod\u00edl na tomto prvenstv\u00ed. Je v\u0161ak pot\u0159eba jej p\u0159ijmout s\u00a0pokorou a z\u00e1vazkem, aby se v\u00a0dan\u00e9m trendu pokra\u010dovalo.\u201c<\/em> shrnul tajemn\u00edk M\u011b\u00da Prachatice.<\/p>\n<p>&nbsp;<\/p>\n<p><strong>Text a foto: M\u011aSTO PRACHATICE<\/strong><\/p>\n<hr \/>\n<p>&nbsp;<\/p>\n","protected":false},"excerpt":{"rendered":"<p>&nbsp; Na <\/p>\n","protected":false},"author":2,"featured_media":324159,"comment_status":"open","ping_status":"open","sticky":false,"template":"","format":"gallery","meta":{"footnotes":""},"categories":[10],"tags":[],"jetpack_featured_media_url":"https:\/\/zakrasnejsivimperk.cz\/wp-content\/uploads\/2024\/10\/03\/privetivy-urad-24.jpg","_links":{"self":[{"href":"https:\/\/zakrasnejsivimperk.cz\/index.php?rest_route=\/wp\/v2\/posts\/324158"}],"collection":[{"href":"https:\/\/zakrasnejsivimperk.cz\/index.php?rest_route=\/wp\/v2\/posts"}],"about":[{"href":"https:\/\/zakrasnejsivimperk.cz\/index.php?rest_route=\/wp\/v2\/types\/post"}],"author":[{"embeddable":true,"href":"https:\/\/zakrasnejsivimperk.cz\/index.php?rest_route=\/wp\/v2\/users\/2"}],"replies":[{"embeddable":true,"href":"https:\/\/zakrasnejsivimperk.cz\/index.php?rest_route=%2Fwp%2Fv2%2Fcomments&post=324158"}],"version-history":[{"count":3,"href":"https:\/\/zakrasnejsivimperk.cz\/index.php?rest_route=\/wp\/v2\/posts\/324158\/revisions"}],"predecessor-version":[{"id":324162,"href":"https:\/\/zakrasnejsivimperk.cz\/index.php?rest_route=\/wp\/v2\/posts\/324158\/revisions\/324162"}],"wp:featuredmedia":[{"embeddable":true,"href":"https:\/\/zakrasnejsivimperk.cz\/index.php?rest_route=\/wp\/v2\/media\/324159"}],"wp:attachment":[{"href":"https:\/\/zakrasnejsivimperk.cz\/index.php?rest_route=%2Fwp%2Fv2%2Fmedia&parent=324158"}],"wp:term":[{"taxonomy":"category","embeddable":true,"href":"https:\/\/zakrasnejsivimperk.cz\/index.php?rest_route=%2Fwp%2Fv2%2Fcategories&post=324158"},{"taxonomy":"post_tag","embeddable":true,"href":"https:\/\/zakrasnejsivimperk.cz\/index.php?rest_route=%2Fwp%2Fv2%2Ftags&post=324158"}],"curies":[{"name":"wp","href":"https:\/\/api.w.org\/{rel}","templated":true}]}}