{"id":324088,"date":"2024-10-03T11:03:35","date_gmt":"2024-10-03T10:03:35","guid":{"rendered":"https:\/\/zakrasnejsivimperk.cz\/?p=324088"},"modified":"2024-10-03T11:03:35","modified_gmt":"2024-10-03T10:03:35","slug":"z-prvni-ruky-statni-fond-podpory-investic-zahajil-prijem-zadosti-v-programu-dostupne-najemni-bydleni","status":"publish","type":"post","link":"https:\/\/zakrasnejsivimperk.cz\/?p=324088","title":{"rendered":"Z PRVN\u00cd RUKY: St\u00e1tn\u00ed fond podpory investic zah\u00e1jil p\u0159\u00edjem \u017e\u00e1dost\u00ed v programu Dostupn\u00e9 n\u00e1jemn\u00ed bydlen\u00ed"},"content":{"rendered":"<h6><b><img loading=\"lazy\" decoding=\"async\" class=\"size-medium wp-image-303382 alignleft\" src=\"https:\/\/zakrasnejsivimperk.cz\/wp-content\/uploads\/2024\/04\/08\/mmr-logo-300x70.jpg\" alt=\"\" width=\"300\" height=\"70\" srcset=\"https:\/\/zakrasnejsivimperk.cz\/wp-content\/uploads\/2024\/04\/08\/mmr-logo-300x70.jpg 300w, https:\/\/zakrasnejsivimperk.cz\/wp-content\/uploads\/2024\/04\/08\/mmr-logo.jpg 474w\" sizes=\"(max-width: 300px) 100vw, 300px\" \/>Obce a dal\u0161\u00ed pr\u00e1vnick\u00e9 osoby mohou \u017e\u00e1dat o finan\u010dn\u00ed prost\u0159edky na v\u00fdstavbu, rekonstrukce a n\u00e1kupy dostupn\u00fdch n\u00e1jemn\u00edch byt\u016f. Celkem je v programu k dispozici 7 miliard korun.<\/b><\/h6>\n<p>\u017dadatel\u00e9 mohou z\u00edskat podporu ve form\u011b kombinace dotace a \u00fav\u011bru a\u017e do 90 % zp\u016fsobil\u00fdch v\u00fddaj\u016f. Maxim\u00e1ln\u00ed \u010d\u00e1stka, kterou Fond m\u016f\u017ee jednomu \u017eadateli p\u0159isp\u011bt, je 250 mil. K\u010d.\u00a0O finan\u010dn\u00ed podporu na v\u00fdstavbu mohou \u017e\u00e1dat v\u0161echny pr\u00e1vnick\u00e9 osoby v\u010detn\u011b \u00fazemn\u00edch samospr\u00e1vn\u00fdch celk\u016f. Mo\u017enost n\u00e1kupu byt\u016f maj\u00ed pouze obce, c\u00edrkve a neziskov\u00e9 organizace.<\/p>\n<p><i>\u201eC\u00edlem nov\u00e9ho programu je podpo\u0159it vznik dostupn\u00e9ho n\u00e1jemn\u00edho bydlen\u00ed a postupn\u011b obnovit bytov\u00fd fond ve vlastnictv\u00ed obc\u00ed a dal\u0161\u00edch pr\u00e1vnick\u00fdch osob. Jde o syst\u00e9mov\u00e9 \u0159e\u0161en\u00ed,\u201c\u00a0<\/i>\u0159\u00edk\u00e1 \u0159editel St\u00e1tn\u00edho fondu podpory investic Daniel Ry\u0161\u00e1vka.<i>\u00a0\u201eVysok\u00e9 n\u00e1klady na bydlen\u00ed se bohu\u017eel dot\u00fdkaj\u00ed valn\u00e9 v\u011bt\u0161iny z n\u00e1s, proto jsou podm\u00ednky programu nastaveny tak, aby je splnilo 80 % lid\u00ed v \u010cesk\u00e9 republice, kte\u0159\u00ed nedisponuj\u00ed vlastn\u00edm bydlen\u00edm,\u201c<\/i>\u00a0dod\u00e1v\u00e1 Ry\u0161\u00e1vka.<\/p>\n<p>S p\u0159\u00edpravou na realizaci projekt\u016f potenci\u00e1ln\u00edm z\u00e1jemc\u016fm pom\u016f\u017ee i osm nov\u011b z\u0159\u00edzen\u00fdch Region\u00e1ln\u00edch center SFPI, kter\u00e1 zaji\u0161\u0165uj\u00ed podporu starost\u016fm a starostk\u00e1m v regionech. Centra nav\u00edc spolupracuj\u00ed s \u0161irokou s\u00edt\u00ed extern\u00edch specialist\u016f. SFPI tak bude pro starostky\u00a0a starosty tak\u00e9 v programu Dostupn\u00e9 n\u00e1jemn\u00ed bydlen\u00ed spolehliv\u00fdm pr\u016fvodcem a partnerem.<\/p>\n<p>Podrobn\u00e9 informace o programu naleznete<a href=\"https:\/\/sfpi.cz\/dostupne-bydleni\/\" target=\"_blank\" rel=\"noopener\">\u00a0<strong>zde<\/strong><\/a>. \u017d\u00e1dosti se pod\u00e1vaj\u00ed elektronicky p\u0159es\u00a0<strong><a href=\"https:\/\/portal.sfpi.cz\/\" target=\"_blank\" rel=\"noopener\">Klientsk\u00fd port\u00e1l SFPI<\/a><\/strong>.<\/p>\n<p class=\"-wm-MsoNormal\"><strong>(tz-mmr)<\/strong><\/p>\n<hr \/>\n<p>&nbsp;<\/p>\n<h6>Informujeme:<\/h6>\n<h4 class=\"entry-title\"><a href=\"https:\/\/zakrasnejsivimperk.cz\/?p=323977\" target=\"_blank\" rel=\"noopener\">Studen\u00e1 sprcha z Bruselu. Fialova vl\u00e1da loni hospoda\u0159ila s v\u011bt\u0161\u00edm deficitem ne\u017e Babi\u0161 za covidu, opravil Eurostat vl\u00e1dn\u00ed \u010d\u00edsla<\/a><\/h4>\n<h4 class=\"entry-title\"><a href=\"https:\/\/zakrasnejsivimperk.cz\/?p=324068\" target=\"_blank\" rel=\"noopener\">P\u0158E\u010cT\u011aTE SI U N\u00c1S: Den\u00edk Metro \u2013 3. \u0159\u00edjna 2024<\/a><\/h4>\n<h4 class=\"entry-title\"><a href=\"https:\/\/zakrasnejsivimperk.cz\/?p=324025\" target=\"_blank\" rel=\"noopener\">Program Oprav d\u016fm po babi\u010dce zv\u00fd\u0161il z\u00e1jem o podporu komplexn\u00edch renovac\u00ed ne\u00fasporn\u00fdch rodinn\u00fdch dom\u016f<\/a><\/h4>\n<h4 class=\"entry-title\"><a href=\"https:\/\/zakrasnejsivimperk.cz\/?p=323961\" target=\"_blank\" rel=\"noopener\">Hospoda\u0159en\u00ed vl\u00e1dn\u00edch instituc\u00ed z\u016fstalo ve 2. \u010dtvrtlet\u00ed v deficitu<\/a><\/h4>\n<h4 class=\"entry-title\"><a href=\"https:\/\/zakrasnejsivimperk.cz\/?p=323952\" target=\"_blank\" rel=\"noopener\">Nad\u011bje do\u017eit\u00ed loni p\u0159ekonala p\u0159edpandemickou \u00farove\u0148<\/a><\/h4>\n<h4 class=\"entry-title\"><a href=\"https:\/\/zakrasnejsivimperk.cz\/?p=323948\" target=\"_blank\" rel=\"noopener\">Saldo hospoda\u0159en\u00ed vl\u00e1dn\u00edch instituc\u00ed za rok 2023 skon\u010dilo v deficitu<\/a><\/h4>\n<hr \/>\n<p>&nbsp;<\/p>\n","protected":false},"excerpt":{"rendered":"<p>Obce a <\/p>\n","protected":false},"author":2,"featured_media":324089,"comment_status":"open","ping_status":"open","sticky":false,"template":"","format":"gallery","meta":{"footnotes":""},"categories":[70],"tags":[],"jetpack_featured_media_url":"https:\/\/zakrasnejsivimperk.cz\/wp-content\/uploads\/2024\/10\/03\/z-ruky-mmr.jpg","_links":{"self":[{"href":"https:\/\/zakrasnejsivimperk.cz\/index.php?rest_route=\/wp\/v2\/posts\/324088"}],"collection":[{"href":"https:\/\/zakrasnejsivimperk.cz\/index.php?rest_route=\/wp\/v2\/posts"}],"about":[{"href":"https:\/\/zakrasnejsivimperk.cz\/index.php?rest_route=\/wp\/v2\/types\/post"}],"author":[{"embeddable":true,"href":"https:\/\/zakrasnejsivimperk.cz\/index.php?rest_route=\/wp\/v2\/users\/2"}],"replies":[{"embeddable":true,"href":"https:\/\/zakrasnejsivimperk.cz\/index.php?rest_route=%2Fwp%2Fv2%2Fcomments&post=324088"}],"version-history":[{"count":1,"href":"https:\/\/zakrasnejsivimperk.cz\/index.php?rest_route=\/wp\/v2\/posts\/324088\/revisions"}],"predecessor-version":[{"id":324090,"href":"https:\/\/zakrasnejsivimperk.cz\/index.php?rest_route=\/wp\/v2\/posts\/324088\/revisions\/324090"}],"wp:featuredmedia":[{"embeddable":true,"href":"https:\/\/zakrasnejsivimperk.cz\/index.php?rest_route=\/wp\/v2\/media\/324089"}],"wp:attachment":[{"href":"https:\/\/zakrasnejsivimperk.cz\/index.php?rest_route=%2Fwp%2Fv2%2Fmedia&parent=324088"}],"wp:term":[{"taxonomy":"category","embeddable":true,"href":"https:\/\/zakrasnejsivimperk.cz\/index.php?rest_route=%2Fwp%2Fv2%2Fcategories&post=324088"},{"taxonomy":"post_tag","embeddable":true,"href":"https:\/\/zakrasnejsivimperk.cz\/index.php?rest_route=%2Fwp%2Fv2%2Ftags&post=324088"}],"curies":[{"name":"wp","href":"https:\/\/api.w.org\/{rel}","templated":true}]}}