{"id":324025,"date":"2024-10-02T17:22:23","date_gmt":"2024-10-02T16:22:23","guid":{"rendered":"https:\/\/zakrasnejsivimperk.cz\/?p=324025"},"modified":"2024-10-02T17:22:23","modified_gmt":"2024-10-02T16:22:23","slug":"z-prvni-ruky-program-oprav-dum-po-babicce-zvysil-zajem-o-podporu-komplexnich-renovaci-neuspornych-rodinnych-domu","status":"publish","type":"post","link":"https:\/\/zakrasnejsivimperk.cz\/?p=324025","title":{"rendered":"Z PRVN\u00cd RUKY: Program Oprav d\u016fm po babi\u010dce zv\u00fd\u0161il z\u00e1jem o podporu komplexn\u00edch renovac\u00ed ne\u00fasporn\u00fdch rodinn\u00fdch dom\u016f"},"content":{"rendered":"<h6 class=\"-wm-MsoNormal\"><b><img loading=\"lazy\" decoding=\"async\" class=\"size-medium wp-image-159534 alignleft\" src=\"https:\/\/zakrasnejsivimperk.cz\/wp-content\/uploads\/2019\/05\/09\/logo-m\u017ep-300x81.jpg\" alt=\"\" width=\"300\" height=\"81\" srcset=\"https:\/\/zakrasnejsivimperk.cz\/wp-content\/uploads\/2019\/05\/09\/logo-m\u017ep-300x81.jpg 300w, https:\/\/zakrasnejsivimperk.cz\/wp-content\/uploads\/2019\/05\/09\/logo-m\u017ep.jpg 528w\" sizes=\"(max-width: 300px) 100vw, 300px\" \/>Ministerstvo \u017eivotn\u00edho prost\u0159ed\u00ed spustilo p\u0159ed rokem motiva\u010dn\u00ed program Oprav d\u016fm po babi\u010dce. \u010cesk\u00e9 dom\u00e1cnosti dostaly poprv\u00e9 k dispozici unik\u00e1tn\u00ed finan\u010dn\u00ed n\u00e1stroj \u2013 z\u00e1lohovou dotaci kombinovanou s\u00a0v\u00fdhodn\u00fdm \u00fav\u011brem na d\u016fkladn\u00e9 renovace star\u0161\u00edch rodinn\u00fdch dom\u016f. Program z\u00a0rodiny dota\u010dn\u00edch titul\u016f Nov\u00e9 zelen\u00e9 \u00faspor\u00e1m oslovil ji\u017e 5 tis\u00edc dom\u00e1cnost\u00ed, p\u0159ev\u00e1\u017en\u011b mlad\u00fdch rodin, kter\u00e9 si \u0159ekly o v\u00edce ne\u017e 5 miliard korun. Ve srovn\u00e1n\u00ed s\u00a0p\u0159edchoz\u00edm obdob\u00edm se z\u00e1jem o\u00a0podporu hlubok\u00fdch renovac\u00ed rodinn\u00fdch dom\u016f ztrojn\u00e1sobil.<\/b><\/h6>\n<p class=\"-wm-MsoNormal\"><i>\u201eP\u0159i p\u0159\u00edprav\u011b programu Oprav d\u016fm po babi\u010dce jsme sledovali dva hlavn\u00ed c\u00edle: prim\u00e1rn\u011b jsme ho koncipovali jako pomoc mlad\u00fdm \u010desk\u00fdm rodin\u00e1m zajistit si vlastn\u00ed d\u016fstojn\u00e9 a\u00a0sou\u010dasn\u011b \u00fasporn\u00e9 bydlen\u00ed. Z\u00e1rove\u0148 jsme cht\u011bli pln\u011b vyu\u017e\u00edt potenci\u00e1l st\u00e1vaj\u00edc\u00ed z\u00e1stavby a\u00a0zabr\u00e1nit tomu, aby se obce roz\u0161i\u0159ovaly do voln\u00e9 krajiny a aby se kv\u016fli bytov\u00fdm pot\u0159eb\u00e1m zab\u00edrala dal\u0161\u00ed a\u00a0dal\u0161\u00ed zem\u011bd\u011blsk\u00e1 p\u016fda,\u201c\u00a0<\/i>uv\u00e1d\u00ed<i>\u00a0<\/i>ministr \u017eivotn\u00edho prost\u0159ed\u00ed Petr Hlad\u00edk (KDU-\u010cSL).<\/p>\n<p class=\"-wm-MsoNormal\"><i>\u201ePo roce od spu\u0161t\u011bn\u00ed programu evidujeme p\u0159es 5 tis\u00edc \u017e\u00e1dost\u00ed v\u00a0objemu 5 miliard korun, z\u00a0\u010deho\u017e je v\u011bt\u0161ina ji\u017e vyplacena na \u00fa\u010dtech \u017eadatel\u016f. Je vid\u011bt, \u017ee \u017eadatel\u00e9 vyu\u017e\u00edvaj\u00ed plnou v\u00fd\u0161i podpory, tedy p\u0159ibli\u017en\u011b jeden milion korun. Ukazuje se, \u017ee nab\u00eddka p\u0159edfinancov\u00e1n\u00ed projektu kombinac\u00ed z\u00e1lohov\u00e9 dotace a v\u00fdhodn\u00e9ho \u00fav\u011bru byla t\u00edm spr\u00e1vn\u00fdm krokem, kter\u00fd pomohl dom\u00e1cnostem odbourat nej\u010dast\u011bj\u0161\u00ed bari\u00e9ru na cest\u011b k\u00a0\u00fasporn\u011bj\u0161\u00edmu bydlen\u00ed \u2013 nedostatek vlastn\u00edch vstupn\u00edch prost\u0159edk\u016f na n\u00e1kladnou komplexn\u00ed renovaci, generuj\u00edc\u00ed maxim\u00e1ln\u00ed \u00faspory,\u201c<\/i>\u00a0vysv\u011btluje ministr Hlad\u00edk.<\/p>\n<p class=\"-wm-MsoNormal\">Z\u00e1rove\u0148 do\u0161lo k v\u00fdrazn\u00e9mu zv\u00fd\u0161en\u00ed pod\u00edlu komplexn\u00edch renovac\u00ed v\u00a0p\u0159ijat\u00fdch \u017e\u00e1dostech na podporu zateplen\u00ed u rodinn\u00fdch dom\u016f.\u00a0<i>\u201eZat\u00edmco v\u00a0p\u0159edchoz\u00ed etap\u011b programu Nov\u00e1 zelen\u00e1 \u00faspor\u00e1m se jen \u010dtvrtina \u017e\u00e1dost\u00ed o podporu zateplen\u00ed t\u00fdkala komplexn\u00edch renovac\u00ed, v\u00a0nov\u00e9 etap\u011b od z\u00e1\u0159\u00ed 2023 se do hlubok\u00fdch a\u00a0nejv\u00edce \u00fasporn\u00fdch rekonstrukc\u00ed pou\u0161t\u00ed ji\u017e t\u0159i \u010dtvrtiny \u017eadatel\u016f o dotaci na zateplen\u00ed rodinn\u00e9ho domu,\u201c<\/i>\u00a0\u0159\u00edk\u00e1\u00a0\u0159editel St\u00e1tn\u00edho fondu \u017eivotn\u00edho prost\u0159ed\u00ed \u010cR Petr Valdman\u00a0a dod\u00e1v\u00e1:\u00a0<i>\u201eV\u00edce ne\u017e 90 % \u017eadatel\u016f vyu\u017e\u00edv\u00e1 mo\u017enost zahrnout do podporovan\u00e9ho projektu i dal\u0161\u00ed opat\u0159en\u00ed, kter\u00e1 umoc\u0148uj\u00ed v\u00fdsledn\u00fd \u00fasporn\u00fd efekt renovace.\u201c<\/i><\/p>\n<p class=\"-wm-MsoNormal\">V\u00a0programu Oprav d\u016fm po babi\u010dce mohou z\u00edskat ekonomicky aktivn\u00ed majitel\u00e9 rodinn\u00fdch dom\u016f \u010di rekrea\u010dn\u00edch objekt\u016f vyu\u017e\u00edvan\u00fdch k trval\u00e9mu bydlen\u00ed a\u017e jeden milion korun na komplexn\u00ed zateplen\u00ed ob\u00e1lky budovy, a to je\u0161t\u011b p\u0159ed zapo\u010det\u00edm renovace. Dal\u0161\u00ed statis\u00edce korun dostanou nav\u00edc na ekologick\u00e9 zdroje tepla, fotovoltaiku, syst\u00e9my na hospoda\u0159en\u00ed se sr\u00e1\u017ekovou a odpadn\u00ed vodou a dal\u0161\u00ed \u00fasporn\u00e1 a adapta\u010dn\u00ed \u0159e\u0161en\u00ed.<\/p>\n<p class=\"-wm-MsoNormal\">Jedn\u00edm z\u00a0c\u00edl\u016f programu bylo t\u00e9\u017e pomoci dom\u00e1cnostem pe\u010duj\u00edc\u00edm o d\u011bti, kter\u00e9 nejv\u00edce poci\u0165uj\u00ed d\u016fsledky vysok\u00fdch \u017eivotn\u00edch n\u00e1klad\u016f a n\u00edzk\u00e9 dostupnosti hypote\u010dn\u00edch \u00fav\u011br\u016f. Rodinn\u00fd bonus ve v\u00fd\u0161i 50 tis\u00edc korun proto zv\u00fdhod\u0148uje v\u00a0programu ka\u017ed\u00e9 nezaopat\u0159en\u00e9 d\u00edt\u011b \u017eadatele<i>. \u201ePo roce vid\u00edme, \u017ee program se poda\u0159ilo spr\u00e1vn\u011b zac\u00edlit, nebo\u0165 dv\u011b t\u0159etiny \u017e\u00e1dost\u00ed v\u00a0programu Oprav d\u016fm po babi\u010dce p\u0159ich\u00e1zej\u00ed pr\u00e1v\u011b od rodin s\u00a0mal\u00fdmi d\u011btmi,\u201c\u00a0<\/i>vysv\u011btluje Petr Hlad\u00edk.<\/p>\n<p class=\"-wm-MsoNormal\">Dotace vypl\u00e1cen\u00e1 p\u0159ed realizac\u00ed rekonstrukce byla na ja\u0159e leto\u0161n\u00edho roku dopln\u011bna o mo\u017enost z\u00edskat v\u00fdhodn\u00fd \u00fav\u011br od stavebn\u00edch spo\u0159itelen a bank. Unik\u00e1tn\u00ed finan\u010dn\u00ed n\u00e1stroj je v\u00fdsledkem spolupr\u00e1ce st\u00e1tu s\u00a0bankovn\u00edm sektorem a umo\u017e\u0148uje spolufinancovat komplexn\u00ed renovace rodinn\u00fdch dom\u016f za mimo\u0159\u00e1dn\u011b v\u00fdhodn\u00fdch podm\u00ednek, kdy prost\u0159edky na zv\u00fdhodn\u011bn\u00fd \u00fav\u011br rovn\u00fdm d\u00edlem poskytuje St\u00e1tn\u00ed fond \u017eivotn\u00edho prost\u0159ed\u00ed \u010cR bez\u00faro\u010dn\u011b z\u00a0Moderniza\u010dn\u00edho fondu a finan\u010dn\u00ed instituce z\u00a0vlastn\u00edch zdroj\u016f. D\u00edky t\u00e9to kombinaci je\u00a0v\u00fdsledn\u00fd \u00farok polovi\u010dn\u00ed s\u00a0fixac\u00ed minim\u00e1ln\u011b na p\u011bt let. Spo\u0159itelny a banky nav\u00edc pro pot\u0159eby tohoto finan\u010dn\u00edho produktu nepo\u017eaduj\u00ed z\u00e1stavu nemovitosti a nab\u00edzej\u00ed dlouhodobou splatnost.<\/p>\n<p class=\"-wm-MsoNormal\">Zv\u00fdhodn\u011bn\u00fd \u00fav\u011br je poskytov\u00e1n \u00fasp\u011b\u0161n\u00fdm \u017eadatel\u016fm v programu Oprav d\u016fm po babi\u010dce na pokryt\u00ed zp\u016fsobil\u00fdch v\u00fddaj\u016f na renovaci a m\u016f\u017ee dos\u00e1hnout a\u017e dvojn\u00e1sobku schv\u00e1len\u00e9 dotace. Renovovan\u00fd d\u016fm bude v\u00fdrazn\u011b \u00fasporn\u011bj\u0161\u00ed a pen\u00edze u\u0161et\u0159en\u00e9 za energie pomohou dom\u00e1cnostem \u00fav\u011br splatit.<\/p>\n<p class=\"-wm-MsoNormal\"><i>\u201eNejv\u011bt\u0161\u00edm p\u0159\u00ednosem programu Oprav d\u016fm po babi\u010dce je, \u017ee pom\u016f\u017ee i t\u011bm dom\u00e1cnostem, kter\u00e9 se dosud nemohly pustit do renovace kv\u016fli nedostatku vlastn\u00edch vstupn\u00edch zdroj\u016f,\u201c\u00a0<\/i>zd\u016fraz\u0148uje ministr Petr Hlad\u00edk.<i>\u00a0\u201eMy jim nab\u00edz\u00edme \u0159e\u0161en\u00ed, kdy \u010d\u00e1st finan\u010dn\u00edch prost\u0159edk\u016f dostanou \u017eadatel\u00e9 p\u0159edem formou nevratn\u00e9 dotace a zbytek si p\u016fj\u010d\u00ed, ve srovn\u00e1n\u00ed s\u00a0b\u011b\u017en\u00fdmi \u00fav\u011bry, za polovi\u010dn\u00ed \u00farok. D\u016fle\u017eit\u00fd je fakt, \u017ee poskytnut\u00e9 pen\u00edze se vrac\u00ed zp\u011bt st\u00e1tu a\u00a0mohou se tak vyu\u017e\u00edt pro\u00a0dal\u0161\u00ed\u00a0renovace,\u201c\u00a0<\/i>uzav\u00edr\u00e1 ministr.<\/p>\n<p class=\"-wm-MsoNormal\">Program Oprav d\u016fm po babi\u010dce je od z\u00e1\u0159\u00ed 2023 sou\u010d\u00e1st\u00ed nejefektivn\u011bj\u0161\u00edho a nejd\u00e9le trvaj\u00edc\u00edho dota\u010dn\u00edho programu Nov\u00e1 zelen\u00e1 \u00faspor\u00e1m ur\u010den\u00e9ho na podporu energetick\u00fdch \u00faspor v rodinn\u00fdch a bytov\u00fdch domech. V programu Nov\u00e1 zelen\u00e1 \u00faspor\u00e1m bylo od roku 2021 podpo\u0159eno ji\u017e v\u00edce ne\u017e \u010dtvrt milionu projekt\u016f \u010d\u00e1stkou p\u0159esahuj\u00edc\u00ed 52 miliard korun z N\u00e1rodn\u00edho pl\u00e1nu obnovy a Moderniza\u010dn\u00edho fondu.<\/p>\n<h6 class=\"-wm-MsoNormal\"><a href=\"https:\/\/novazelenausporam.cz\/predstaveni-oprav-dum\/\" target=\"_blank\" rel=\"noopener\">Program Oprav d\u016fm po babi\u010dce<\/a><\/h6>\n<p><img loading=\"lazy\" decoding=\"async\" class=\"aligncenter wp-image-324026 size-full\" src=\"https:\/\/zakrasnejsivimperk.cz\/wp-content\/uploads\/2024\/10\/02\/oprav-dum.png\" alt=\"\" width=\"605\" height=\"403\" srcset=\"https:\/\/zakrasnejsivimperk.cz\/wp-content\/uploads\/2024\/10\/02\/oprav-dum.png 605w, https:\/\/zakrasnejsivimperk.cz\/wp-content\/uploads\/2024\/10\/02\/oprav-dum-300x200.png 300w, https:\/\/zakrasnejsivimperk.cz\/wp-content\/uploads\/2024\/10\/02\/oprav-dum-536x357.png 536w\" sizes=\"(max-width: 605px) 100vw, 605px\" \/><\/p>\n<p><strong>(tz-m\u017ep)<\/strong><\/p>\n<hr \/>\n<p>&nbsp;<\/p>\n<h6>Informujeme:<\/h6>\n<h4 class=\"entry-title\"><a href=\"https:\/\/zakrasnejsivimperk.cz\/?p=323961\" target=\"_blank\" rel=\"noopener\">Hospoda\u0159en\u00ed vl\u00e1dn\u00edch instituc\u00ed z\u016fstalo ve 2. \u010dtvrtlet\u00ed v deficitu<\/a><\/h4>\n<h4 class=\"entry-title\"><a href=\"https:\/\/zakrasnejsivimperk.cz\/?p=323952\" target=\"_blank\" rel=\"noopener\">Nad\u011bje do\u017eit\u00ed loni p\u0159ekonala p\u0159edpandemickou \u00farove\u0148<\/a><\/h4>\n<h4 class=\"entry-title\"><a href=\"https:\/\/zakrasnejsivimperk.cz\/?p=323948\" target=\"_blank\" rel=\"noopener\">Saldo hospoda\u0159en\u00ed vl\u00e1dn\u00edch instituc\u00ed za rok 2023 skon\u010dilo v deficitu<\/a><\/h4>\n<h4 class=\"entry-title\"><a href=\"https:\/\/zakrasnejsivimperk.cz\/?p=323939\" target=\"_blank\" rel=\"noopener\">P\u0158E\u010cT\u011aTE SI U N\u00c1S: Den\u00edk Metro \u2013 2. \u0159\u00edjna 2024<\/a><\/h4>\n<h4 class=\"entry-title\"><a href=\"https:\/\/zakrasnejsivimperk.cz\/?p=323900\" target=\"_blank\" rel=\"noopener\">Odbor\u00e1\u0159i budou jednat s vl\u00e1dou o navy\u0161ov\u00e1n\u00ed plat\u016f od 1. 1. 2025 ve ve\u0159ejn\u00e9 spr\u00e1v\u011b a sf\u00e9\u0159e<\/a><\/h4>\n<h4 class=\"entry-title\"><a href=\"https:\/\/zakrasnejsivimperk.cz\/?p=323879\" target=\"_blank\" rel=\"noopener\">Pr\u016fzkum z NP \u0160umava: 8 z 10 obyvatel n\u00e1rodn\u00edho parku se pova\u017euje za milovn\u00edka \u0161umavsk\u00e9 p\u0159\u00edrody a 66 % obyvatel si mysl\u00ed, \u017ee turismus m\u00e1 pozitivn\u00ed dopad na region<\/a><\/h4>\n<h4 class=\"entry-title\"><a href=\"https:\/\/zakrasnejsivimperk.cz\/?p=323858\" target=\"_blank\" rel=\"noopener\">Program Digit\u00e1ln\u00ed odysea pom\u00e1h\u00e1 zdarma senior\u016fm vyznat se v online sv\u011bt\u011b. V \u010cesku ho vyu\u017eilo u\u017e p\u0159es 50 tis\u00edc lid\u00ed<\/a><\/h4>\n<h4 class=\"entry-title\"><a href=\"https:\/\/zakrasnejsivimperk.cz\/?p=323816\" target=\"_blank\" rel=\"noopener\">Kulturn\u00ed a informa\u010dn\u00ed slu\u017eby m\u011bsta Prachatice zah\u00e1jily prodej vstupenek<\/a><\/h4>\n<h4 class=\"entry-title\"><a href=\"https:\/\/zakrasnejsivimperk.cz\/?p=323808\" target=\"_blank\" rel=\"noopener\">Spot\u0159eba\u202fdom\u00e1cnost\u00ed\u202fmezi\u010dtvrtletn\u011b\u202fstoupla\u202fo\u202f0,8\u202f%<\/a><\/h4>\n<hr \/>\n<p>&nbsp;<\/p>\n","protected":false},"excerpt":{"rendered":"<p>Ministerstvo \u017eivotn\u00edho <\/p>\n","protected":false},"author":2,"featured_media":324027,"comment_status":"open","ping_status":"open","sticky":false,"template":"","format":"gallery","meta":{"footnotes":""},"categories":[70],"tags":[],"jetpack_featured_media_url":"https:\/\/zakrasnejsivimperk.cz\/wp-content\/uploads\/2024\/10\/02\/z-ruky-mzp.jpg","_links":{"self":[{"href":"https:\/\/zakrasnejsivimperk.cz\/index.php?rest_route=\/wp\/v2\/posts\/324025"}],"collection":[{"href":"https:\/\/zakrasnejsivimperk.cz\/index.php?rest_route=\/wp\/v2\/posts"}],"about":[{"href":"https:\/\/zakrasnejsivimperk.cz\/index.php?rest_route=\/wp\/v2\/types\/post"}],"author":[{"embeddable":true,"href":"https:\/\/zakrasnejsivimperk.cz\/index.php?rest_route=\/wp\/v2\/users\/2"}],"replies":[{"embeddable":true,"href":"https:\/\/zakrasnejsivimperk.cz\/index.php?rest_route=%2Fwp%2Fv2%2Fcomments&post=324025"}],"version-history":[{"count":1,"href":"https:\/\/zakrasnejsivimperk.cz\/index.php?rest_route=\/wp\/v2\/posts\/324025\/revisions"}],"predecessor-version":[{"id":324028,"href":"https:\/\/zakrasnejsivimperk.cz\/index.php?rest_route=\/wp\/v2\/posts\/324025\/revisions\/324028"}],"wp:featuredmedia":[{"embeddable":true,"href":"https:\/\/zakrasnejsivimperk.cz\/index.php?rest_route=\/wp\/v2\/media\/324027"}],"wp:attachment":[{"href":"https:\/\/zakrasnejsivimperk.cz\/index.php?rest_route=%2Fwp%2Fv2%2Fmedia&parent=324025"}],"wp:term":[{"taxonomy":"category","embeddable":true,"href":"https:\/\/zakrasnejsivimperk.cz\/index.php?rest_route=%2Fwp%2Fv2%2Fcategories&post=324025"},{"taxonomy":"post_tag","embeddable":true,"href":"https:\/\/zakrasnejsivimperk.cz\/index.php?rest_route=%2Fwp%2Fv2%2Ftags&post=324025"}],"curies":[{"name":"wp","href":"https:\/\/api.w.org\/{rel}","templated":true}]}}