{"id":323961,"date":"2024-10-02T10:37:44","date_gmt":"2024-10-02T09:37:44","guid":{"rendered":"https:\/\/zakrasnejsivimperk.cz\/?p=323961"},"modified":"2024-10-02T10:37:44","modified_gmt":"2024-10-02T09:37:44","slug":"z-prvni-ruky-hospodareni-vladnich-instituci-zustalo-ve-2-ctvrtleti-v-deficitu","status":"publish","type":"post","link":"https:\/\/zakrasnejsivimperk.cz\/?p=323961","title":{"rendered":"Z PRVN\u00cd RUKY: Hospoda\u0159en\u00ed vl\u00e1dn\u00edch instituc\u00ed z\u016fstalo ve 2. \u010dtvrtlet\u00ed v deficitu"},"content":{"rendered":"<h6><img loading=\"lazy\" decoding=\"async\" class=\"size-medium wp-image-219756 alignleft\" src=\"https:\/\/zakrasnejsivimperk.cz\/wp-content\/uploads\/2021\/03\/29\/\u010ds\u00fa-logo-300x81.png\" alt=\"\" width=\"300\" height=\"81\" srcset=\"https:\/\/zakrasnejsivimperk.cz\/wp-content\/uploads\/2021\/03\/29\/\u010ds\u00fa-logo-300x81.png 300w, https:\/\/zakrasnejsivimperk.cz\/wp-content\/uploads\/2021\/03\/29\/\u010ds\u00fa-logo-768x208.png 768w, https:\/\/zakrasnejsivimperk.cz\/wp-content\/uploads\/2021\/03\/29\/\u010ds\u00fa-logo-1024x277.png 1024w, https:\/\/zakrasnejsivimperk.cz\/wp-content\/uploads\/2021\/03\/29\/\u010ds\u00fa-logo.png 1280w\" sizes=\"(max-width: 300px) 100vw, 300px\" \/>Saldo hospoda\u0159en\u00ed sektoru vl\u00e1dn\u00edch instituc\u00ed skon\u010dilo ve\u202fdruh\u00e9m \u010dtvrtlet\u00ed roku 2024 v\u202fdeficitu odpov\u00eddaj\u00edc\u00edmu \u00farovni 0,2 % HDP. M\u00edra zadlu\u017een\u00ed sektoru vl\u00e1dn\u00edch instituc\u00ed dos\u00e1hla 42,6 % HDP.<\/h6>\n<p><em>\u201eVe druh\u00e9m \u010dtvrtlet\u00ed roku 2024 vl\u00e1dn\u00ed instituce hospoda\u0159ily se schodkem ve v\u00fd\u0161i 3,5 mld. K\u010d, co\u017e v\u202frelativn\u00edm vyj\u00e1d\u0159en\u00ed p\u0159edstavovalo 0,2 % HDP. Relativn\u00ed m\u00edra zadlu\u017een\u00ed sektoru vl\u00e1dn\u00edch instituc\u00ed se meziro\u010dn\u011b nezm\u011bnila a z\u016fstala na \u00farovni 42,6 % HDP,\u201c\u00a0<\/em>uvedla Helena Hou\u017evi\u010dkov\u00e1, \u0159editelka odboru vl\u00e1dn\u00edch a\u202ffinan\u010dn\u00edch \u00fa\u010dt\u016f \u010cS\u00da.<\/p>\n<p>Podrobnosti: <a href=\"https:\/\/csu.gov.cz\/rychle-informace\/deficit-a-dluh-vladnich-instituci-2-ctvrtleti-2024\" target=\"_blank\" rel=\"noopener\"><strong>https:\/\/csu.gov.cz\/rychle-informace\/deficit-a-dluh-vladnich-instituci-2-ctvrtleti-2024<\/strong><\/a><\/p>\n<p><strong>(tz-\u010ds\u00fa)<\/strong><\/p>\n<hr \/>\n<p>&nbsp;<\/p>\n<h6>Informujeme:<\/h6>\n<h4 class=\"entry-title\"><a href=\"https:\/\/zakrasnejsivimperk.cz\/?p=323952\" target=\"_blank\" rel=\"noopener\">Nad\u011bje do\u017eit\u00ed loni p\u0159ekonala p\u0159edpandemickou \u00farove\u0148<\/a><\/h4>\n<h4 class=\"entry-title\"><a href=\"https:\/\/zakrasnejsivimperk.cz\/?p=323948\" target=\"_blank\" rel=\"noopener\">Saldo hospoda\u0159en\u00ed vl\u00e1dn\u00edch instituc\u00ed za rok 2023 skon\u010dilo v deficitu<\/a><\/h4>\n<h4 class=\"entry-title\"><a href=\"https:\/\/zakrasnejsivimperk.cz\/?p=323939\" target=\"_blank\" rel=\"noopener\">P\u0158E\u010cT\u011aTE SI U N\u00c1S: Den\u00edk Metro \u2013 2. \u0159\u00edjna 2024<\/a><\/h4>\n<h4 class=\"entry-title\"><a href=\"https:\/\/zakrasnejsivimperk.cz\/?p=323900\" target=\"_blank\" rel=\"noopener\">Odbor\u00e1\u0159i budou jednat s vl\u00e1dou o navy\u0161ov\u00e1n\u00ed plat\u016f od 1. 1. 2025 ve ve\u0159ejn\u00e9 spr\u00e1v\u011b a sf\u00e9\u0159e<\/a><\/h4>\n<h4 class=\"entry-title\"><a href=\"https:\/\/zakrasnejsivimperk.cz\/?p=323879\" target=\"_blank\" rel=\"noopener\">Pr\u016fzkum z NP \u0160umava: 8 z 10 obyvatel n\u00e1rodn\u00edho parku se pova\u017euje za milovn\u00edka \u0161umavsk\u00e9 p\u0159\u00edrody a 66 % obyvatel si mysl\u00ed, \u017ee turismus m\u00e1 pozitivn\u00ed dopad na region<\/a><\/h4>\n<h4 class=\"entry-title\"><a href=\"https:\/\/zakrasnejsivimperk.cz\/?p=323858\" target=\"_blank\" rel=\"noopener\">Program Digit\u00e1ln\u00ed odysea pom\u00e1h\u00e1 zdarma senior\u016fm vyznat se v online sv\u011bt\u011b. V \u010cesku ho vyu\u017eilo u\u017e p\u0159es 50 tis\u00edc lid\u00ed<\/a><\/h4>\n<h4 class=\"entry-title\"><a href=\"https:\/\/zakrasnejsivimperk.cz\/?p=323816\" target=\"_blank\" rel=\"noopener\">Kulturn\u00ed a informa\u010dn\u00ed slu\u017eby m\u011bsta Prachatice zah\u00e1jily prodej vstupenek<\/a><\/h4>\n<h4 class=\"entry-title\"><a href=\"https:\/\/zakrasnejsivimperk.cz\/?p=323808\" target=\"_blank\" rel=\"noopener\">Spot\u0159eba\u202fdom\u00e1cnost\u00ed\u202fmezi\u010dtvrtletn\u011b\u202fstoupla\u202fo\u202f0,8\u202f%<\/a><\/h4>\n<hr \/>\n<p>&nbsp;<\/p>\n","protected":false},"excerpt":{"rendered":"<p>Saldo hospoda\u0159en\u00ed <\/p>\n","protected":false},"author":2,"featured_media":323962,"comment_status":"open","ping_status":"open","sticky":false,"template":"","format":"gallery","meta":{"footnotes":""},"categories":[70],"tags":[],"jetpack_featured_media_url":"https:\/\/zakrasnejsivimperk.cz\/wp-content\/uploads\/2024\/10\/02\/z-ruky-hospodareni.jpg","_links":{"self":[{"href":"https:\/\/zakrasnejsivimperk.cz\/index.php?rest_route=\/wp\/v2\/posts\/323961"}],"collection":[{"href":"https:\/\/zakrasnejsivimperk.cz\/index.php?rest_route=\/wp\/v2\/posts"}],"about":[{"href":"https:\/\/zakrasnejsivimperk.cz\/index.php?rest_route=\/wp\/v2\/types\/post"}],"author":[{"embeddable":true,"href":"https:\/\/zakrasnejsivimperk.cz\/index.php?rest_route=\/wp\/v2\/users\/2"}],"replies":[{"embeddable":true,"href":"https:\/\/zakrasnejsivimperk.cz\/index.php?rest_route=%2Fwp%2Fv2%2Fcomments&post=323961"}],"version-history":[{"count":1,"href":"https:\/\/zakrasnejsivimperk.cz\/index.php?rest_route=\/wp\/v2\/posts\/323961\/revisions"}],"predecessor-version":[{"id":323963,"href":"https:\/\/zakrasnejsivimperk.cz\/index.php?rest_route=\/wp\/v2\/posts\/323961\/revisions\/323963"}],"wp:featuredmedia":[{"embeddable":true,"href":"https:\/\/zakrasnejsivimperk.cz\/index.php?rest_route=\/wp\/v2\/media\/323962"}],"wp:attachment":[{"href":"https:\/\/zakrasnejsivimperk.cz\/index.php?rest_route=%2Fwp%2Fv2%2Fmedia&parent=323961"}],"wp:term":[{"taxonomy":"category","embeddable":true,"href":"https:\/\/zakrasnejsivimperk.cz\/index.php?rest_route=%2Fwp%2Fv2%2Fcategories&post=323961"},{"taxonomy":"post_tag","embeddable":true,"href":"https:\/\/zakrasnejsivimperk.cz\/index.php?rest_route=%2Fwp%2Fv2%2Ftags&post=323961"}],"curies":[{"name":"wp","href":"https:\/\/api.w.org\/{rel}","templated":true}]}}