{"id":323948,"date":"2024-10-02T10:14:51","date_gmt":"2024-10-02T09:14:51","guid":{"rendered":"https:\/\/zakrasnejsivimperk.cz\/?p=323948"},"modified":"2024-10-02T10:16:31","modified_gmt":"2024-10-02T09:16:31","slug":"z-prvni-ruky-saldo-hospodareni-vladnich-instituci-za-rok-2023-skoncilo-v-deficitu","status":"publish","type":"post","link":"https:\/\/zakrasnejsivimperk.cz\/?p=323948","title":{"rendered":"Z PRVN\u00cd RUKY: Saldo hospoda\u0159en\u00ed vl\u00e1dn\u00edch instituc\u00ed za rok 2023 skon\u010dilo v deficitu"},"content":{"rendered":"<h6><b><img loading=\"lazy\" decoding=\"async\" class=\"size-medium wp-image-219756 alignleft\" src=\"https:\/\/zakrasnejsivimperk.cz\/wp-content\/uploads\/2021\/03\/29\/\u010ds\u00fa-logo-300x81.png\" alt=\"\" width=\"300\" height=\"81\" srcset=\"https:\/\/zakrasnejsivimperk.cz\/wp-content\/uploads\/2021\/03\/29\/\u010ds\u00fa-logo-300x81.png 300w, https:\/\/zakrasnejsivimperk.cz\/wp-content\/uploads\/2021\/03\/29\/\u010ds\u00fa-logo-768x208.png 768w, https:\/\/zakrasnejsivimperk.cz\/wp-content\/uploads\/2021\/03\/29\/\u010ds\u00fa-logo-1024x277.png 1024w, https:\/\/zakrasnejsivimperk.cz\/wp-content\/uploads\/2021\/03\/29\/\u010ds\u00fa-logo.png 1280w\" sizes=\"(max-width: 300px) 100vw, 300px\" \/>Saldo hospoda\u0159en\u00ed sektoru vl\u00e1dn\u00edch instituc\u00ed skon\u010dilo za rok 2023 schodkem ve v\u00fd\u0161i 3,8 % HDP. V\u00fd\u0161e zadlu\u017een\u00ed sektoru dos\u00e1hla na konci roku 2023 \u00farovn\u011b 42,4 % HDP, p\u0159i meziro\u010dn\u00edm poklesu o\u202f0,1\u202fprocentn\u00edho bodu (p. b.).<\/b><\/h6>\n<p><i>\u201eSaldo hospoda\u0159en\u00ed vl\u00e1dn\u00edch instituc\u00ed za rok 2023 se oproti jarn\u00edm notifikac\u00edm zhor\u0161ilo o 0,1 p. b., a skon\u010dilo v\u202fdeficitu 3,8 % HDP, p\u0159edev\u0161\u00edm v d\u016fsledku aktualizovan\u00fdch informac\u00ed o dani z p\u0159\u00edjmu pr\u00e1vnick\u00fdch osob. Relativn\u00ed v\u00fd\u0161e dluhu poklesla na \u00farove\u0148 42,4 % HDP,\u201c\u00a0<\/i>uvedla Helena Hou\u017evi\u010dkov\u00e1, \u0159editelka odboru vl\u00e1dn\u00edch a finan\u010dn\u00edch \u00fa\u010dt\u016f \u010cS\u00da.<\/p>\n<p>Podrobnosti: <strong><u><a id=\"-wm-OWAd78a2063-9193-5a6c-2253-ea00b2fb888b\" class=\"-wm-OWAAutoLink\" href=\"https:\/\/csu.gov.cz\/rychle-informace\/notifikace-deficitu-a-dluhu-vladnich-instituci-2023-druhe-notifikace-udaje-zaslane-eurostatu\" target=\"_blank\" rel=\"noopener\">https:\/\/csu.gov.cz\/rychle-informace\/notifikace-deficitu-a-dluhu-vladnich-instituci-2023-druhe-notifikace-udaje-zaslane-eurostatu<\/a><\/u><\/strong><\/p>\n<p><strong>(tz-\u010ds\u00fa)<\/strong><\/p>\n<hr \/>\n<p>&nbsp;<\/p>\n<h6>Informujeme:<\/h6>\n<h4 class=\"entry-title\"><a href=\"https:\/\/zakrasnejsivimperk.cz\/?p=323939\" target=\"_blank\" rel=\"noopener\">P\u0158E\u010cT\u011aTE SI U N\u00c1S: Den\u00edk Metro \u2013 2. \u0159\u00edjna 2024<\/a><\/h4>\n<h4 class=\"entry-title\"><a href=\"https:\/\/zakrasnejsivimperk.cz\/?p=323900\" target=\"_blank\" rel=\"noopener\">Odbor\u00e1\u0159i budou jednat s vl\u00e1dou o navy\u0161ov\u00e1n\u00ed plat\u016f od 1. 1. 2025 ve ve\u0159ejn\u00e9 spr\u00e1v\u011b a sf\u00e9\u0159e<\/a><\/h4>\n<h4 class=\"entry-title\"><a href=\"https:\/\/zakrasnejsivimperk.cz\/?p=323879\" target=\"_blank\" rel=\"noopener\">Pr\u016fzkum z NP \u0160umava: 8 z 10 obyvatel n\u00e1rodn\u00edho parku se pova\u017euje za milovn\u00edka \u0161umavsk\u00e9 p\u0159\u00edrody a 66 % obyvatel si mysl\u00ed, \u017ee turismus m\u00e1 pozitivn\u00ed dopad na region<\/a><\/h4>\n<h4 class=\"entry-title\"><a href=\"https:\/\/zakrasnejsivimperk.cz\/?p=323858\" target=\"_blank\" rel=\"noopener\">Program Digit\u00e1ln\u00ed odysea pom\u00e1h\u00e1 zdarma senior\u016fm vyznat se v online sv\u011bt\u011b. V \u010cesku ho vyu\u017eilo u\u017e p\u0159es 50 tis\u00edc lid\u00ed<\/a><\/h4>\n<h4 class=\"entry-title\"><a href=\"https:\/\/zakrasnejsivimperk.cz\/?p=323816\" target=\"_blank\" rel=\"noopener\">Kulturn\u00ed a informa\u010dn\u00ed slu\u017eby m\u011bsta Prachatice zah\u00e1jily prodej vstupenek<\/a><\/h4>\n<h4 class=\"entry-title\"><a href=\"https:\/\/zakrasnejsivimperk.cz\/?p=323808\" target=\"_blank\" rel=\"noopener\">Spot\u0159eba\u202fdom\u00e1cnost\u00ed\u202fmezi\u010dtvrtletn\u011b\u202fstoupla\u202fo\u202f0,8\u202f%<\/a><\/h4>\n<hr \/>\n<p>&nbsp;<\/p>\n","protected":false},"excerpt":{"rendered":"<p>Saldo hospoda\u0159en\u00ed <\/p>\n","protected":false},"author":2,"featured_media":323950,"comment_status":"open","ping_status":"open","sticky":false,"template":"","format":"gallery","meta":{"footnotes":""},"categories":[70],"tags":[],"jetpack_featured_media_url":"https:\/\/zakrasnejsivimperk.cz\/wp-content\/uploads\/2024\/10\/02\/z-ruky-saldo.jpg","_links":{"self":[{"href":"https:\/\/zakrasnejsivimperk.cz\/index.php?rest_route=\/wp\/v2\/posts\/323948"}],"collection":[{"href":"https:\/\/zakrasnejsivimperk.cz\/index.php?rest_route=\/wp\/v2\/posts"}],"about":[{"href":"https:\/\/zakrasnejsivimperk.cz\/index.php?rest_route=\/wp\/v2\/types\/post"}],"author":[{"embeddable":true,"href":"https:\/\/zakrasnejsivimperk.cz\/index.php?rest_route=\/wp\/v2\/users\/2"}],"replies":[{"embeddable":true,"href":"https:\/\/zakrasnejsivimperk.cz\/index.php?rest_route=%2Fwp%2Fv2%2Fcomments&post=323948"}],"version-history":[{"count":2,"href":"https:\/\/zakrasnejsivimperk.cz\/index.php?rest_route=\/wp\/v2\/posts\/323948\/revisions"}],"predecessor-version":[{"id":323953,"href":"https:\/\/zakrasnejsivimperk.cz\/index.php?rest_route=\/wp\/v2\/posts\/323948\/revisions\/323953"}],"wp:featuredmedia":[{"embeddable":true,"href":"https:\/\/zakrasnejsivimperk.cz\/index.php?rest_route=\/wp\/v2\/media\/323950"}],"wp:attachment":[{"href":"https:\/\/zakrasnejsivimperk.cz\/index.php?rest_route=%2Fwp%2Fv2%2Fmedia&parent=323948"}],"wp:term":[{"taxonomy":"category","embeddable":true,"href":"https:\/\/zakrasnejsivimperk.cz\/index.php?rest_route=%2Fwp%2Fv2%2Fcategories&post=323948"},{"taxonomy":"post_tag","embeddable":true,"href":"https:\/\/zakrasnejsivimperk.cz\/index.php?rest_route=%2Fwp%2Fv2%2Ftags&post=323948"}],"curies":[{"name":"wp","href":"https:\/\/api.w.org\/{rel}","templated":true}]}}