{"id":323816,"date":"2024-10-01T10:15:29","date_gmt":"2024-10-01T09:15:29","guid":{"rendered":"https:\/\/zakrasnejsivimperk.cz\/?p=323816"},"modified":"2024-10-01T10:22:59","modified_gmt":"2024-10-01T09:22:59","slug":"aktualne-kulturni-a-informacni-sluzby-mesta-prachatice-zahajily-prodej-vstupenek","status":"publish","type":"post","link":"https:\/\/zakrasnejsivimperk.cz\/?p=323816","title":{"rendered":"AKTU\u00c1LN\u011a: Kulturn\u00ed a informa\u010dn\u00ed slu\u017eby m\u011bsta Prachatice zah\u00e1jily prodej vstupenek"},"content":{"rendered":"<h6 class=\"-wm-elementToProof\">Aktu\u00e1ln\u011b jsme zah\u00e1jili prodej vstupenek na dv\u011b listopadov\u00e9 akce, kter\u00e9 byste rozhodn\u011b nem\u011bli minout.<\/h6>\n<div class=\"-wm-elementToProof\"><\/div>\n<h6 class=\"-wm-elementToProof\"><b>21. listopadu:<a id=\"-wm-LPlnk180949\" title=\"https:\/\/www.kisprachatice.cz\/karel%2Djaromir%2Derben%2Dkytice\/a-4852\" href=\"https:\/\/www.kisprachatice.cz\/karel-jaromir-erben-kytice\/a-4852\" target=\"_blank\" rel=\"noopener\">\u00a0K. J. Erben: KYTICE<\/a><\/b><\/h6>\n<div class=\"-wm-elementToProof\">Nejzn\u00e1m\u011bj\u0161\u00ed sb\u00edrka b\u00e1sn\u00ed Karla Jarom\u00edra Erbena inspirov\u00e1na z n\u00e1rodn\u00edch tradic, b\u00e1j\u00ed a pov\u011bst\u00ed v pod\u00e1n\u00ed Metropolitn\u00edho divadla Praha.<\/div>\n<div class=\"-wm-elementToProof\">Vstupn\u00e9:<a id=\"-wm-LPlnk455712\" title=\"http:\/\/vstupenky.kisprachatice.cz\/prachatice\/General\/List\/TitleDetail\/2367\" href=\"http:\/\/vstupenky.kisprachatice.cz\/prachatice\/General\/List\/TitleDetail\/2367\" target=\"_blank\" rel=\"noopener\">\u00a0<strong>300,- p\u0159edprodej<\/strong><\/a>\u00a0\/ 350,- na m\u00edst\u011b<\/div>\n<div class=\"-wm-elementToProof\">Studenti po p\u0159edlo\u017een\u00ed ISIC karty nebo studentsk\u00e9ho pr\u016fkazu a d\u011bti do 15 let &#8211; 200,- (pouze na IC nebo pokladn\u011b divadla)<\/div>\n<div><\/div>\n<div><\/div>\n<div><\/div>\n<h6 class=\"-wm-elementToProof\"><strong>24<\/strong>.<b> listopadu:\u00a0<a id=\"-wm-LPlnk312417\" title=\"https:\/\/www.kisprachatice.cz\/zakrok\/a-5187\" href=\"https:\/\/www.kisprachatice.cz\/zakrok\/a-5187\" target=\"_blank\" rel=\"noopener\">Z\u00c1KROK<\/a><\/b><a title=\"https:\/\/www.kisprachatice.cz\/zakrok\/a-5187\" href=\"https:\/\/www.kisprachatice.cz\/zakrok\/a-5187\" target=\"_blank\" rel=\"noopener\">\u00a0<\/a><\/h6>\n<div class=\"-wm-elementToProof\">Vzpom\u00ednka na poh\u00e1dkov\u00e1 osmdes\u00e1t\u00e1 aneb Hra za oponou.<\/div>\n<div id=\"-wm-Signature\" class=\"-wm-elementToProof\">\n<div>Obl\u00edben\u00e1 Poh\u00e1dkov\u00e1 rezervace v \u010dele s panem Pt\u00e1\u010dkem op\u011bt na prknech prachatick\u00e9ho M\u011bstsk\u00e9ho divadla. Tentokr\u00e1t v nov\u00e9m nastudov\u00e1n\u00ed obl\u00edben\u00e9ho rodinn\u00e9ho p\u0159edstaven\u00ed Z\u00e1krok.<\/div>\n<div>Vstupn\u00e9:\u00a0<a title=\"http:\/\/vstupenky.kisprachatice.cz\/prachatice\/General\/List\/TitleDetail\/1524\" href=\"http:\/\/vstupenky.kisprachatice.cz\/prachatice\/General\/List\/TitleDetail\/1524\" target=\"_blank\" rel=\"noopener\"><strong>250<\/strong>,-<\/a><\/div>\n<\/div>\n<div><\/div>\n<div><\/div>\n<div>\n<p>&nbsp;<\/p>\n<p><strong>V\u011bra Hou\u0161kov\u00e1,\u00a0\u0159editelka Kulturn\u00edch a informa\u010dn\u00edch slu\u017eeb m\u011bsta Prachatice<\/strong><\/p>\n<\/div>\n<hr \/>\n<div><\/div>\n<div><\/div>\n<div>\n<h6><\/h6>\n<h6>Informujeme:<\/h6>\n<h4 class=\"entry-title\"><a href=\"https:\/\/zakrasnejsivimperk.cz\/?p=323808\" target=\"_blank\" rel=\"noopener\">Spot\u0159eba\u202fdom\u00e1cnost\u00ed\u202fmezi\u010dtvrtletn\u011b\u202fstoupla\u202fo\u202f0,8\u202f%<\/a><\/h4>\n<h4><a href=\"https:\/\/zakrasnejsivimperk.cz\/?p=323799\" target=\"_blank\" rel=\"noopener\">P\u0158E\u010cT\u011aTE SI U N\u00c1S: Den\u00edk Metro \u2013 1. \u0159\u00edjna 2024<\/a><\/h4>\n<h4 class=\"entry-title\"><a href=\"https:\/\/zakrasnejsivimperk.cz\/?p=323732\" target=\"_blank\" rel=\"noopener\">Nov\u00ed dr\u017eitel\u00e9 zna\u010dky kvality Region\u00e1ln\u00ed potravina Jiho\u010desk\u00e9ho kraje<\/a><\/h4>\n<h4 class=\"entry-title\"><a href=\"https:\/\/zakrasnejsivimperk.cz\/?p=323727\" target=\"_blank\" rel=\"noopener\">V Jiho\u010desk\u00e9m kraji bylo k 39. t\u00fddnu potvrzeno 2 894 p\u0159\u00edpad\u016f \u010dern\u00e9ho ka\u0161le, p\u0159ib\u00fdv\u00e1 sp\u00ed\u0161e mezi dosp\u011bl\u00fdmi<\/a><\/h4>\n<h4 class=\"entry-title\"><a href=\"https:\/\/zakrasnejsivimperk.cz\/?p=323703\" target=\"_blank\" rel=\"noopener\">D\u00e1lni\u010dn\u00ed s\u00ed\u0165 se rozroste o sto kilometr\u016f, cena d\u00e1lni\u010dn\u00ed zn\u00e1mky se od p\u0159\u00ed\u0161t\u00edho roku zm\u011bn\u00ed<\/a><\/h4>\n<h4 class=\"entry-title\"><a href=\"https:\/\/zakrasnejsivimperk.cz\/?p=323662\" target=\"_blank\" rel=\"noopener\">Celkov\u00e9 environment\u00e1ln\u00ed v\u00fddaje loni p\u0159es\u00e1hly 130 miliard<\/a><\/h4>\n<h4 class=\"entry-title\"><a href=\"https:\/\/zakrasnejsivimperk.cz\/?p=323659\" target=\"_blank\" rel=\"noopener\">Nedostatky z d\u0159\u00edv\u011bj\u0161\u00edch kontrol NK\u00da se Ministerstvu obrany nepoda\u0159ilo zcela napravit. Z 11 opat\u0159en\u00ed nebyla \u010dty\u0159i spln\u011bna v\u016fbec a dal\u0161\u00ed dv\u011b jen \u010d\u00e1ste\u010dn\u011b<\/a><\/h4>\n<hr \/>\n<p>&nbsp;<\/p>\n<\/div>\n","protected":false},"excerpt":{"rendered":"<p>Aktu\u00e1ln\u011b jsme <\/p>\n","protected":false},"author":2,"featured_media":323826,"comment_status":"open","ping_status":"open","sticky":false,"template":"","format":"gallery","meta":{"footnotes":""},"categories":[179],"tags":[],"jetpack_featured_media_url":"https:\/\/zakrasnejsivimperk.cz\/wp-content\/uploads\/2024\/10\/01\/nove-kis.jpg","_links":{"self":[{"href":"https:\/\/zakrasnejsivimperk.cz\/index.php?rest_route=\/wp\/v2\/posts\/323816"}],"collection":[{"href":"https:\/\/zakrasnejsivimperk.cz\/index.php?rest_route=\/wp\/v2\/posts"}],"about":[{"href":"https:\/\/zakrasnejsivimperk.cz\/index.php?rest_route=\/wp\/v2\/types\/post"}],"author":[{"embeddable":true,"href":"https:\/\/zakrasnejsivimperk.cz\/index.php?rest_route=\/wp\/v2\/users\/2"}],"replies":[{"embeddable":true,"href":"https:\/\/zakrasnejsivimperk.cz\/index.php?rest_route=%2Fwp%2Fv2%2Fcomments&post=323816"}],"version-history":[{"count":12,"href":"https:\/\/zakrasnejsivimperk.cz\/index.php?rest_route=\/wp\/v2\/posts\/323816\/revisions"}],"predecessor-version":[{"id":323837,"href":"https:\/\/zakrasnejsivimperk.cz\/index.php?rest_route=\/wp\/v2\/posts\/323816\/revisions\/323837"}],"wp:featuredmedia":[{"embeddable":true,"href":"https:\/\/zakrasnejsivimperk.cz\/index.php?rest_route=\/wp\/v2\/media\/323826"}],"wp:attachment":[{"href":"https:\/\/zakrasnejsivimperk.cz\/index.php?rest_route=%2Fwp%2Fv2%2Fmedia&parent=323816"}],"wp:term":[{"taxonomy":"category","embeddable":true,"href":"https:\/\/zakrasnejsivimperk.cz\/index.php?rest_route=%2Fwp%2Fv2%2Fcategories&post=323816"},{"taxonomy":"post_tag","embeddable":true,"href":"https:\/\/zakrasnejsivimperk.cz\/index.php?rest_route=%2Fwp%2Fv2%2Ftags&post=323816"}],"curies":[{"name":"wp","href":"https:\/\/api.w.org\/{rel}","templated":true}]}}