{"id":323808,"date":"2024-10-01T09:41:33","date_gmt":"2024-10-01T08:41:33","guid":{"rendered":"https:\/\/zakrasnejsivimperk.cz\/?p=323808"},"modified":"2024-10-01T09:41:33","modified_gmt":"2024-10-01T08:41:33","slug":"z-prvni-ruky-spotreba-domacnosti-mezictvrtletne-stoupla-o-08","status":"publish","type":"post","link":"https:\/\/zakrasnejsivimperk.cz\/?p=323808","title":{"rendered":"Z PRVN\u00cd RUKY: Spot\u0159eba\u202fdom\u00e1cnost\u00ed\u202fmezi\u010dtvrtletn\u011b\u202fstoupla\u202fo\u202f0,8\u202f%"},"content":{"rendered":"<h6><img loading=\"lazy\" decoding=\"async\" class=\"size-medium wp-image-219756 alignleft\" src=\"https:\/\/zakrasnejsivimperk.cz\/wp-content\/uploads\/2021\/03\/29\/\u010ds\u00fa-logo-300x81.png\" alt=\"\" width=\"300\" height=\"81\" srcset=\"https:\/\/zakrasnejsivimperk.cz\/wp-content\/uploads\/2021\/03\/29\/\u010ds\u00fa-logo-300x81.png 300w, https:\/\/zakrasnejsivimperk.cz\/wp-content\/uploads\/2021\/03\/29\/\u010ds\u00fa-logo-768x208.png 768w, https:\/\/zakrasnejsivimperk.cz\/wp-content\/uploads\/2021\/03\/29\/\u010ds\u00fa-logo-1024x277.png 1024w, https:\/\/zakrasnejsivimperk.cz\/wp-content\/uploads\/2021\/03\/29\/\u010ds\u00fa-logo.png 1280w\" sizes=\"(max-width: 300px) 100vw, 300px\" \/>Podle sez\u00f3nn\u011b o\u010di\u0161t\u011bn\u00fdch \u00fadaj\u016f \u00fahrn pen\u011b\u017en\u00edch a nepen\u011b\u017en\u00edch p\u0159\u00edjm\u016f dom\u00e1cnost\u00ed proti p\u0159edchoz\u00edmu \u010dtvrtlet\u00ed re\u00e1ln\u011b klesl o 0,1 %. Re\u00e1ln\u00e1 spot\u0159eba na obyvatele mezi\u010dtvrtletn\u011b stoupla o 0,8 % a m\u00edra \u00faspor stoupla o 0,3 procentn\u00edho bodu. M\u00edra investic nefinan\u010dn\u00edch podnik\u016f stoupla proti p\u0159edchoz\u00edmu \u010dtvrtlet\u00ed o 0,6 procentn\u00edho bodu.<\/h6>\n<p><em>\u201eV druh\u00e9m \u010dtvrtlet\u00ed tohoto roku vzrostly meziro\u010dn\u011b v\u00fddaje dom\u00e1cnost\u00ed o 1,7 %, a jejich p\u0159\u00edjmy stouply o 0,4 %,\u201c<\/em>\u00a0sd\u011blil Vladim\u00edr Kermiet, \u0159editel odboru n\u00e1rodn\u00edch \u00fa\u010dt\u016f \u010cS\u00da.<\/p>\n<p>Sou\u010dasn\u011b byl zp\u0159esn\u011bn odhad hrub\u00e9ho dom\u00e1c\u00edho produktu (HDP). HDP v 2.\u202f\u010dtvrtlet\u00ed\u202f2024 mezi\u010dtvrtletn\u011b stoupl o 0,4 % a meziro\u010dn\u011b o\u202f0,6 %.<\/p>\n<p>Podrobnosti: <a href=\"https:\/\/csu.gov.cz\/rychle-informace\/ctvrtletni-sektorove-ucty-2-ctvrtleti-2024\" target=\"_blank\" rel=\"noopener\"><strong>https:\/\/csu.gov.cz\/rychle-informace\/ctvrtletni-sektorove-ucty-2-ctvrtleti-2024<\/strong><\/a><\/p>\n<p><strong>(tz-\u010ds\u00fa)<\/strong><\/p>\n<hr \/>\n<p>&nbsp;<\/p>\n<h6>Informujeme:<\/h6>\n<h4><a href=\"https:\/\/zakrasnejsivimperk.cz\/?p=323799\" target=\"_blank\" rel=\"noopener\">P\u0158E\u010cT\u011aTE SI U N\u00c1S: Den\u00edk Metro \u2013 1. \u0159\u00edjna 2024<\/a><\/h4>\n<h4 class=\"entry-title\"><a href=\"https:\/\/zakrasnejsivimperk.cz\/?p=323732\" target=\"_blank\" rel=\"noopener\">Nov\u00ed dr\u017eitel\u00e9 zna\u010dky kvality Region\u00e1ln\u00ed potravina Jiho\u010desk\u00e9ho kraje<\/a><\/h4>\n<h4 class=\"entry-title\"><a href=\"https:\/\/zakrasnejsivimperk.cz\/?p=323727\" target=\"_blank\" rel=\"noopener\">V Jiho\u010desk\u00e9m kraji bylo k 39. t\u00fddnu potvrzeno 2 894 p\u0159\u00edpad\u016f \u010dern\u00e9ho ka\u0161le, p\u0159ib\u00fdv\u00e1 sp\u00ed\u0161e mezi dosp\u011bl\u00fdmi<\/a><\/h4>\n<h4 class=\"entry-title\"><a href=\"https:\/\/zakrasnejsivimperk.cz\/?p=323703\" target=\"_blank\" rel=\"noopener\">D\u00e1lni\u010dn\u00ed s\u00ed\u0165 se rozroste o sto kilometr\u016f, cena d\u00e1lni\u010dn\u00ed zn\u00e1mky se od p\u0159\u00ed\u0161t\u00edho roku zm\u011bn\u00ed<\/a><\/h4>\n<h4 class=\"entry-title\"><a href=\"https:\/\/zakrasnejsivimperk.cz\/?p=323662\" target=\"_blank\" rel=\"noopener\">Celkov\u00e9 environment\u00e1ln\u00ed v\u00fddaje loni p\u0159es\u00e1hly 130 miliard<\/a><\/h4>\n<h4 class=\"entry-title\"><a href=\"https:\/\/zakrasnejsivimperk.cz\/?p=323659\" target=\"_blank\" rel=\"noopener\">Nedostatky z d\u0159\u00edv\u011bj\u0161\u00edch kontrol NK\u00da se Ministerstvu obrany nepoda\u0159ilo zcela napravit. Z 11 opat\u0159en\u00ed nebyla \u010dty\u0159i spln\u011bna v\u016fbec a dal\u0161\u00ed dv\u011b jen \u010d\u00e1ste\u010dn\u011b<\/a><\/h4>\n<hr \/>\n<p>&nbsp;<\/p>\n","protected":false},"excerpt":{"rendered":"<p>Podle sez\u00f3nn\u011b <\/p>\n","protected":false},"author":2,"featured_media":323809,"comment_status":"open","ping_status":"open","sticky":false,"template":"","format":"gallery","meta":{"footnotes":""},"categories":[70],"tags":[],"jetpack_featured_media_url":"https:\/\/zakrasnejsivimperk.cz\/wp-content\/uploads\/2024\/10\/01\/z-ruky-csu.jpg","_links":{"self":[{"href":"https:\/\/zakrasnejsivimperk.cz\/index.php?rest_route=\/wp\/v2\/posts\/323808"}],"collection":[{"href":"https:\/\/zakrasnejsivimperk.cz\/index.php?rest_route=\/wp\/v2\/posts"}],"about":[{"href":"https:\/\/zakrasnejsivimperk.cz\/index.php?rest_route=\/wp\/v2\/types\/post"}],"author":[{"embeddable":true,"href":"https:\/\/zakrasnejsivimperk.cz\/index.php?rest_route=\/wp\/v2\/users\/2"}],"replies":[{"embeddable":true,"href":"https:\/\/zakrasnejsivimperk.cz\/index.php?rest_route=%2Fwp%2Fv2%2Fcomments&post=323808"}],"version-history":[{"count":1,"href":"https:\/\/zakrasnejsivimperk.cz\/index.php?rest_route=\/wp\/v2\/posts\/323808\/revisions"}],"predecessor-version":[{"id":323810,"href":"https:\/\/zakrasnejsivimperk.cz\/index.php?rest_route=\/wp\/v2\/posts\/323808\/revisions\/323810"}],"wp:featuredmedia":[{"embeddable":true,"href":"https:\/\/zakrasnejsivimperk.cz\/index.php?rest_route=\/wp\/v2\/media\/323809"}],"wp:attachment":[{"href":"https:\/\/zakrasnejsivimperk.cz\/index.php?rest_route=%2Fwp%2Fv2%2Fmedia&parent=323808"}],"wp:term":[{"taxonomy":"category","embeddable":true,"href":"https:\/\/zakrasnejsivimperk.cz\/index.php?rest_route=%2Fwp%2Fv2%2Fcategories&post=323808"},{"taxonomy":"post_tag","embeddable":true,"href":"https:\/\/zakrasnejsivimperk.cz\/index.php?rest_route=%2Fwp%2Fv2%2Ftags&post=323808"}],"curies":[{"name":"wp","href":"https:\/\/api.w.org\/{rel}","templated":true}]}}