{"id":323732,"date":"2024-09-30T15:52:57","date_gmt":"2024-09-30T14:52:57","guid":{"rendered":"https:\/\/zakrasnejsivimperk.cz\/?p=323732"},"modified":"2024-09-30T15:55:14","modified_gmt":"2024-09-30T14:55:14","slug":"aktualne-novi-drzitele-znacky-kvality-regionalni-potravina-jihoceskeho-kraje","status":"publish","type":"post","link":"https:\/\/zakrasnejsivimperk.cz\/?p=323732","title":{"rendered":"AKTU\u00c1LN\u011a: Nov\u00ed dr\u017eitel\u00e9 zna\u010dky kvality Region\u00e1ln\u00ed potravina Jiho\u010desk\u00e9ho kraje"},"content":{"rendered":"<h6><img loading=\"lazy\" decoding=\"async\" class=\"size-medium wp-image-307173 alignleft\" src=\"https:\/\/zakrasnejsivimperk.cz\/wp-content\/uploads\/2024\/05\/13\/regionalni-potravina-jc-kraj-logo-277x300.jpg\" alt=\"\" width=\"277\" height=\"300\" srcset=\"https:\/\/zakrasnejsivimperk.cz\/wp-content\/uploads\/2024\/05\/13\/regionalni-potravina-jc-kraj-logo-277x300.jpg 277w, https:\/\/zakrasnejsivimperk.cz\/wp-content\/uploads\/2024\/05\/13\/regionalni-potravina-jc-kraj-logo-330x357.jpg 330w, https:\/\/zakrasnejsivimperk.cz\/wp-content\/uploads\/2024\/05\/13\/regionalni-potravina-jc-kraj-logo.jpg 354w\" sizes=\"(max-width: 277px) 100vw, 277px\" \/>Praha 30. z\u00e1\u0159\u00ed 2024 \u2013 Presti\u017en\u00ed ocen\u011bn\u00ed Region\u00e1ln\u00ed potravina Jiho\u010desk\u00e9ho kraje p\u0159evzali v\u00edt\u011bzn\u00ed lok\u00e1ln\u00ed producenti od n\u00e1m\u011bstka ministra zem\u011bd\u011blstv\u00ed Miroslava Sk\u0159iv\u00e1nka, \u0159editelky Region\u00e1ln\u00edho odboru SZIF \u010cesk\u00e9 Bud\u011bjovice Drahoslavy Brabcov\u00e9 a \u0159editele Krajsk\u00e9 veterin\u00e1rn\u00ed spr\u00e1vy SVS pro Jiho\u010desk\u00fd kraj Franti\u0161ka Kouby na Slavnostn\u00edm vyhl\u00e1\u0161en\u00ed v sobotu 28. z\u00e1\u0159\u00ed v T\u0159eboni.<\/h6>\n<h6>Komise vyb\u00edrala z celkem 103 p\u0159ihl\u00e1\u0161en\u00fdch produkt\u016f od 28 v\u00fdrobc\u016f. Mezi ocen\u011bn\u00fdmi je v\u011bne\u010dek z odpalovan\u00e9ho t\u011bsta, jogurt bez konzervant\u016f i kol\u00e1\u010d vyroben\u00fd podle star\u00e9ho rodinn\u00e9ho receptu.<\/h6>\n<p><img loading=\"lazy\" decoding=\"async\" class=\"aligncenter wp-image-323733 size-full\" src=\"https:\/\/zakrasnejsivimperk.cz\/wp-content\/uploads\/2024\/09\/30\/znacka-kvality-24-1.jpg\" alt=\"\" width=\"752\" height=\"468\" srcset=\"https:\/\/zakrasnejsivimperk.cz\/wp-content\/uploads\/2024\/09\/30\/znacka-kvality-24-1.jpg 752w, https:\/\/zakrasnejsivimperk.cz\/wp-content\/uploads\/2024\/09\/30\/znacka-kvality-24-1-300x187.jpg 300w, https:\/\/zakrasnejsivimperk.cz\/wp-content\/uploads\/2024\/09\/30\/znacka-kvality-24-1-574x357.jpg 574w\" sizes=\"(max-width: 752px) 100vw, 752px\" \/><\/p>\n<p><img loading=\"lazy\" decoding=\"async\" class=\"aligncenter wp-image-323734 size-full\" src=\"https:\/\/zakrasnejsivimperk.cz\/wp-content\/uploads\/2024\/09\/30\/znacka-kvality-24-2.jpg\" alt=\"\" width=\"740\" height=\"468\" srcset=\"https:\/\/zakrasnejsivimperk.cz\/wp-content\/uploads\/2024\/09\/30\/znacka-kvality-24-2.jpg 740w, https:\/\/zakrasnejsivimperk.cz\/wp-content\/uploads\/2024\/09\/30\/znacka-kvality-24-2-300x190.jpg 300w, https:\/\/zakrasnejsivimperk.cz\/wp-content\/uploads\/2024\/09\/30\/znacka-kvality-24-2-564x357.jpg 564w\" sizes=\"(max-width: 740px) 100vw, 740px\" \/><\/p>\n<p>&nbsp;<\/p>\n<p><em>\u201eJsem moc r\u00e1da, \u017ee jsem se z\u00fa\u010dastnila sout\u011b\u017ee Region\u00e1ln\u00ed potravina. Proto\u017ee mi z\u00e1le\u017e\u00ed na tom, abychom jedli l\u00e9pe, tak jsem se rozhodla p\u0159ihl\u00e1sit. Cht\u011bla jsem toti\u017e uk\u00e1zat, \u017ee sta\u010d\u00ed recepty po babi\u010dce v kombinaci s kvalitn\u00edmi surovinami a ve v\u00fdsledku m\u00e1te \u00fa\u017easn\u00e9 j\u00eddlo, \u010di z\u00e1kusek,\u201c<\/em> \u0159\u00edk\u00e1 v\u00edt\u011bzka sout\u011b\u017ee Region\u00e1ln\u00ed potravina Jiho\u010desk\u00e9ho kraje v kategorii Cukr\u00e1\u0159sk\u00e9 v\u00fdrobky v\u010detn\u011b cukrovinek pan\u00ed Mark\u00e9ta Ko\u0159\u00ednkov\u00e1.<\/p>\n<p><strong>Text a foto: (tz-szif)<\/strong><\/p>\n<p>&nbsp;<\/p>\n<p><img loading=\"lazy\" decoding=\"async\" class=\"aligncenter wp-image-323740 size-full\" src=\"https:\/\/zakrasnejsivimperk.cz\/wp-content\/uploads\/2024\/09\/30\/drzitele-znacky-kvality-24.jpg\" alt=\"\" width=\"1198\" height=\"763\" srcset=\"https:\/\/zakrasnejsivimperk.cz\/wp-content\/uploads\/2024\/09\/30\/drzitele-znacky-kvality-24.jpg 1198w, https:\/\/zakrasnejsivimperk.cz\/wp-content\/uploads\/2024\/09\/30\/drzitele-znacky-kvality-24-300x191.jpg 300w, https:\/\/zakrasnejsivimperk.cz\/wp-content\/uploads\/2024\/09\/30\/drzitele-znacky-kvality-24-1024x652.jpg 1024w, https:\/\/zakrasnejsivimperk.cz\/wp-content\/uploads\/2024\/09\/30\/drzitele-znacky-kvality-24-768x489.jpg 768w, https:\/\/zakrasnejsivimperk.cz\/wp-content\/uploads\/2024\/09\/30\/drzitele-znacky-kvality-24-100x65.jpg 100w, https:\/\/zakrasnejsivimperk.cz\/wp-content\/uploads\/2024\/09\/30\/drzitele-znacky-kvality-24-561x357.jpg 561w, https:\/\/zakrasnejsivimperk.cz\/wp-content\/uploads\/2024\/09\/30\/drzitele-znacky-kvality-24-758x483.jpg 758w\" sizes=\"(max-width: 1198px) 100vw, 1198px\" \/><\/p>\n<hr \/>\n<p>&nbsp;<\/p>\n<h6>Informujeme:<\/h6>\n<h4 class=\"entry-title\"><a href=\"https:\/\/zakrasnejsivimperk.cz\/?p=323727\" target=\"_blank\" rel=\"noopener\">V Jiho\u010desk\u00e9m kraji bylo k 39. t\u00fddnu potvrzeno 2 894 p\u0159\u00edpad\u016f \u010dern\u00e9ho ka\u0161le, p\u0159ib\u00fdv\u00e1 sp\u00ed\u0161e mezi dosp\u011bl\u00fdmi<\/a><\/h4>\n<h4 class=\"entry-title\"><a href=\"https:\/\/zakrasnejsivimperk.cz\/?p=323703\" target=\"_blank\" rel=\"noopener\">D\u00e1lni\u010dn\u00ed s\u00ed\u0165 se rozroste o sto kilometr\u016f, cena d\u00e1lni\u010dn\u00ed zn\u00e1mky se od p\u0159\u00ed\u0161t\u00edho roku zm\u011bn\u00ed<\/a><\/h4>\n<h4 class=\"entry-title\"><a href=\"https:\/\/zakrasnejsivimperk.cz\/?p=323662\" target=\"_blank\" rel=\"noopener\">Celkov\u00e9 environment\u00e1ln\u00ed v\u00fddaje loni p\u0159es\u00e1hly 130 miliard<\/a><\/h4>\n<h4 class=\"entry-title\"><a href=\"https:\/\/zakrasnejsivimperk.cz\/?p=323659\" target=\"_blank\" rel=\"noopener\">Nedostatky z d\u0159\u00edv\u011bj\u0161\u00edch kontrol NK\u00da se Ministerstvu obrany nepoda\u0159ilo zcela napravit. Z 11 opat\u0159en\u00ed nebyla \u010dty\u0159i spln\u011bna v\u016fbec a dal\u0161\u00ed dv\u011b jen \u010d\u00e1ste\u010dn\u011b<\/a><\/h4>\n<h4><a href=\"https:\/\/zakrasnejsivimperk.cz\/?p=323642\" target=\"_blank\" rel=\"noopener\">P\u0158E\u010cT\u011aTE SI U N\u00c1S: Den\u00edk Metro \u2013 30. z\u00e1\u0159\u00ed 2024<\/a><\/h4>\n<h4><a href=\"https:\/\/zakrasnejsivimperk.cz\/?p=323602\" target=\"_blank\" rel=\"noopener\">KOMENT\u00c1\u0158 NA S\u00cdTI: ad Premi\u00e9r Petr Fiala<\/a><\/h4>\n<h4><a href=\"https:\/\/zakrasnejsivimperk.cz\/?p=323570\" target=\"_blank\" rel=\"noopener\">Voli\u010di obm\u011bnili slo\u017een\u00ed t\u0159etiny Sen\u00e1tu<\/a><\/h4>\n<hr \/>\n<p>&nbsp;<\/p>\n","protected":false},"excerpt":{"rendered":"<p>Praha 30. <\/p>\n","protected":false},"author":2,"featured_media":323737,"comment_status":"open","ping_status":"open","sticky":false,"template":"","format":"gallery","meta":{"footnotes":""},"categories":[179],"tags":[],"jetpack_featured_media_url":"https:\/\/zakrasnejsivimperk.cz\/wp-content\/uploads\/2024\/09\/30\/nove-drzitele.jpg","_links":{"self":[{"href":"https:\/\/zakrasnejsivimperk.cz\/index.php?rest_route=\/wp\/v2\/posts\/323732"}],"collection":[{"href":"https:\/\/zakrasnejsivimperk.cz\/index.php?rest_route=\/wp\/v2\/posts"}],"about":[{"href":"https:\/\/zakrasnejsivimperk.cz\/index.php?rest_route=\/wp\/v2\/types\/post"}],"author":[{"embeddable":true,"href":"https:\/\/zakrasnejsivimperk.cz\/index.php?rest_route=\/wp\/v2\/users\/2"}],"replies":[{"embeddable":true,"href":"https:\/\/zakrasnejsivimperk.cz\/index.php?rest_route=%2Fwp%2Fv2%2Fcomments&post=323732"}],"version-history":[{"count":4,"href":"https:\/\/zakrasnejsivimperk.cz\/index.php?rest_route=\/wp\/v2\/posts\/323732\/revisions"}],"predecessor-version":[{"id":323742,"href":"https:\/\/zakrasnejsivimperk.cz\/index.php?rest_route=\/wp\/v2\/posts\/323732\/revisions\/323742"}],"wp:featuredmedia":[{"embeddable":true,"href":"https:\/\/zakrasnejsivimperk.cz\/index.php?rest_route=\/wp\/v2\/media\/323737"}],"wp:attachment":[{"href":"https:\/\/zakrasnejsivimperk.cz\/index.php?rest_route=%2Fwp%2Fv2%2Fmedia&parent=323732"}],"wp:term":[{"taxonomy":"category","embeddable":true,"href":"https:\/\/zakrasnejsivimperk.cz\/index.php?rest_route=%2Fwp%2Fv2%2Fcategories&post=323732"},{"taxonomy":"post_tag","embeddable":true,"href":"https:\/\/zakrasnejsivimperk.cz\/index.php?rest_route=%2Fwp%2Fv2%2Ftags&post=323732"}],"curies":[{"name":"wp","href":"https:\/\/api.w.org\/{rel}","templated":true}]}}